{"id":10434,"date":"2019-01-22T07:43:19","date_gmt":"2019-01-22T10:43:19","guid":{"rendered":"http:\/\/www.muricionline.com.br\/novo\/?p=10434"},"modified":"2019-01-22T07:43:19","modified_gmt":"2019-01-22T10:43:19","slug":"prefeitura-de-uniao-dos-palmares-recebera-festejos-de-santa-maria-madalena-com-investimentos-estruturais-e-turisticos","status":"publish","type":"post","link":"http:\/\/www.muricionline.com.br\/novo\/?p=10434","title":{"rendered":"Prefeitura de Uni\u00e3o dos Palmares receber\u00e1 festejos de Santa Maria Madalena com investimentos estruturais e tur\u00edsticos"},"content":{"rendered":"<p>Os preparativos para mais um ano dos festejos de Santa Maria Madalena seguem com tudo em Uni\u00e3o dos Palmares. Tradi\u00e7\u00e3o que se mant\u00e9m integrada ao calend\u00e1rio do munic\u00edpio h\u00e1 quase duas d\u00e9cadas, \u00e9 uma das maiores atratividades religiosa e art\u00edsticas de toda a Zona da Mata Alagoana. Para recepcionar os eventos, a Prefeitura vem realizando reparos estruturais na pra\u00e7a Basiliano Sarmento, que \u00e9 palco de grande maioria da programa\u00e7\u00e3o.<\/p>\n<p>Entre as melhorias da revitaliza\u00e7\u00e3o da pra\u00e7a, a Secretaria de Infraestrutura reformou os banheiros, alvo frequente de reclama\u00e7\u00e3o em anos anteriores, para proporcionar mais higiene, fez recupera\u00e7\u00e3o de cal\u00e7amento, pintura de corrim\u00e3os e do piso da pra\u00e7a, que est\u00e1 sendo conclu\u00eddo pela equipe do secret\u00e1rio Junior Menezes. Houve tamb\u00e9m mudan\u00e7as na ilumina\u00e7\u00e3o do local, o superintende respons\u00e1vel, Carlos Bas\u00edlio (Macarr\u00e3o), implantou l\u00e2mpadas de led nos postes laterais.<\/p>\n<p><strong><\/strong><a href=\"http:\/\/www.muricionline.com.br\/novo\/wp-content\/uploads\/2019\/01\/IMG-20190122-WA0004.jpg\"><img loading=\"lazy\" decoding=\"async\" class=\"aligncenter size-full wp-image-10439\" src=\"http:\/\/www.muricionline.com.br\/novo\/wp-content\/uploads\/2019\/01\/IMG-20190122-WA0004.jpg\" alt=\"\" width=\"1280\" height=\"960\" srcset=\"http:\/\/www.muricionline.com.br\/novo\/wp-content\/uploads\/2019\/01\/IMG-20190122-WA0004.jpg 1280w, http:\/\/www.muricionline.com.br\/novo\/wp-content\/uploads\/2019\/01\/IMG-20190122-WA0004-300x225.jpg 300w, http:\/\/www.muricionline.com.br\/novo\/wp-content\/uploads\/2019\/01\/IMG-20190122-WA0004-768x576.jpg 768w, http:\/\/www.muricionline.com.br\/novo\/wp-content\/uploads\/2019\/01\/IMG-20190122-WA0004-1024x768.jpg 1024w\" sizes=\"(max-width: 1280px) 100vw, 1280px\" \/><\/a><\/p>\n<p><strong>Quanto mais, melhor.<\/strong><\/p>\n<p>Kil de Freitas, prefeito do munic\u00edpio, define que os festejos, al\u00e9m de toda import\u00e2ncia religiosa e afetiva que t\u00eam para os palmarinos, s\u00e3o de grande potencial tur\u00edstico e atraem fi\u00e9is e turistas de diversos lugares do estado. \u201cN\u00e3o poder\u00edamos deixar de dar um suporte que n\u00e3o fosse \u00e0 altura do prest\u00edgio que esse evento tem em toda a regi\u00e3o. Junta toda a sociedade palmarina e ainda nos traz visitantes de todo canto. Isso aquece demais a economia, nosso com\u00e9rcio\u201d, disse o gestor.<\/p>\n<p>Na programa\u00e7\u00e3o art\u00edstica, a Prefeitura aposta tanto em atra\u00e7\u00f5es de peso nacional como na valoriza\u00e7\u00e3o de artistas da terra, patrocinando os shows de, respectivamente, Wallas Arrais, Garota Sertaneja e Roberto Almeira, dia 1 de fevereiro, e Dorgival Dantas, Caio Ba\u00eda e Pitu \u2013 O Rei de Farra no \u00faltimo dia de festa, 2 de fevereiro.<\/p>\n<p><a href=\"http:\/\/www.muricionline.com.br\/novo\/wp-content\/uploads\/2019\/01\/IMG-20190122-WA0007.jpg\"><img loading=\"lazy\" decoding=\"async\" class=\"aligncenter size-full wp-image-10436\" src=\"http:\/\/www.muricionline.com.br\/novo\/wp-content\/uploads\/2019\/01\/IMG-20190122-WA0007.jpg\" alt=\"\" width=\"1280\" height=\"853\" srcset=\"http:\/\/www.muricionline.com.br\/novo\/wp-content\/uploads\/2019\/01\/IMG-20190122-WA0007.jpg 1280w, http:\/\/www.muricionline.com.br\/novo\/wp-content\/uploads\/2019\/01\/IMG-20190122-WA0007-300x200.jpg 300w, http:\/\/www.muricionline.com.br\/novo\/wp-content\/uploads\/2019\/01\/IMG-20190122-WA0007-768x512.jpg 768w, http:\/\/www.muricionline.com.br\/novo\/wp-content\/uploads\/2019\/01\/IMG-20190122-WA0007-1024x682.jpg 1024w\" sizes=\"(max-width: 1280px) 100vw, 1280px\" \/><\/a><\/p>\n<p>Para impulsionar o turismo, Kil inclusive j\u00e1 deu aval para a veicula\u00e7\u00e3o de outdoors em pontos estrat\u00e9gicos da capital alagoana, Macei\u00f3, dispon\u00edveis at\u00e9 a quarta-feira, 23. \u201cAcredito que esse ano vamos bater recorde de p\u00fablico\u201d, finaliza Kil, que conseguiu viabilizar recursos com a Secretaria de Cultura do Estado para ajudar na log\u00edstica f\u00edsica da festa.<\/p>\n<p>&nbsp;<\/p>\n<p><strong>Tradi\u00e7\u00e3o que se renova anos ap\u00f3s ano.<\/strong><\/p>\n<p>Kil acompanhou a abertura oficial dos festejos, a prociss\u00e3o do mastro, ao lado do deputado federal Isnaldo Bulh\u00f5es, no \u00faltimo domingo, 20. Milhares de fi\u00e9is estavam presentes na prociss\u00e3o, que fez o tradicional percurso por ruas e avenidas da cidade at\u00e9 a igreja matriz Santa Maria Madalena, quando os fi\u00e9is conduziram um mastro at\u00e9 ser erguido no destino final.<\/p>\n<p><a href=\"http:\/\/www.muricionline.com.br\/novo\/wp-content\/uploads\/2019\/01\/IMG-20190122-WA0006.jpg\"><img loading=\"lazy\" decoding=\"async\" class=\"aligncenter size-full wp-image-10437\" src=\"http:\/\/www.muricionline.com.br\/novo\/wp-content\/uploads\/2019\/01\/IMG-20190122-WA0006.jpg\" alt=\"\" width=\"1280\" height=\"720\" srcset=\"http:\/\/www.muricionline.com.br\/novo\/wp-content\/uploads\/2019\/01\/IMG-20190122-WA0006.jpg 1280w, http:\/\/www.muricionline.com.br\/novo\/wp-content\/uploads\/2019\/01\/IMG-20190122-WA0006-300x169.jpg 300w, http:\/\/www.muricionline.com.br\/novo\/wp-content\/uploads\/2019\/01\/IMG-20190122-WA0006-768x432.jpg 768w, http:\/\/www.muricionline.com.br\/novo\/wp-content\/uploads\/2019\/01\/IMG-20190122-WA0006-1024x576.jpg 1024w\" sizes=\"(max-width: 1280px) 100vw, 1280px\" \/><\/a><\/p>\n<p><strong>Confira a programa\u00e7\u00e3o completa de 23\/01 \u00e0 02\/02 (Pra\u00e7a Basiliano Sarmento)<\/strong><\/p>\n<p>&nbsp;<\/p>\n<p><strong>Religiosa:<\/strong><br \/>\n23\/01 \u2013 Missa solene de abertura da festa \u2013 19h<br \/>\nProciss\u00e3o luminosa da bandeira<br \/>\n24\/01 a 01\/02 \u2013 Noven\u00e1rio \u2013 19h30<br \/>\n27\/01 \u2013 Leil\u00e3o de gado \u2013 14h<br \/>\n02\/01 \u2013 Missa solene \u2013 09h<br \/>\nProciss\u00e3o solene \u2013 16h<br \/>\n03\/01 \u2013 Celebra\u00e7\u00e3o eucar\u00edstica \u2013 19h<br \/>\nDescerramento da bandeira<\/p>\n<p>&nbsp;<\/p>\n<p><strong>Musical:<\/strong><br \/>\n24\/01 \u2013 Gil de S\u00e1 e Forroz\u00e3o das Antigas<br \/>\n25\/01 \u2013 Jarbas Leite e Banda H\u00e9banos<br \/>\n26\/01 \u2013 Caio e Hugo, Missinho e Banda O Disco<br \/>\n27\/01 \u2013 Netinho Talism\u00e3 e Banda Time Machine<br \/>\n28\/01 \u2013 Balan\u00e7o.com e Cordeiro e Banda Ch\u00e3o Batido<br \/>\n29\/01 \u2013 Thiago Correia e Banda Tuareg\u2019s<br \/>\n30\/01 \u2013 Marlon Rossy e Eduardo Pollozi<br \/>\n31\/01 \u2013 Tyko Black e Banda Contagio Tropical<br \/>\n01\/02 \u2013 Roberto Almeida, Garota Sertaneja e Wallas Arrais<br \/>\n02\/02 \u2013 Pitu Rei da Farra, Caio Ba\u00eda e Dorgival Dantas<\/p>\n<p><a href=\"http:\/\/www.muricionline.com.br\/novo\/wp-content\/uploads\/2019\/01\/IMG-20190122-WA0009.jpg\"><img loading=\"lazy\" decoding=\"async\" class=\"aligncenter size-full wp-image-10438\" src=\"http:\/\/www.muricionline.com.br\/novo\/wp-content\/uploads\/2019\/01\/IMG-20190122-WA0009.jpg\" alt=\"\" width=\"1280\" height=\"720\" srcset=\"http:\/\/www.muricionline.com.br\/novo\/wp-content\/uploads\/2019\/01\/IMG-20190122-WA0009.jpg 1280w, http:\/\/www.muricionline.com.br\/novo\/wp-content\/uploads\/2019\/01\/IMG-20190122-WA0009-300x169.jpg 300w, http:\/\/www.muricionline.com.br\/novo\/wp-content\/uploads\/2019\/01\/IMG-20190122-WA0009-768x432.jpg 768w, http:\/\/www.muricionline.com.br\/novo\/wp-content\/uploads\/2019\/01\/IMG-20190122-WA0009-1024x576.jpg 1024w\" sizes=\"(max-width: 1280px) 100vw, 1280px\" \/><\/a><\/p>\n<p>&nbsp;<\/p>\n<p>Com Assessoria<\/p>\n<span style=\"clear:both;display:none;\"><img src=\"http:\/\/www.muricionline.com.br\/novo\/wp-content\/plugins\/wp-spamfree\/img\/wpsf-img.php\" width=\"0\" height=\"0\" alt=\"\" style=\"border-style:none;width:0px;height:0px;display:none;\" \/><\/span>","protected":false},"excerpt":{"rendered":"<p>Os preparativos para mais um ano dos festejos de Santa Maria Madalena seguem com tudo em Uni\u00e3o dos Palmares. Tradi\u00e7\u00e3o que se mant\u00e9m integrada ao calend\u00e1rio do munic\u00edpio h\u00e1 quase duas d\u00e9cadas, \u00e9 uma das maiores atratividades religiosa e art\u00edsticas de toda a Zona da Mata Alagoana. Para recepcionar os eventos, a Prefeitura vem realizando&#8230;<\/p>\n","protected":false},"author":1,"featured_media":10435,"comment_status":"open","ping_status":"open","sticky":false,"template":"","format":"standard","meta":{"footnotes":""},"categories":[8],"tags":[],"_links":{"self":[{"href":"http:\/\/www.muricionline.com.br\/novo\/index.php?rest_route=\/wp\/v2\/posts\/10434"}],"collection":[{"href":"http:\/\/www.muricionline.com.br\/novo\/index.php?rest_route=\/wp\/v2\/posts"}],"about":[{"href":"http:\/\/www.muricionline.com.br\/novo\/index.php?rest_route=\/wp\/v2\/types\/post"}],"author":[{"embeddable":true,"href":"http:\/\/www.muricionline.com.br\/novo\/index.php?rest_route=\/wp\/v2\/users\/1"}],"replies":[{"embeddable":true,"href":"http:\/\/www.muricionline.com.br\/novo\/index.php?rest_route=%2Fwp%2Fv2%2Fcomments&post=10434"}],"version-history":[{"count":1,"href":"http:\/\/www.muricionline.com.br\/novo\/index.php?rest_route=\/wp\/v2\/posts\/10434\/revisions"}],"predecessor-version":[{"id":10440,"href":"http:\/\/www.muricionline.com.br\/novo\/index.php?rest_route=\/wp\/v2\/posts\/10434\/revisions\/10440"}],"wp:featuredmedia":[{"embeddable":true,"href":"http:\/\/www.muricionline.com.br\/novo\/index.php?rest_route=\/wp\/v2\/media\/10435"}],"wp:attachment":[{"href":"http:\/\/www.muricionline.com.br\/novo\/index.php?rest_route=%2Fwp%2Fv2%2Fmedia&parent=10434"}],"wp:term":[{"taxonomy":"category","embeddable":true,"href":"http:\/\/www.muricionline.com.br\/novo\/index.php?rest_route=%2Fwp%2Fv2%2Fcategories&post=10434"},{"taxonomy":"post_tag","embeddable":true,"href":"http:\/\/www.muricionline.com.br\/novo\/index.php?rest_route=%2Fwp%2Fv2%2Ftags&post=10434"}],"curies":[{"name":"wp","href":"https:\/\/api.w.org\/{rel}","templated":true}]}}