{"id":10536,"date":"2019-02-15T07:50:15","date_gmt":"2019-02-15T10:50:15","guid":{"rendered":"http:\/\/www.muricionline.com.br\/novo\/?p=10536"},"modified":"2019-02-15T07:50:15","modified_gmt":"2019-02-15T10:50:15","slug":"rei-pele-tera-complexo-esportivo-e-vai-ganhar-melhorias-estruturais","status":"publish","type":"post","link":"http:\/\/www.muricionline.com.br\/novo\/?p=10536","title":{"rendered":"Rei Pel\u00e9 ter\u00e1 Complexo Esportivo e vai ganhar melhorias estruturais"},"content":{"rendered":"<div class=\"itemHeader\">&nbsp;<\/div>\n<div class=\"itemBody\">\n<div class=\"itemFullText\">\n<p class=\"m-6352064405638362145ydp48392b6emsonormal\">O governador Renan Filho e a secret\u00e1ria de Estado do Esporte, Lazer e Juventude, Claudia Petuba, assinaram, nesta quarta-feira (13), as ordens de servi\u00e7o para a constru\u00e7\u00e3o do Complexo Esportivo Rei Pel\u00e9 e para execu\u00e7\u00e3o de obras e servi\u00e7os de manuten\u00e7\u00e3o predial do Trapich\u00e3o com vistas \u00e0 realiza\u00e7\u00e3o dos jogos da S\u00e9rie A do Campeonato Brasileiro de Futebol 2019.<\/p>\n<p class=\"m-6352064405638362145ydp48392b6emsonormal\">&nbsp;<\/p>\n<p class=\"m-6352064405638362145ydp48392b6emsonormal\">Durante seu discurso, o chefe do Executivo anunciou a constru\u00e7\u00e3o de um Restaurante Popular na \u00e1rea do est\u00e1dio e revelou a inten\u00e7\u00e3o de transform\u00e1-lo, mais adiante, numa moderna arena esportiva. &#8220;Esse (Complexo Esportivo) \u00e9 um investimento com recursos do Governo Federal e acessoriamente vamos tamb\u00e9m preparar o Trapich\u00e3o para estar apto a realizar bons jogos das s\u00e9ries A e B do Campeonato Brasileiro. Um espa\u00e7o dessa natureza tem que ser utilizado pelo maior n\u00famero de pessoas poss\u00edvel, tanto pelo cidad\u00e3o que mora nas imedia\u00e7\u00f5es como por aquele que treina atletismo, que faz artes marciais, pelas federa\u00e7\u00f5es. Assim o Trapich\u00e3o cumpre melhor o seu papel\u201d, ponderou o governador.<\/p>\n<p>&nbsp;<\/p>\n<p class=\"m-6352064405638362145ydp48392b6emsonormal\">O Complexo Esportivo ter\u00e1 investimento de R$ 1.975.248,24, recursos oriundos do Minist\u00e9rio do Esporte. As obras&nbsp;\u2013&nbsp;executadas pela Secretaria de Estado da Infraestrutura (Seinfra) \u2013 ser\u00e3o iniciadas de imediato e o prazo de conclus\u00e3o \u00e9&nbsp;de 12 meses, a partir do in\u00edcio dos servi\u00e7os.&nbsp;O Complexo Esportivo oferecer\u00e1 novos espa\u00e7os para pr\u00e1tica de diversas modalidades, numa \u00e1rea de 3.307,58 m\u00b2. Ter\u00e1 um campo de futebol society, uma quadra poliesportiva coberta, uma piscina semiol\u00edmpica e um doj\u00f4 (espa\u00e7o para pr\u00e1tica de artes marciais), al\u00e9m de toda uma estrutura dotada de banheiros e vesti\u00e1rios.<\/p>\n<p><img decoding=\"async\" class=\"jg_photo\" src=\"http:\/\/agenciaalagoas.al.gov.br\/component\/joomgallery\/image?view=image&amp;format=raw&amp;id=38312&amp;type=img\" alt=\"M\u00e1rcio Ferreira\"><\/p>\n<p class=\"m-6352064405638362145ydp48392b6emsonormal\">\u201cIsso vai qualificar melhor o Trapich\u00e3o, dar mais uso \u00e0 sociedade, moviment\u00e1-lo e depois n\u00f3s queremos trazer para c\u00e1, tamb\u00e9m, um Restaurante Popular para ser utilizado pelas pessoas da parte baixa de Macei\u00f3 e pelos usu\u00e1rios do Hospital Geral do Estado (HGE). Essa (Trapiche) tamb\u00e9m \u00e9 uma \u00e1rea comercial muito forte\u201d, observou o governador.<\/p>\n<p>&nbsp;<\/p>\n<p class=\"m-6352064405638362145ydp48392b6emsonormal\">A secret\u00e1ria Claudia Petuba afirmou que a determina\u00e7\u00e3o do governador Renan Filho \u00e9 tornar o Rei Pel\u00e9 um est\u00e1dio mais seguro, funcional e bonito.&nbsp;\u201cEsses novos espa\u00e7os v\u00e3o refor\u00e7ar a estrutura que existe hoje no sentido de proporcionar mais equipamentos esportivos destinados \u00e0 sociedade. Eles ser\u00e3o disponibilizados aos atletas para que desenvolvam seus treinamentos, para a realiza\u00e7\u00e3o de competi\u00e7\u00f5es e tamb\u00e9m para a comunidade, que ter\u00e1 aulas gratuitas de hidrogin\u00e1stica e de introdu\u00e7\u00e3o \u00e0 nata\u00e7\u00e3o\u201d, citou &nbsp;Claudia Petuba.&nbsp;&nbsp;<\/p>\n<p>&nbsp;<\/p>\n<p class=\"m-6352064405638362145ydp48392b6emsonormal\"><strong>Melhorias<\/strong><\/p>\n<p class=\"m-6352064405638362145ydp48392b6emsonormal\">A solenidade reuniu presidentes de federa\u00e7\u00f5es e associa\u00e7\u00f5es esportivas alagoanas e de clubes de futebol da capital e do interior do Estado. As melhorias na maior pra\u00e7a esportiva de Alagoas, constam no Relat\u00f3rio do Rei Pel\u00e9. O documento foi elaborado pelo Grupo de Trabalho (GT) para Estudo e Desenvolvimento do Futebol Alagoano, institu\u00eddo por meio de decreto governamental no fim do ano passado.<\/p>\n<p>&nbsp;<\/p>\n<p class=\"m-6352064405638362145ydp48392b6emsonormal\">As melhorias visam cumprir requisitos priorit\u00e1rios: seguran\u00e7a, exig\u00eancias da Confedera\u00e7\u00e3o Brasileira de Futebol (CBF), solicita\u00e7\u00e3o dos clubes e da Federa\u00e7\u00e3o Alagoana de Futebol (FAF), al\u00e9m de melhorias de funcionamento do est\u00e1dio. As reformas&nbsp;que constam no Relat\u00f3rio perfazem o montante de R$ 11.938.693,71, investimento que ser\u00e1 acrescido com a inclus\u00e3o no or\u00e7amento de alguns itens que est\u00e3o em fase de elabora\u00e7\u00e3o, a exemplo da manuten\u00e7\u00e3o de todo o sistema el\u00e9trico do est\u00e1dio.<\/p>\n<p>&nbsp;<\/p>\n<p class=\"m-6352064405638362145ydp48392b6emsonormal\">A ordem de servi\u00e7o assinada nesta quarta-feira para manuten\u00e7\u00e3o predial, cujo investimento ser\u00e1 de R$ 4,5 milh\u00f5es, visa atender \u00e0s normas e diretrizes do Manual de Licenciamento da CBF, cujos itens obrigat\u00f3rios para a realiza\u00e7\u00e3o de jogos da S\u00e9rie A ser\u00e3o entregues at\u00e9 o in\u00edcio de abril deste ano, portanto antes da abertura do Campeonato Brasileiro de Futebol 2019.<\/p>\n<p><img decoding=\"async\" class=\"jg_photo\" src=\"http:\/\/agenciaalagoas.al.gov.br\/component\/joomgallery\/image?view=image&amp;format=raw&amp;id=38306&amp;type=img\" alt=\"M\u00e1rcio Ferreira\"><\/p>\n<p class=\"m-6352064405638362145ydp48392b6emsonormal\">Destacam-se entre esses itens a reforma dos vesti\u00e1rios da arbitragem, a implanta\u00e7\u00e3o de uma sala para a realiza\u00e7\u00e3o dos exames antidoping, geradores para os jogos, aquisi\u00e7\u00e3o de novo placar eletr\u00f4nico, sinaliza\u00e7\u00e3o do est\u00e1dio e amplia\u00e7\u00e3o dos bancos de reserva.&nbsp;\u201cPara que a gente receba jogos da S\u00e9rie A, precisamos fazer a aquisi\u00e7\u00e3o de equipamentos como, por exemplo, um novo placar eletr\u00f4nico, ter um sistema de geradores funcionando e disponibilizar e equipar uma sala para a equipe antidoping. Temos a convic\u00e7\u00e3o que vamos preencher todos os itens, mas vamos fazer, tamb\u00e9m, uma s\u00e9rie de outras melhorias que n\u00e3o s\u00e3o obrigat\u00f3rias como \u00e9 o caso da pintura geral e a reforma dos 32 conjuntos de banheiros que s\u00e3o disponibilizados ao p\u00fablico\u201d, revelou Claudia Petuba.<\/p>\n<p>&nbsp;<\/p>\n<p class=\"m-6352064405638362145ydp48392b6emsonormal\">Ela lembrou, ainda, que as obras de constru\u00e7\u00e3o do Complexo Esportivo n\u00e3o v\u00e3o interferir na utiliza\u00e7\u00e3o regular do Rei Pel\u00e9, nem para a realiza\u00e7\u00e3o dos jogos de futebol, uma vez que a edifica\u00e7\u00e3o dos equipamentos acontece em terreno que estava ocioso, onde n\u00e3o h\u00e1 movimenta\u00e7\u00e3o de pessoas e ve\u00edculos.<\/p>\n<p>&nbsp;<\/p>\n<p class=\"m-6352064405638362145ydp48392b6emsonormal\">Em seu discurso, Renan Filho revelou a inten\u00e7\u00e3o de, mais adiante, transformar o est\u00e1dio Rei Pel\u00e9 numa moderna arena esportiva. Ele determinou a elabora\u00e7\u00e3o de um estudo de volume com vistas \u00e0 moderniza\u00e7\u00e3o do Trapich\u00e3o, contudo sem tirar as caracter\u00edsticas arquitet\u00f4nicas do est\u00e1dio.<\/p>\n<p>&nbsp;<\/p>\n<\/div>\n<\/div>\n<p>Com Ag\u00eancia Alagoas<\/p>\n<span style=\"clear:both;display:none;\"><img src=\"http:\/\/www.muricionline.com.br\/novo\/wp-content\/plugins\/wp-spamfree\/img\/wpsf-img.php\" width=\"0\" height=\"0\" alt=\"\" style=\"border-style:none;width:0px;height:0px;display:none;\" \/><\/span>","protected":false},"excerpt":{"rendered":"<p>&nbsp; O governador Renan Filho e a secret\u00e1ria de Estado do Esporte, Lazer e Juventude, Claudia Petuba, assinaram, nesta quarta-feira (13), as ordens de servi\u00e7o para a constru\u00e7\u00e3o do Complexo Esportivo Rei Pel\u00e9 e para execu\u00e7\u00e3o de obras e servi\u00e7os de manuten\u00e7\u00e3o predial do Trapich\u00e3o com vistas \u00e0 realiza\u00e7\u00e3o dos jogos da S\u00e9rie A do&#8230;<\/p>\n","protected":false},"author":1,"featured_media":10537,"comment_status":"open","ping_status":"open","sticky":false,"template":"","format":"standard","meta":{"footnotes":""},"categories":[7,8],"tags":[5],"_links":{"self":[{"href":"http:\/\/www.muricionline.com.br\/novo\/index.php?rest_route=\/wp\/v2\/posts\/10536"}],"collection":[{"href":"http:\/\/www.muricionline.com.br\/novo\/index.php?rest_route=\/wp\/v2\/posts"}],"about":[{"href":"http:\/\/www.muricionline.com.br\/novo\/index.php?rest_route=\/wp\/v2\/types\/post"}],"author":[{"embeddable":true,"href":"http:\/\/www.muricionline.com.br\/novo\/index.php?rest_route=\/wp\/v2\/users\/1"}],"replies":[{"embeddable":true,"href":"http:\/\/www.muricionline.com.br\/novo\/index.php?rest_route=%2Fwp%2Fv2%2Fcomments&post=10536"}],"version-history":[{"count":1,"href":"http:\/\/www.muricionline.com.br\/novo\/index.php?rest_route=\/wp\/v2\/posts\/10536\/revisions"}],"predecessor-version":[{"id":10538,"href":"http:\/\/www.muricionline.com.br\/novo\/index.php?rest_route=\/wp\/v2\/posts\/10536\/revisions\/10538"}],"wp:featuredmedia":[{"embeddable":true,"href":"http:\/\/www.muricionline.com.br\/novo\/index.php?rest_route=\/wp\/v2\/media\/10537"}],"wp:attachment":[{"href":"http:\/\/www.muricionline.com.br\/novo\/index.php?rest_route=%2Fwp%2Fv2%2Fmedia&parent=10536"}],"wp:term":[{"taxonomy":"category","embeddable":true,"href":"http:\/\/www.muricionline.com.br\/novo\/index.php?rest_route=%2Fwp%2Fv2%2Fcategories&post=10536"},{"taxonomy":"post_tag","embeddable":true,"href":"http:\/\/www.muricionline.com.br\/novo\/index.php?rest_route=%2Fwp%2Fv2%2Ftags&post=10536"}],"curies":[{"name":"wp","href":"https:\/\/api.w.org\/{rel}","templated":true}]}}