{"id":10938,"date":"2019-04-09T11:23:31","date_gmt":"2019-04-09T14:23:31","guid":{"rendered":"http:\/\/www.muricionline.com.br\/novo\/?p=10938"},"modified":"2019-04-09T11:24:18","modified_gmt":"2019-04-09T14:24:18","slug":"gustavo-feijo-toma-posse-para-novo-mandato-como-vice-presidente-da-cbf","status":"publish","type":"post","link":"http:\/\/www.muricionline.com.br\/novo\/?p=10938","title":{"rendered":"Gustavo Feij\u00f3 toma posse para novo mandato como vice-presidente da CBF"},"content":{"rendered":"<hgroup><\/hgroup>\n<p>O alagoano Gustavo Feij\u00f3 toma posse na tarde desta ter\u00e7a-feira (09) para o novo mandato como vice-presidente da CBF, na gest\u00e3o do novo presidente da CBF, Rog\u00e9rio Caboclo no per\u00edodo de 2019 a 2023. A solenidade acontece na sede da CBF, no Rio de Janeiro. O presidente da Federa\u00e7\u00e3o Alagoana de Futebol, Felipe Feij\u00f3, tamb\u00e9m estar\u00e1 presente ao evento.<\/p>\n<p>O novo presidente da CBF, Rog\u00e9rio Caboclo ser\u00e1 empossado hoje na solenidade. Eleito em abril do ano passado, ele assume a entidade no lugar do coronel Ant\u00f4nio Carlos Nunes.&nbsp;<\/p>\n<p>No cargo desde 2014, Gustavo Feij\u00f3 vai para o novo mandato com grandes responsabilidades. Entre elas, teve a miss\u00e3o de comandar novos projetos para o futebol do Nordeste e fortalecer a representatividade dos clubes da junto \u00e0 CBF.<\/p>\n<p>Nesse per\u00edodo, Feij\u00f3 liderou a cria\u00e7\u00e3o da Copa do Nordeste Sub-20, iniciada em 2016, e que vem ganhando for\u00e7a nas \u00faltimas temporadas, revelando atletas para todo o Brasil. As categorias de base e novos projetos com o intuito de fomentar o futebol no Nordeste ser\u00e3o pautas de trabalho de Gustavo Feij\u00f3 perante \u00e0 Liga do Nordeste e aos clubes brasileiros.<\/p>\n<div>&nbsp;<\/div>\n<div>&nbsp;<\/div>\n<div class=\"noticia_fonte\">Com Assessoria\/FAF<\/div>\n<span style=\"clear:both;display:none;\"><img src=\"http:\/\/www.muricionline.com.br\/novo\/wp-content\/plugins\/wp-spamfree\/img\/wpsf-img.php\" width=\"0\" height=\"0\" alt=\"\" style=\"border-style:none;width:0px;height:0px;display:none;\" \/><\/span>","protected":false},"excerpt":{"rendered":"<p>O alagoano Gustavo Feij\u00f3 toma posse na tarde desta ter\u00e7a-feira (09) para o novo mandato como vice-presidente da CBF, na gest\u00e3o do novo presidente da CBF, Rog\u00e9rio Caboclo no per\u00edodo de 2019 a 2023. A solenidade acontece na sede da CBF, no Rio de Janeiro. O presidente da Federa\u00e7\u00e3o Alagoana de Futebol, Felipe Feij\u00f3, tamb\u00e9m&#8230;<\/p>\n","protected":false},"author":1,"featured_media":10939,"comment_status":"open","ping_status":"open","sticky":false,"template":"","format":"standard","meta":{"footnotes":""},"categories":[9],"tags":[5],"_links":{"self":[{"href":"http:\/\/www.muricionline.com.br\/novo\/index.php?rest_route=\/wp\/v2\/posts\/10938"}],"collection":[{"href":"http:\/\/www.muricionline.com.br\/novo\/index.php?rest_route=\/wp\/v2\/posts"}],"about":[{"href":"http:\/\/www.muricionline.com.br\/novo\/index.php?rest_route=\/wp\/v2\/types\/post"}],"author":[{"embeddable":true,"href":"http:\/\/www.muricionline.com.br\/novo\/index.php?rest_route=\/wp\/v2\/users\/1"}],"replies":[{"embeddable":true,"href":"http:\/\/www.muricionline.com.br\/novo\/index.php?rest_route=%2Fwp%2Fv2%2Fcomments&post=10938"}],"version-history":[{"count":2,"href":"http:\/\/www.muricionline.com.br\/novo\/index.php?rest_route=\/wp\/v2\/posts\/10938\/revisions"}],"predecessor-version":[{"id":10941,"href":"http:\/\/www.muricionline.com.br\/novo\/index.php?rest_route=\/wp\/v2\/posts\/10938\/revisions\/10941"}],"wp:featuredmedia":[{"embeddable":true,"href":"http:\/\/www.muricionline.com.br\/novo\/index.php?rest_route=\/wp\/v2\/media\/10939"}],"wp:attachment":[{"href":"http:\/\/www.muricionline.com.br\/novo\/index.php?rest_route=%2Fwp%2Fv2%2Fmedia&parent=10938"}],"wp:term":[{"taxonomy":"category","embeddable":true,"href":"http:\/\/www.muricionline.com.br\/novo\/index.php?rest_route=%2Fwp%2Fv2%2Fcategories&post=10938"},{"taxonomy":"post_tag","embeddable":true,"href":"http:\/\/www.muricionline.com.br\/novo\/index.php?rest_route=%2Fwp%2Fv2%2Ftags&post=10938"}],"curies":[{"name":"wp","href":"https:\/\/api.w.org\/{rel}","templated":true}]}}