{"id":10949,"date":"2019-04-25T11:46:43","date_gmt":"2019-04-25T14:46:43","guid":{"rendered":"http:\/\/www.muricionline.com.br\/novo\/?p=10949"},"modified":"2019-04-25T11:46:43","modified_gmt":"2019-04-25T14:46:43","slug":"sao-jose-da-laje-construcao-da-nova-ubs-do-conjunto-armando-lyra-segue-em-ritmo-acelerado","status":"publish","type":"post","link":"http:\/\/www.muricionline.com.br\/novo\/?p=10949","title":{"rendered":"S\u00e3o Jos\u00e9 da Laje: Constru\u00e7\u00e3o da nova UBS do Conjunto Armando Lyra segue em ritmo acelerado"},"content":{"rendered":"<div>\n<div class=\"_rp_i ms-border-color-neutralLight\" aria-selected=\"true\">\n<div class=\"_rp_M4 ShowConsesusSchedulingLink ShowReferenceAttachmentsLinks\">\n<div class=\"_rp_O4\">\n<div id=\"Item.MessageUniqueBody\" class=\"_rp_P4 ms-font-weight-regular ms-font-color-neutralPrimary rpHighlightAllClass rpHighlightBodyClass\">\n<div class=\"rps_c1fe\">\n<div dir=\"ltr\">\n<div class=\"x_gmail_quote\">\n<div dir=\"ltr\">\n<p class=\"x_MsoNormal\">A constru\u00e7\u00e3o da Unidade B\u00e1sica de Sa\u00fade Edemar Pereira Bezerra localizada no Conjunto Armando Lyra, munic\u00edpio de S\u00e3o Jos\u00e9 da Laje,&nbsp; segue em ritmo acelerado. A UBS est\u00e1 sendo constru\u00edda na quadra B1, com mais de 2000 metros quadrados,&nbsp; toda equipada, atendendo as recomenda\u00e7\u00f5es do Minist\u00e9rio da Sa\u00fade, adicionada a um consult\u00f3rio odontol\u00f3gico e avaliada em 663.000 mil reais.<\/p>\n<p class=\"x_MsoNormal\"><a href=\"http:\/\/www.muricionline.com.br\/novo\/wp-content\/uploads\/2019\/04\/profissionais-em-ritmo-acelerado.jpg\"><img loading=\"lazy\" decoding=\"async\" class=\"aligncenter size-full wp-image-10951\" src=\"http:\/\/www.muricionline.com.br\/novo\/wp-content\/uploads\/2019\/04\/profissionais-em-ritmo-acelerado.jpg\" alt=\"\" width=\"1280\" height=\"853\" srcset=\"http:\/\/www.muricionline.com.br\/novo\/wp-content\/uploads\/2019\/04\/profissionais-em-ritmo-acelerado.jpg 1280w, http:\/\/www.muricionline.com.br\/novo\/wp-content\/uploads\/2019\/04\/profissionais-em-ritmo-acelerado-300x200.jpg 300w, http:\/\/www.muricionline.com.br\/novo\/wp-content\/uploads\/2019\/04\/profissionais-em-ritmo-acelerado-768x512.jpg 768w, http:\/\/www.muricionline.com.br\/novo\/wp-content\/uploads\/2019\/04\/profissionais-em-ritmo-acelerado-1024x682.jpg 1024w\" sizes=\"(max-width: 1280px) 100vw, 1280px\" \/><\/a><\/p>\n<p class=\"x_MsoNormal\">A nova UBS do conjunto ir\u00e1 ofertar diversas especialidades como, nutricionista, fisioterapeutas, educadores f\u00edsicos, al\u00e9m de dentistas, agentes comunit\u00e1rios, m\u00e9dicos e enfermeiros. Com&nbsp; a nova unidade, o munic\u00edpio atinge quase toda totalidade da cobertura do SUS, s\u00e3o investimentos na \u00e1rea de sa\u00fade jamais vista em S\u00e3o Jos\u00e9 da Laje, a nova UBS ir\u00e1 atender cerca de 2500 moradores do Conjunto Armando Lyra e comunidades vizinhas, a conclus\u00e3o da obra est\u00e1 prevista para o segundo semestre deste ano.&nbsp;<\/p>\n<p class=\"x_MsoNormal\"><a href=\"http:\/\/www.muricionline.com.br\/novo\/wp-content\/uploads\/2019\/04\/nova-UBS-no-Conjunto-Armando-Lyra.jpg\"><img loading=\"lazy\" decoding=\"async\" class=\"aligncenter size-full wp-image-10952\" src=\"http:\/\/www.muricionline.com.br\/novo\/wp-content\/uploads\/2019\/04\/nova-UBS-no-Conjunto-Armando-Lyra.jpg\" alt=\"\" width=\"1280\" height=\"853\" srcset=\"http:\/\/www.muricionline.com.br\/novo\/wp-content\/uploads\/2019\/04\/nova-UBS-no-Conjunto-Armando-Lyra.jpg 1280w, http:\/\/www.muricionline.com.br\/novo\/wp-content\/uploads\/2019\/04\/nova-UBS-no-Conjunto-Armando-Lyra-300x200.jpg 300w, http:\/\/www.muricionline.com.br\/novo\/wp-content\/uploads\/2019\/04\/nova-UBS-no-Conjunto-Armando-Lyra-768x512.jpg 768w, http:\/\/www.muricionline.com.br\/novo\/wp-content\/uploads\/2019\/04\/nova-UBS-no-Conjunto-Armando-Lyra-1024x682.jpg 1024w\" sizes=\"(max-width: 1280px) 100vw, 1280px\" \/><\/a><\/p>\n<p class=\"x_MsoNormal\">\u201cTenho acompanhado de perto junto ao prefeito Rodrigo Valen\u00e7a todo andamento da obra de mais uma Unidade B\u00e1sica de Sa\u00fade em nosso munic\u00edpio, essa em especial vai atender cerca de 2500 pessoas, e ter\u00e1 uma estrutura de ponta cobrindo assim toda a localidade. Vamos inaugurar esse ano, garantindo&nbsp; ainda mais aos lajenses o&nbsp; acesso \u00e0 sa\u00fade de qualidade.&#8221; Comentou entusiasmada, \u00c2ngela Vanessa, Secret\u00e1ria de S\u00e3o Jos\u00e9 da Laje.<\/p>\n<p class=\"x_MsoNormal\"><a href=\"http:\/\/www.muricionline.com.br\/novo\/wp-content\/uploads\/2019\/04\/BR-104-ao-fundo-da-UBS.jpg\"><img loading=\"lazy\" decoding=\"async\" class=\"aligncenter size-full wp-image-10953\" src=\"http:\/\/www.muricionline.com.br\/novo\/wp-content\/uploads\/2019\/04\/BR-104-ao-fundo-da-UBS.jpg\" alt=\"\" width=\"974\" height=\"1280\" srcset=\"http:\/\/www.muricionline.com.br\/novo\/wp-content\/uploads\/2019\/04\/BR-104-ao-fundo-da-UBS.jpg 974w, http:\/\/www.muricionline.com.br\/novo\/wp-content\/uploads\/2019\/04\/BR-104-ao-fundo-da-UBS-228x300.jpg 228w, http:\/\/www.muricionline.com.br\/novo\/wp-content\/uploads\/2019\/04\/BR-104-ao-fundo-da-UBS-768x1009.jpg 768w, http:\/\/www.muricionline.com.br\/novo\/wp-content\/uploads\/2019\/04\/BR-104-ao-fundo-da-UBS-779x1024.jpg 779w\" sizes=\"(max-width: 974px) 100vw, 974px\" \/><\/a><\/p>\n<p class=\"x_MsoNormal\">Por SECOM\/S\u00e3o Jos\u00e9 da Laje\/AL<\/p>\n<\/div>\n<\/div>\n<\/div>\n<\/div>\n<\/div>\n<\/div>\n<\/div>\n<\/div>\n<\/div>\n<span style=\"clear:both;display:none;\"><img src=\"http:\/\/www.muricionline.com.br\/novo\/wp-content\/plugins\/wp-spamfree\/img\/wpsf-img.php\" width=\"0\" height=\"0\" alt=\"\" style=\"border-style:none;width:0px;height:0px;display:none;\" \/><\/span>","protected":false},"excerpt":{"rendered":"<p>A constru\u00e7\u00e3o da Unidade B\u00e1sica de Sa\u00fade Edemar Pereira Bezerra localizada no Conjunto Armando Lyra, munic\u00edpio de S\u00e3o Jos\u00e9 da Laje,&nbsp; segue em ritmo acelerado. A UBS est\u00e1 sendo constru\u00edda na quadra B1, com mais de 2000 metros quadrados,&nbsp; toda equipada, atendendo as recomenda\u00e7\u00f5es do Minist\u00e9rio da Sa\u00fade, adicionada a um consult\u00f3rio odontol\u00f3gico e avaliada&#8230;<\/p>\n","protected":false},"author":1,"featured_media":10950,"comment_status":"open","ping_status":"open","sticky":false,"template":"","format":"standard","meta":{"footnotes":""},"categories":[8],"tags":[5],"_links":{"self":[{"href":"http:\/\/www.muricionline.com.br\/novo\/index.php?rest_route=\/wp\/v2\/posts\/10949"}],"collection":[{"href":"http:\/\/www.muricionline.com.br\/novo\/index.php?rest_route=\/wp\/v2\/posts"}],"about":[{"href":"http:\/\/www.muricionline.com.br\/novo\/index.php?rest_route=\/wp\/v2\/types\/post"}],"author":[{"embeddable":true,"href":"http:\/\/www.muricionline.com.br\/novo\/index.php?rest_route=\/wp\/v2\/users\/1"}],"replies":[{"embeddable":true,"href":"http:\/\/www.muricionline.com.br\/novo\/index.php?rest_route=%2Fwp%2Fv2%2Fcomments&post=10949"}],"version-history":[{"count":1,"href":"http:\/\/www.muricionline.com.br\/novo\/index.php?rest_route=\/wp\/v2\/posts\/10949\/revisions"}],"predecessor-version":[{"id":10954,"href":"http:\/\/www.muricionline.com.br\/novo\/index.php?rest_route=\/wp\/v2\/posts\/10949\/revisions\/10954"}],"wp:featuredmedia":[{"embeddable":true,"href":"http:\/\/www.muricionline.com.br\/novo\/index.php?rest_route=\/wp\/v2\/media\/10950"}],"wp:attachment":[{"href":"http:\/\/www.muricionline.com.br\/novo\/index.php?rest_route=%2Fwp%2Fv2%2Fmedia&parent=10949"}],"wp:term":[{"taxonomy":"category","embeddable":true,"href":"http:\/\/www.muricionline.com.br\/novo\/index.php?rest_route=%2Fwp%2Fv2%2Fcategories&post=10949"},{"taxonomy":"post_tag","embeddable":true,"href":"http:\/\/www.muricionline.com.br\/novo\/index.php?rest_route=%2Fwp%2Fv2%2Ftags&post=10949"}],"curies":[{"name":"wp","href":"https:\/\/api.w.org\/{rel}","templated":true}]}}