{"id":10955,"date":"2019-04-26T11:28:34","date_gmt":"2019-04-26T14:28:34","guid":{"rendered":"http:\/\/www.muricionline.com.br\/novo\/?p=10955"},"modified":"2019-04-26T11:36:30","modified_gmt":"2019-04-26T14:36:30","slug":"justica-determina-o-bloqueio-de-r-3-milhoes-de-faculdades-sem-credenciamento-em-branquinha","status":"publish","type":"post","link":"http:\/\/www.muricionline.com.br\/novo\/?p=10955","title":{"rendered":"Justi\u00e7a determina o bloqueio de R$ 3 milh\u00f5es de faculdades sem credenciamento em Branquinha"},"content":{"rendered":"<header class=\"post-header\"><\/header>\n<div class=\"content entry-content copy-text\">\n<p>As defensoras p\u00fablicas do munic\u00edpio de Uni\u00e3o dos Palmares, Andresa Wanderley de Gusm\u00e3o e Nicolle Januzi de A. R. Pereira, conseguiram na justi\u00e7a, ontem, o bloqueio de R$ 3 milh\u00f5es da Funda\u00e7\u00e3o de Ensino Superior de Olinda \u2013 Uni\u00e3o de Escolas Superiores da Funeso (Unesf), do Instituto De Desenvolvimento Educacional Religioso e Cultural (Iderc) e da Universidade Igua\u00e7u (UNIG). O pedido de bloqueio foi requerido no come\u00e7o desta semana.<\/p>\n<p>O valor ser\u00e1 utilizado para ressarcir todos os valores pagos e indenizar por danos morais, individualmente, todos os alunos matriculados nos cursos de Pedagogia e Curso Livre em Teologia, ofertados irregularmente pelas mencionadas institui\u00e7\u00f5es na cidade de Branquinha\/AL.<\/p>\n<div class=\"banner-ad openx alignleft\">\n<p>&nbsp;<\/p>\n<div id=\"beacon_d6714507a8\"><img loading=\"lazy\" decoding=\"async\" src=\"https:\/\/ad.id5.com.br\/www\/delivery\/lg.php?bannerid=161&amp;campaignid=2&amp;zoneid=77&amp;loc=http%3A%2F%2Fwww.alagoas24horas.com.br%2F1222807%2Fjustica-determina-o-bloqueio-de-r-3-milhoes-de-faculdades-sem-credenciamento-em-branquinha%2F&amp;cb=d6714507a8\" alt=\"\" width=\"0\" height=\"0\"><\/div>\n<\/div>\n<p>A decis\u00e3o liminar determinou a intima\u00e7\u00e3o de todos os cart\u00f3rios de im\u00f3veis de Olinda (PE) e Nova Igua\u00e7u (RJ), local em que est\u00e3o sediadas as faculdades, para averba\u00e7\u00e3o da constri\u00e7\u00e3o do judicial dos im\u00f3veis registrados em nome das faculdades.<\/p>\n<p>Al\u00e9m do bloqueio, uma audi\u00eancia de concilia\u00e7\u00e3o foi marcada para o pr\u00f3ximo dia 06 de junho de 2019, no F\u00f3rum de Murici.<\/p>\n<p>Irregularidades<br \/>\nSegundo consta nos altos do processo, as faculdades atuavam conjuntamente na regi\u00e3o de Murici e Branquinha, desde 2011, ofertando gradua\u00e7\u00f5es a pre\u00e7os convidativos a cidad\u00e3os humildes, sem informar aos estudantes que os diplomas emitidos por elas n\u00e3o eram v\u00e1lidos.<\/p>\n<p>Conforme informa\u00e7\u00f5es do Minist\u00e9rio da Educa\u00e7\u00e3o, o IDERC n\u00e3o pode emitir diplomas de cursos de n\u00edvel superior e \u00e0 FUNESO \u00e9 vedada a oferta de gradua\u00e7\u00e3o presencial fora do munic\u00edpio de Olinda\/PE, local de sua sede. J\u00e1 a UNIG, que \u00e9 devidamente credenciada pelo MEC, atuava na valida\u00e7\u00e3o dos diplomas emitidos pela FUNESO, apenas para conferir apar\u00eancia de legalidade ao ato.<\/p>\n<p>Por n\u00e3o possu\u00edrem cadastro no MEC, os cidad\u00e3os que estudaram nessas faculdades irregulares n\u00e3o poder\u00e3o tentar convalidar ou aproveitar os estudos em outras institui\u00e7\u00f5es de ensino, visto que o Art. 78, do Decreto 9.235\/17 do MEC, veta essa possibilidade.<\/p>\n<p>&nbsp;<\/p>\n<\/div>\n<footer class=\"post-footer\">\n<div class=\"post-utility\"><b>Fonte:<\/b>&nbsp;<span class=\"the-author-link author vcard external-source\">Ascom Defensoria<\/span><\/div>\n<div>Imagem: Cortesia<\/div>\n<\/footer>\n<span style=\"clear:both;display:none;\"><img src=\"http:\/\/www.muricionline.com.br\/novo\/wp-content\/plugins\/wp-spamfree\/img\/wpsf-img.php\" width=\"0\" height=\"0\" alt=\"\" style=\"border-style:none;width:0px;height:0px;display:none;\" \/><\/span>","protected":false},"excerpt":{"rendered":"<p>As defensoras p\u00fablicas do munic\u00edpio de Uni\u00e3o dos Palmares, Andresa Wanderley de Gusm\u00e3o e Nicolle Januzi de A. R. Pereira, conseguiram na justi\u00e7a, ontem, o bloqueio de R$ 3 milh\u00f5es da Funda\u00e7\u00e3o de Ensino Superior de Olinda \u2013 Uni\u00e3o de Escolas Superiores da Funeso (Unesf), do Instituto De Desenvolvimento Educacional Religioso e Cultural (Iderc) e&#8230;<\/p>\n","protected":false},"author":1,"featured_media":10958,"comment_status":"open","ping_status":"open","sticky":false,"template":"","format":"standard","meta":{"footnotes":""},"categories":[8],"tags":[5],"_links":{"self":[{"href":"http:\/\/www.muricionline.com.br\/novo\/index.php?rest_route=\/wp\/v2\/posts\/10955"}],"collection":[{"href":"http:\/\/www.muricionline.com.br\/novo\/index.php?rest_route=\/wp\/v2\/posts"}],"about":[{"href":"http:\/\/www.muricionline.com.br\/novo\/index.php?rest_route=\/wp\/v2\/types\/post"}],"author":[{"embeddable":true,"href":"http:\/\/www.muricionline.com.br\/novo\/index.php?rest_route=\/wp\/v2\/users\/1"}],"replies":[{"embeddable":true,"href":"http:\/\/www.muricionline.com.br\/novo\/index.php?rest_route=%2Fwp%2Fv2%2Fcomments&post=10955"}],"version-history":[{"count":3,"href":"http:\/\/www.muricionline.com.br\/novo\/index.php?rest_route=\/wp\/v2\/posts\/10955\/revisions"}],"predecessor-version":[{"id":10959,"href":"http:\/\/www.muricionline.com.br\/novo\/index.php?rest_route=\/wp\/v2\/posts\/10955\/revisions\/10959"}],"wp:featuredmedia":[{"embeddable":true,"href":"http:\/\/www.muricionline.com.br\/novo\/index.php?rest_route=\/wp\/v2\/media\/10958"}],"wp:attachment":[{"href":"http:\/\/www.muricionline.com.br\/novo\/index.php?rest_route=%2Fwp%2Fv2%2Fmedia&parent=10955"}],"wp:term":[{"taxonomy":"category","embeddable":true,"href":"http:\/\/www.muricionline.com.br\/novo\/index.php?rest_route=%2Fwp%2Fv2%2Fcategories&post=10955"},{"taxonomy":"post_tag","embeddable":true,"href":"http:\/\/www.muricionline.com.br\/novo\/index.php?rest_route=%2Fwp%2Fv2%2Ftags&post=10955"}],"curies":[{"name":"wp","href":"https:\/\/api.w.org\/{rel}","templated":true}]}}