{"id":10960,"date":"2019-04-26T12:13:04","date_gmt":"2019-04-26T15:13:04","guid":{"rendered":"http:\/\/www.muricionline.com.br\/novo\/?p=10960"},"modified":"2019-04-26T12:13:04","modified_gmt":"2019-04-26T15:13:04","slug":"populacao-de-santana-do-mundau-recebe-servicos-do-expresso-da-cidadania","status":"publish","type":"post","link":"http:\/\/www.muricionline.com.br\/novo\/?p=10960","title":{"rendered":"Popula\u00e7\u00e3o de Santana do Munda\u00fa recebe servi\u00e7os do Expresso da Cidadania"},"content":{"rendered":"<div class=\"_rp_i ms-border-color-neutralLight\" aria-selected=\"true\">\n<div class=\"_rp_M4 ShowReferenceAttachmentsLinks ShowConsesusSchedulingLink\">\n<div class=\"_rp_O4\">\n<div id=\"Item.MessageUniqueBody\" class=\"_rp_P4 ms-font-weight-regular ms-font-color-neutralPrimary rpHighlightAllClass rpHighlightBodyClass\">\n<div class=\"rps_cabd\">\n<div dir=\"ltr\">\n<div>Com o objetivo aproximar a popula\u00e7\u00e3o da Defensoria P\u00fablica do Estado, a prefeitura de Santana do Munda\u00fa, por meio da Secretaria de Assist\u00eancia Social, firmou parceria e garantiu a ida do Programa Expresso Cidadania para o munic\u00edpio. Durante dois dias (24 e 25), a popula\u00e7\u00e3o em situa\u00e7\u00e3o de vulnerabilidade econ\u00f4mica e social, teve acesso \u00e0 orienta\u00e7\u00e3o e assist\u00eancia jur\u00eddica como a\u00e7\u00f5es de div\u00f3rcio, investiga\u00e7\u00e3o de paternidade, pens\u00e3o aliment\u00edcia, retifica\u00e7\u00e3o de registro, suprimento de \u00f3bito, dentre outras.&nbsp;<\/div>\n<div>\n<p>Acompanhando as atividades, a secret\u00e1ria Lara Cavalcante destacou a import\u00e2ncia da a\u00e7\u00e3o itinerante. &#8220;Conseguirmos trazer os servi\u00e7os da Defensoria para&nbsp;mais pr\u00f3ximo do cidad\u00e3o mundauense, permitindo que ele seja assistido no que precisa, \u00e9, sem d\u00favida, um grande diferencial. Agradecemos ao Coordenador Dr Marcos Ant\u00f4nio, a defensora, Dra Nicolle Januzi e toda a equipe do Expresso da Cidadania pela atua\u00e7\u00e3o.&nbsp;Nosso interesse \u00e9 continuar desenvolvendo essa parceria para que possamos proporcionar o acesso \u00e0 Justi\u00e7a de forma cada vez mais democr\u00e1tica \u00e0 popula\u00e7\u00e3o, especialmente a mais vulner\u00e1vel, disse.&nbsp;<\/p>\n<p>&nbsp;<\/p>\n<\/div>\n<p>Com Assessoria&nbsp;<\/p>\n<\/div>\n<\/div>\n<\/div>\n<\/div>\n<\/div>\n<\/div>\n<span style=\"clear:both;display:none;\"><img src=\"http:\/\/www.muricionline.com.br\/novo\/wp-content\/plugins\/wp-spamfree\/img\/wpsf-img.php\" width=\"0\" height=\"0\" alt=\"\" style=\"border-style:none;width:0px;height:0px;display:none;\" \/><\/span>","protected":false},"excerpt":{"rendered":"<p>Com o objetivo aproximar a popula\u00e7\u00e3o da Defensoria P\u00fablica do Estado, a prefeitura de Santana do Munda\u00fa, por meio da Secretaria de Assist\u00eancia Social, firmou parceria e garantiu a ida do Programa Expresso Cidadania para o munic\u00edpio. Durante dois dias (24 e 25), a popula\u00e7\u00e3o em situa\u00e7\u00e3o de vulnerabilidade econ\u00f4mica e social, teve acesso \u00e0&#8230;<\/p>\n","protected":false},"author":1,"featured_media":10961,"comment_status":"open","ping_status":"open","sticky":false,"template":"","format":"standard","meta":{"footnotes":""},"categories":[1],"tags":[5],"_links":{"self":[{"href":"http:\/\/www.muricionline.com.br\/novo\/index.php?rest_route=\/wp\/v2\/posts\/10960"}],"collection":[{"href":"http:\/\/www.muricionline.com.br\/novo\/index.php?rest_route=\/wp\/v2\/posts"}],"about":[{"href":"http:\/\/www.muricionline.com.br\/novo\/index.php?rest_route=\/wp\/v2\/types\/post"}],"author":[{"embeddable":true,"href":"http:\/\/www.muricionline.com.br\/novo\/index.php?rest_route=\/wp\/v2\/users\/1"}],"replies":[{"embeddable":true,"href":"http:\/\/www.muricionline.com.br\/novo\/index.php?rest_route=%2Fwp%2Fv2%2Fcomments&post=10960"}],"version-history":[{"count":1,"href":"http:\/\/www.muricionline.com.br\/novo\/index.php?rest_route=\/wp\/v2\/posts\/10960\/revisions"}],"predecessor-version":[{"id":10962,"href":"http:\/\/www.muricionline.com.br\/novo\/index.php?rest_route=\/wp\/v2\/posts\/10960\/revisions\/10962"}],"wp:featuredmedia":[{"embeddable":true,"href":"http:\/\/www.muricionline.com.br\/novo\/index.php?rest_route=\/wp\/v2\/media\/10961"}],"wp:attachment":[{"href":"http:\/\/www.muricionline.com.br\/novo\/index.php?rest_route=%2Fwp%2Fv2%2Fmedia&parent=10960"}],"wp:term":[{"taxonomy":"category","embeddable":true,"href":"http:\/\/www.muricionline.com.br\/novo\/index.php?rest_route=%2Fwp%2Fv2%2Fcategories&post=10960"},{"taxonomy":"post_tag","embeddable":true,"href":"http:\/\/www.muricionline.com.br\/novo\/index.php?rest_route=%2Fwp%2Fv2%2Ftags&post=10960"}],"curies":[{"name":"wp","href":"https:\/\/api.w.org\/{rel}","templated":true}]}}