{"id":10963,"date":"2019-04-26T18:52:46","date_gmt":"2019-04-26T21:52:46","guid":{"rendered":"http:\/\/www.muricionline.com.br\/novo\/?p=10963"},"modified":"2019-04-26T18:52:46","modified_gmt":"2019-04-26T21:52:46","slug":"murici-sedia-oficina-sobre-comunicacao-em-desastres-com-defesa-civil-de-26-municipios","status":"publish","type":"post","link":"http:\/\/www.muricionline.com.br\/novo\/?p=10963","title":{"rendered":"Murici sedia oficina sobre Comunica\u00e7\u00e3o em Desastres com Defesa Civil de 26 munic\u00edpios"},"content":{"rendered":"<p>O munic\u00edpio de Murici sediou nesta sexta-feira, dia 26, no Audit\u00f3rio da Prefeitura, a oficina \u201cComunica\u00e7\u00e3o em Desastres\u201d com agentes da Defesa Civil dos munic\u00edpios que fazem parte dos vales do Para\u00edba e Munda\u00fa. O objetivo do evento foi o de atualizar os participantes com t\u00e9cnicas e instrumentos necess\u00e1rios para a circula\u00e7\u00e3o informacional diante de poss\u00edveis situa\u00e7\u00f5es de risco e desastres naturais, como em caso de enchentes, enxurradas e deslizamento de terra.<\/p>\n<p><a href=\"http:\/\/www.muricionline.com.br\/novo\/wp-content\/uploads\/2019\/04\/FB_IMG_1556315029729.jpg\"><img loading=\"lazy\" decoding=\"async\" class=\"aligncenter size-full wp-image-10964\" src=\"http:\/\/www.muricionline.com.br\/novo\/wp-content\/uploads\/2019\/04\/FB_IMG_1556315029729.jpg\" alt=\"\" width=\"955\" height=\"758\" srcset=\"http:\/\/www.muricionline.com.br\/novo\/wp-content\/uploads\/2019\/04\/FB_IMG_1556315029729.jpg 955w, http:\/\/www.muricionline.com.br\/novo\/wp-content\/uploads\/2019\/04\/FB_IMG_1556315029729-300x238.jpg 300w, http:\/\/www.muricionline.com.br\/novo\/wp-content\/uploads\/2019\/04\/FB_IMG_1556315029729-768x610.jpg 768w\" sizes=\"(max-width: 955px) 100vw, 955px\" \/><\/a><\/p>\n<p>Durante a capacita\u00e7\u00e3o, que foi promovida pelas unidades da Defesa Civil de Murici e Atalaia, os participantes foram atualizados tamb\u00e9m sobre a\u00e7\u00f5es de preven\u00e7\u00e3o, prepara\u00e7\u00e3o, seguran\u00e7a, plano de conting\u00eancia e log\u00edstica humanit\u00e1ria em eventos extremos.<\/p>\n<p>Participaram da oficina os coordenadores regionais de Prote\u00e7\u00e3o e Defesa Civil dos vales do Para\u00edba e do Munda\u00fa, Massilon Mendes e Geraldo An\u00edzio Amorim, respectivamente; agentes dos 26 munic\u00edpios que comp\u00f5em as duas regi\u00f5es; a coordenadora do Instituto de Ci\u00eancias Humanas, Comunica\u00e7\u00e3o e Arte da UFAL, doutora Sandra Nunes Leite; engenheiro em seguran\u00e7a Maxwel Costa; o coordenador da Sala de Desastres Naturais do Estado, tenente Douglas Barros; e Vin\u00edcius Nunes Pinho, meteorologista e diretor da Sala de Alerta da Secretaria do Meio Ambiente e Recursos H\u00eddricos de Alagoas (Semarh).<\/p>\n<p><a href=\"http:\/\/www.muricionline.com.br\/novo\/wp-content\/uploads\/2019\/04\/FB_IMG_1556315037738.jpg\"><img loading=\"lazy\" decoding=\"async\" class=\"aligncenter size-full wp-image-10965\" src=\"http:\/\/www.muricionline.com.br\/novo\/wp-content\/uploads\/2019\/04\/FB_IMG_1556315037738.jpg\" alt=\"\" width=\"1051\" height=\"834\" srcset=\"http:\/\/www.muricionline.com.br\/novo\/wp-content\/uploads\/2019\/04\/FB_IMG_1556315037738.jpg 1051w, http:\/\/www.muricionline.com.br\/novo\/wp-content\/uploads\/2019\/04\/FB_IMG_1556315037738-300x238.jpg 300w, http:\/\/www.muricionline.com.br\/novo\/wp-content\/uploads\/2019\/04\/FB_IMG_1556315037738-768x609.jpg 768w, http:\/\/www.muricionline.com.br\/novo\/wp-content\/uploads\/2019\/04\/FB_IMG_1556315037738-1024x813.jpg 1024w\" sizes=\"(max-width: 1051px) 100vw, 1051px\" \/><\/a><\/p>\n<p>Vale salientar que em Murici, a Defesa Civil Municipal atende ocorr\u00eancias e chamados pelo telefone (82) 98160-9113.<\/p>\n<p>&nbsp;<\/p>\n<p>Com Assessoria&nbsp;<\/p>\n<span style=\"clear:both;display:none;\"><img src=\"http:\/\/www.muricionline.com.br\/novo\/wp-content\/plugins\/wp-spamfree\/img\/wpsf-img.php\" width=\"0\" height=\"0\" alt=\"\" style=\"border-style:none;width:0px;height:0px;display:none;\" \/><\/span>","protected":false},"excerpt":{"rendered":"<p>O munic\u00edpio de Murici sediou nesta sexta-feira, dia 26, no Audit\u00f3rio da Prefeitura, a oficina \u201cComunica\u00e7\u00e3o em Desastres\u201d com agentes da Defesa Civil dos munic\u00edpios que fazem parte dos vales do Para\u00edba e Munda\u00fa. O objetivo do evento foi o de atualizar os participantes com t\u00e9cnicas e instrumentos necess\u00e1rios para a circula\u00e7\u00e3o informacional diante de&#8230;<\/p>\n","protected":false},"author":1,"featured_media":10966,"comment_status":"open","ping_status":"open","sticky":false,"template":"","format":"standard","meta":{"footnotes":""},"categories":[1],"tags":[5],"_links":{"self":[{"href":"http:\/\/www.muricionline.com.br\/novo\/index.php?rest_route=\/wp\/v2\/posts\/10963"}],"collection":[{"href":"http:\/\/www.muricionline.com.br\/novo\/index.php?rest_route=\/wp\/v2\/posts"}],"about":[{"href":"http:\/\/www.muricionline.com.br\/novo\/index.php?rest_route=\/wp\/v2\/types\/post"}],"author":[{"embeddable":true,"href":"http:\/\/www.muricionline.com.br\/novo\/index.php?rest_route=\/wp\/v2\/users\/1"}],"replies":[{"embeddable":true,"href":"http:\/\/www.muricionline.com.br\/novo\/index.php?rest_route=%2Fwp%2Fv2%2Fcomments&post=10963"}],"version-history":[{"count":1,"href":"http:\/\/www.muricionline.com.br\/novo\/index.php?rest_route=\/wp\/v2\/posts\/10963\/revisions"}],"predecessor-version":[{"id":10967,"href":"http:\/\/www.muricionline.com.br\/novo\/index.php?rest_route=\/wp\/v2\/posts\/10963\/revisions\/10967"}],"wp:featuredmedia":[{"embeddable":true,"href":"http:\/\/www.muricionline.com.br\/novo\/index.php?rest_route=\/wp\/v2\/media\/10966"}],"wp:attachment":[{"href":"http:\/\/www.muricionline.com.br\/novo\/index.php?rest_route=%2Fwp%2Fv2%2Fmedia&parent=10963"}],"wp:term":[{"taxonomy":"category","embeddable":true,"href":"http:\/\/www.muricionline.com.br\/novo\/index.php?rest_route=%2Fwp%2Fv2%2Fcategories&post=10963"},{"taxonomy":"post_tag","embeddable":true,"href":"http:\/\/www.muricionline.com.br\/novo\/index.php?rest_route=%2Fwp%2Fv2%2Ftags&post=10963"}],"curies":[{"name":"wp","href":"https:\/\/api.w.org\/{rel}","templated":true}]}}