{"id":10982,"date":"2019-05-02T16:40:35","date_gmt":"2019-05-02T19:40:35","guid":{"rendered":"http:\/\/www.muricionline.com.br\/novo\/?p=10982"},"modified":"2019-05-02T16:40:35","modified_gmt":"2019-05-02T19:40:35","slug":"nova-diretoria-do-zumbi-esporte-clube-e-empossada-em-uniao-dos-palmares","status":"publish","type":"post","link":"http:\/\/www.muricionline.com.br\/novo\/?p=10982","title":{"rendered":"Nova Diretoria do Zumbi Esporte Clube \u00e9 empossada, em Uni\u00e3o dos Palmares"},"content":{"rendered":"<p>&nbsp;A nova diretoria do Zumbi Esporte Clube foi apresentada essa manh\u00e3, em uma cerim\u00f4nia que aconteceu no audit\u00f3rio da Prefeitura de Uni\u00e3o dos Palmares.<\/p>\n<p>O Clube \u00e9 uma agremia\u00e7\u00e3o esportiva do Munic\u00edpio e seu nome \u00e9 uma homenagem ao Quilombo dos Palmares, que foi criado no s\u00e9culo XVII, na Serra da Barriga. Ap\u00f3s um tempo sem atividades, o Zumbi Esporte Clube volta com for\u00e7a e determina\u00e7\u00e3o, com uma nova diretoria que manter\u00e1 o esporte vivo em nossa cidade.<\/p>\n<p><a href=\"http:\/\/www.muricionline.com.br\/novo\/wp-content\/uploads\/2019\/05\/IMG-20190502-WA0117.jpg\"><img loading=\"lazy\" decoding=\"async\" class=\"aligncenter size-full wp-image-10984\" src=\"http:\/\/www.muricionline.com.br\/novo\/wp-content\/uploads\/2019\/05\/IMG-20190502-WA0117.jpg\" alt=\"\" width=\"1280\" height=\"853\" srcset=\"http:\/\/www.muricionline.com.br\/novo\/wp-content\/uploads\/2019\/05\/IMG-20190502-WA0117.jpg 1280w, http:\/\/www.muricionline.com.br\/novo\/wp-content\/uploads\/2019\/05\/IMG-20190502-WA0117-300x200.jpg 300w, http:\/\/www.muricionline.com.br\/novo\/wp-content\/uploads\/2019\/05\/IMG-20190502-WA0117-768x512.jpg 768w, http:\/\/www.muricionline.com.br\/novo\/wp-content\/uploads\/2019\/05\/IMG-20190502-WA0117-1024x682.jpg 1024w\" sizes=\"(max-width: 1280px) 100vw, 1280px\" \/><\/a><\/p>\n<p>O Prefeito Kil esteve presente na ocasi\u00e3o, apresentando o novo presidente Luciano Magalh\u00f5es e vice Marcos Ant\u00f4nio, al\u00e9m de trazer a not\u00edcia de que o campo do Est\u00e1dio Orland\u00e3o ser\u00e1 cedido para os jogos do clube, sustentando esse trabalho social t\u00e3o importante.<\/p>\n<p><a href=\"http:\/\/www.muricionline.com.br\/novo\/wp-content\/uploads\/2019\/05\/IMG-20190502-WA0111.jpg\"><img loading=\"lazy\" decoding=\"async\" class=\"aligncenter size-full wp-image-10983\" src=\"http:\/\/www.muricionline.com.br\/novo\/wp-content\/uploads\/2019\/05\/IMG-20190502-WA0111.jpg\" alt=\"\" width=\"1280\" height=\"853\" srcset=\"http:\/\/www.muricionline.com.br\/novo\/wp-content\/uploads\/2019\/05\/IMG-20190502-WA0111.jpg 1280w, http:\/\/www.muricionline.com.br\/novo\/wp-content\/uploads\/2019\/05\/IMG-20190502-WA0111-300x200.jpg 300w, http:\/\/www.muricionline.com.br\/novo\/wp-content\/uploads\/2019\/05\/IMG-20190502-WA0111-768x512.jpg 768w, http:\/\/www.muricionline.com.br\/novo\/wp-content\/uploads\/2019\/05\/IMG-20190502-WA0111-1024x682.jpg 1024w\" sizes=\"(max-width: 1280px) 100vw, 1280px\" \/><\/a><\/p>\n<p>DIRETORIA:<\/p>\n<p>Presidente do Conselho Deliberativo \u2013 Luciano Peixoto da Silva<br \/>\nVice Presidente do Conselho Deliberativo \u2013 Marcelo Pereira de Magalh\u00e3es<br \/>\nPresidente da Diretoria Executiva \u2013 Luciano Pereira de Magalh\u00e3es<br \/>\nVice Presidente da Diretoria Executiva \u2013 Marcos Ant\u00f4nio Ferreira de Moraes<br \/>\nDiretor de Futebol \u2013 La\u00e9rcio Marques de Souza<br \/>\nDiretor Administrativo e Financeiro \u2013 Gerson de Lima Barros<br \/>\nDiretor de Patrim\u00f4nio \u2013 Givanildo Gomes da Silva<br \/>\nDiretor de Marketing &#8211; Hermes Marques Costa<br \/>\nDiretor Jur\u00eddico<br \/>\nEsiquio Correio de Vasconcelos<br \/>\nSecret\u00e1rio Geral &#8211; Kleber Marques da Silva<br \/>\nConselho Fiscal:<br \/>\nEdvaldo Dativo de Medeiros<br \/>\nAlcides Gon\u00e7alves da Silva Junior<br \/>\nDjalma Belarmino da Silva Filho<\/p>\n<p><a href=\"http:\/\/www.muricionline.com.br\/novo\/wp-content\/uploads\/2019\/05\/IMG-20190502-WA0121.jpg\"><img loading=\"lazy\" decoding=\"async\" class=\"aligncenter size-full wp-image-10985\" src=\"http:\/\/www.muricionline.com.br\/novo\/wp-content\/uploads\/2019\/05\/IMG-20190502-WA0121.jpg\" alt=\"\" width=\"1280\" height=\"853\" srcset=\"http:\/\/www.muricionline.com.br\/novo\/wp-content\/uploads\/2019\/05\/IMG-20190502-WA0121.jpg 1280w, http:\/\/www.muricionline.com.br\/novo\/wp-content\/uploads\/2019\/05\/IMG-20190502-WA0121-300x200.jpg 300w, http:\/\/www.muricionline.com.br\/novo\/wp-content\/uploads\/2019\/05\/IMG-20190502-WA0121-768x512.jpg 768w, http:\/\/www.muricionline.com.br\/novo\/wp-content\/uploads\/2019\/05\/IMG-20190502-WA0121-1024x682.jpg 1024w\" sizes=\"(max-width: 1280px) 100vw, 1280px\" \/><\/a><\/p>\n<p>Com Assessoria<\/p>\n<span style=\"clear:both;display:none;\"><img src=\"http:\/\/www.muricionline.com.br\/novo\/wp-content\/plugins\/wp-spamfree\/img\/wpsf-img.php\" width=\"0\" height=\"0\" alt=\"\" style=\"border-style:none;width:0px;height:0px;display:none;\" \/><\/span>","protected":false},"excerpt":{"rendered":"<p>&nbsp;A nova diretoria do Zumbi Esporte Clube foi apresentada essa manh\u00e3, em uma cerim\u00f4nia que aconteceu no audit\u00f3rio da Prefeitura de Uni\u00e3o dos Palmares. O Clube \u00e9 uma agremia\u00e7\u00e3o esportiva do Munic\u00edpio e seu nome \u00e9 uma homenagem ao Quilombo dos Palmares, que foi criado no s\u00e9culo XVII, na Serra da Barriga. Ap\u00f3s um tempo&#8230;<\/p>\n","protected":false},"author":1,"featured_media":10986,"comment_status":"open","ping_status":"open","sticky":false,"template":"","format":"standard","meta":{"footnotes":""},"categories":[9,8],"tags":[5],"_links":{"self":[{"href":"http:\/\/www.muricionline.com.br\/novo\/index.php?rest_route=\/wp\/v2\/posts\/10982"}],"collection":[{"href":"http:\/\/www.muricionline.com.br\/novo\/index.php?rest_route=\/wp\/v2\/posts"}],"about":[{"href":"http:\/\/www.muricionline.com.br\/novo\/index.php?rest_route=\/wp\/v2\/types\/post"}],"author":[{"embeddable":true,"href":"http:\/\/www.muricionline.com.br\/novo\/index.php?rest_route=\/wp\/v2\/users\/1"}],"replies":[{"embeddable":true,"href":"http:\/\/www.muricionline.com.br\/novo\/index.php?rest_route=%2Fwp%2Fv2%2Fcomments&post=10982"}],"version-history":[{"count":1,"href":"http:\/\/www.muricionline.com.br\/novo\/index.php?rest_route=\/wp\/v2\/posts\/10982\/revisions"}],"predecessor-version":[{"id":10987,"href":"http:\/\/www.muricionline.com.br\/novo\/index.php?rest_route=\/wp\/v2\/posts\/10982\/revisions\/10987"}],"wp:featuredmedia":[{"embeddable":true,"href":"http:\/\/www.muricionline.com.br\/novo\/index.php?rest_route=\/wp\/v2\/media\/10986"}],"wp:attachment":[{"href":"http:\/\/www.muricionline.com.br\/novo\/index.php?rest_route=%2Fwp%2Fv2%2Fmedia&parent=10982"}],"wp:term":[{"taxonomy":"category","embeddable":true,"href":"http:\/\/www.muricionline.com.br\/novo\/index.php?rest_route=%2Fwp%2Fv2%2Fcategories&post=10982"},{"taxonomy":"post_tag","embeddable":true,"href":"http:\/\/www.muricionline.com.br\/novo\/index.php?rest_route=%2Fwp%2Fv2%2Ftags&post=10982"}],"curies":[{"name":"wp","href":"https:\/\/api.w.org\/{rel}","templated":true}]}}