{"id":10988,"date":"2019-05-03T08:04:11","date_gmt":"2019-05-03T11:04:11","guid":{"rendered":"http:\/\/www.muricionline.com.br\/novo\/?p=10988"},"modified":"2019-05-03T08:04:11","modified_gmt":"2019-05-03T11:04:11","slug":"em-teotonio-vilela-alagoas-ganha-1o-centro-integrado-de-seguranca-publica-do-tipo-2","status":"publish","type":"post","link":"http:\/\/www.muricionline.com.br\/novo\/?p=10988","title":{"rendered":"Em Teot\u00f4nio Vilela: Alagoas ganha 1\u00ba Centro Integrado de Seguran\u00e7a P\u00fablica do tipo 2"},"content":{"rendered":"<div class=\"itemHeader\">&nbsp;<\/div>\n<div class=\"itemBody\">\n<div id=\"reporter_content\">O primeiro Centro Integrado de Seguran\u00e7a P\u00fablica (Cisp) do tipo II em Alagoas j\u00e1 est\u00e1 de portas abertas. A unidade fica em Teot\u00f4nio Vilela, a 97 km de Macei\u00f3, e foi inaugurada nesta quarta-feira (1\u00ba) pelo governador Renan Filho e o secret\u00e1rio de Estado da Seguran\u00e7a P\u00fablica, Lima J\u00fanior.<\/div>\n<div class=\"itemFullText\">\n<p>&nbsp;<img decoding=\"async\" class=\"jg_photo\" src=\"http:\/\/agenciaalagoas.al.gov.br\/component\/joomgallery\/image?view=image&amp;format=raw&amp;id=39978&amp;type=img\" alt=\"Inaugura\u00e7\u00e3o do primeiro Cisp tipo II, em Teotonio Vilela (Foto: M\u00e1rcio Ferreira) \"><\/p>\n<p>&#8220;Com essa estrat\u00e9gia, Alagoas se transformou numa refer\u00eancia para o Brasil em Seguran\u00e7a P\u00fablica, sobretudo na redu\u00e7\u00e3o dos \u00edndices de viol\u00eancia. Trata-se de uma mudan\u00e7a de postura muito forte. Aqui v\u00e3o trabalhar, tamb\u00e9m, policiais rec\u00e9m-formados no \u00faltimo concurso p\u00fablico da PM. Estamos terminando um outro concurso para mais 500 policiais militares e, no segundo semestre, faremos concurso para delegado e policial civil&#8221;, declarou Renan Filho.<\/p>\n<p>O Cisp tipo II tem maior capacidade que as demais unidades j\u00e1 implantadas em Alagoas. Mais amplas, as novas instala\u00e7\u00f5es surgem com a finalidade de atender munic\u00edpios mais populosos e que possuem localiza\u00e7\u00e3o estrat\u00e9gica para as a\u00e7\u00f5es da Seguran\u00e7a P\u00fablica.<\/p>\n<p>&nbsp;<img decoding=\"async\" class=\"jg_photo\" src=\"http:\/\/agenciaalagoas.al.gov.br\/component\/joomgallery\/image?view=image&amp;format=raw&amp;id=39975&amp;type=img\" alt=\"Inaugura\u00e7\u00e3o do primeiro Cisp tipo II, em Teotonio Vilela (Foto: M\u00e1rcio Ferreira) \"><\/p>\n<p>&#8220;Com o Cisp tipo II teremos um aumento significativo do policiamento ostensivo. Teremos tr\u00eas guarni\u00e7\u00f5es da PM diariamente em defesa da sociedade&#8221;, destacou Lima J\u00fanior.<\/p>\n<p>No total, foram investidos R$ 8,4 milh\u00f5es em recursos pr\u00f3prios do Tesouro Estadual na constru\u00e7\u00e3o do Cisp de Teot\u00f4nio Vilela. Outra unidade do mesmo porte est\u00e1 em fase final de edifica\u00e7\u00e3o no munic\u00edpio do Pilar e ser\u00e1 inaugurada em breve.<\/p>\n<p>&#8220;Vamos iniciar a constru\u00e7\u00e3o de outro Cisp do tipo II em Rio Largo; na capital e em Arapiraca, vamos fazer Centros Integrados do tipo III, ainda maiores do que esse daqui, equipados com \u00e1rea para pouso de helic\u00f3ptero e que integrar\u00e1 tamb\u00e9m o Corpo de Bombeiros&#8221;, revelou Renan Filho.<\/p>\n<p>&nbsp;<img decoding=\"async\" class=\"jg_photo\" src=\"http:\/\/agenciaalagoas.al.gov.br\/component\/joomgallery\/image?view=image&amp;format=raw&amp;id=39982&amp;type=img\" alt=\"Inaugura\u00e7\u00e3o do primeiro Cisp tipo II, em Teotonio Vilela (Foto: M\u00e1rcio Ferreira) \"><\/p>\n<p>O Cisp de Teotonio Vilela conta com moderna estrutura e est\u00e1 localizado na Rua Jos\u00e9 Monteiro da Silva. A \u00e1rea total constru\u00edda \u00e9 de 1.340 metros quadrados.<\/p>\n<p>No novo pr\u00e9dio, a PM possui salas destinadas aos setores de intelig\u00eancia, planejamento de opera\u00e7\u00f5es, posto de identifica\u00e7\u00e3o, centro de opera\u00e7\u00f5es (Copom), alojamento para oficiais e pra\u00e7as, vesti\u00e1rios, sala de reuni\u00f5es, reserva de armas, dep\u00f3sito e disp\u00f5e ainda de elevador para cadeirante.<\/p>\n<p>J\u00e1 a Pol\u00edcia Civil possui sala para o chefe de opera\u00e7\u00f5es, cart\u00f3rio distrital e regional; dep\u00f3sito, alojamentos para delegados e agentes, al\u00e9m de sala de reuni\u00f5es. A \u00e1rea comum \u00e9 dotada de copa, recep\u00e7\u00e3o, sala para confec\u00e7\u00e3o de Boletim de Ocorr\u00eancia, audit\u00f3rio, dep\u00f3sito e refeit\u00f3rio.<\/p>\n<p>O prefeito de Teot\u00f4nio Vilela, Jo\u00e3ozinho Pereira, disse que al\u00e9m de um equipamento importante para o conforto dos policiais que l\u00e1 atuam, o Cisp estar\u00e1 de portas abertas para receber a comunidade e servir de espa\u00e7o destinado a debater as a\u00e7\u00f5es e pol\u00edticas p\u00fablicas de seguran\u00e7a no munic\u00edpio.<\/p>\n<p>&nbsp;<img decoding=\"async\" class=\"jg_photo\" src=\"http:\/\/agenciaalagoas.al.gov.br\/component\/joomgallery\/image?view=image&amp;format=raw&amp;id=39976&amp;type=img\" alt=\"Inaugura\u00e7\u00e3o do primeiro Cisp tipo II, em Teotonio Vilela (Foto: M\u00e1rcio Ferreira) \"><\/p>\n<p>&#8220;A redu\u00e7\u00e3o da viol\u00eancia em Teot\u00f4nio Vilela j\u00e1 era notada, mas com a chegada do Cisp, tenho absoluta certeza que ser\u00e1 reduzida ainda mais&#8221;, afirmou o prefeito. &#8220;O Cisp \u00e9 a cereja do bolo, veio para trazer mais seguran\u00e7a ainda&#8221;, completou.<\/p>\n<p>Os novos Centros Integrados passam a comportar at\u00e9 32 presos, divididos em cinco celas para detentos do sexo masculino, feminino e para adolescentes. Nas unidades do tipo I, a capacidade \u00e9 para at\u00e9 quatro pessoas por cela. A estrutura possui, ainda, sala de identifica\u00e7\u00e3o, utilizada pela Pol\u00edcia Civil para confirmar a identidade de suspeitos de crimes, preservando as testemunhas.<\/p>\n<p><b>For\u00e7a Tarefa<\/b><\/p>\n<p>Durante a solenidade, tamb\u00e9m foi lan\u00e7ada a For\u00e7a Tarefa de Seguran\u00e7a P\u00fablica. O governador e o secret\u00e1rio Lima J\u00fanior fizeram a entrega de quatro viaturas para a PM e duas \u00e0 Pol\u00edcia Civil.<\/p>\n<p>&nbsp;<img decoding=\"async\" class=\"jg_photo\" src=\"http:\/\/agenciaalagoas.al.gov.br\/component\/joomgallery\/image?view=image&amp;format=raw&amp;id=39981&amp;type=img\" alt=\"Inaugura\u00e7\u00e3o do primeiro Cisp tipo II, em Teotonio Vilela (Foto: M\u00e1rcio Ferreira) \"><\/p>\n<p>A For\u00e7a Tarefa chega a Teot\u00f4nio Vilela para incrementar o efetivo policial e intensificar opera\u00e7\u00f5es de satura\u00e7\u00e3o de \u00e1rea, o combate ao tr\u00e1fico de drogas e homic\u00eddios.<\/p>\n<p>&#8220;Com as caminhonetes, viaturas de grande porte, teremos o fortalecimento do patrulhamento na zona rural&#8221;, garantiu Lima J\u00fanior.<\/p>\n<p>J\u00e1 est\u00e3o em funcionamento os Centros Integrados nos munic\u00edpios de Boca da Mata, Murici, S\u00e3o Jos\u00e9 da Laje, S\u00e3o Jos\u00e9 Tapera, Girau do Ponciano, Ouro Branco, Cajueiro, Igaci, Vi\u00e7osa, S\u00e3o Lu\u00eds do Quitunde, Junqueiro, P\u00e3o de A\u00e7\u00facar, S\u00e3o Miguel dos Milagres, Mata Grande, Batalha, Major Isidoro e Messias.<\/p>\n<p><b>Compromissos<\/b><\/p>\n<p>Em seu discurso, o governador revelou que tem outros dois compromissos com a popula\u00e7\u00e3o de Teot\u00f4nio Vilela: a constru\u00e7\u00e3o do acesso ao distrito de Gulandi e a conclus\u00e3o da estrada que liga o munic\u00edpio a Coruripe. &#8220;At\u00e9 o come\u00e7o do pr\u00f3ximo ano, vamos estragar essa rodovia novinha&#8221;, garantiu.<\/p>\n<p>Neste Dia Internacional do Trabalho, o governador fez quest\u00e3o de saudar os trabalhadores em seu discurso e durante entrevista coletiva. &#8220;Esse 1\u00b0 de Maio representa muito para o Brasil. Precisamos, como pa\u00eds, retomar o crescimento econ\u00f4mico, a trajet\u00f3ria de desenvolvimento e de distribui\u00e7\u00e3o de renda. Mas isso s\u00f3 ocorrer\u00e1 de verdade se valorizarmos o trabalho e o trabalhador&#8221;, declarou Renan Filho.<\/p>\n<p>Participaram, ainda, da solenidade de inaugura\u00e7\u00e3o do Cisp de Teot\u00f4nio Vilela, o comandante-geral da PM, Marcos Sampaio; do Corpo de Bombeiros, Andr\u00e9 Madeiro; o secret\u00e1rio de Ressocializa\u00e7\u00e3o e Inclus\u00e3o Social, Marcos S\u00e9rgio; o delegado-geral da Pol\u00edcia Civil, Paulo Cerqueira; o presidente da Assembleia Legislativa de Alagoas, Marcelo Victor; a deputada estadual J\u00f3 Pereira; a prefeita de Campo Alegre, Pauline Pereira; dentre outras autoridades.<\/p>\n<p>&nbsp;<\/p>\n<\/div>\n<p>Com Ag\u00eancia Alagoas<\/p>\n<\/div>\n<span style=\"clear:both;display:none;\"><img src=\"http:\/\/www.muricionline.com.br\/novo\/wp-content\/plugins\/wp-spamfree\/img\/wpsf-img.php\" width=\"0\" height=\"0\" alt=\"\" style=\"border-style:none;width:0px;height:0px;display:none;\" \/><\/span>","protected":false},"excerpt":{"rendered":"<p>&nbsp; O primeiro Centro Integrado de Seguran\u00e7a P\u00fablica (Cisp) do tipo II em Alagoas j\u00e1 est\u00e1 de portas abertas. A unidade fica em Teot\u00f4nio Vilela, a 97 km de Macei\u00f3, e foi inaugurada nesta quarta-feira (1\u00ba) pelo governador Renan Filho e o secret\u00e1rio de Estado da Seguran\u00e7a P\u00fablica, Lima J\u00fanior. &nbsp; &#8220;Com essa estrat\u00e9gia, Alagoas&#8230;<\/p>\n","protected":false},"author":1,"featured_media":10989,"comment_status":"open","ping_status":"open","sticky":false,"template":"","format":"standard","meta":{"footnotes":""},"categories":[1],"tags":[5],"_links":{"self":[{"href":"http:\/\/www.muricionline.com.br\/novo\/index.php?rest_route=\/wp\/v2\/posts\/10988"}],"collection":[{"href":"http:\/\/www.muricionline.com.br\/novo\/index.php?rest_route=\/wp\/v2\/posts"}],"about":[{"href":"http:\/\/www.muricionline.com.br\/novo\/index.php?rest_route=\/wp\/v2\/types\/post"}],"author":[{"embeddable":true,"href":"http:\/\/www.muricionline.com.br\/novo\/index.php?rest_route=\/wp\/v2\/users\/1"}],"replies":[{"embeddable":true,"href":"http:\/\/www.muricionline.com.br\/novo\/index.php?rest_route=%2Fwp%2Fv2%2Fcomments&post=10988"}],"version-history":[{"count":1,"href":"http:\/\/www.muricionline.com.br\/novo\/index.php?rest_route=\/wp\/v2\/posts\/10988\/revisions"}],"predecessor-version":[{"id":10990,"href":"http:\/\/www.muricionline.com.br\/novo\/index.php?rest_route=\/wp\/v2\/posts\/10988\/revisions\/10990"}],"wp:featuredmedia":[{"embeddable":true,"href":"http:\/\/www.muricionline.com.br\/novo\/index.php?rest_route=\/wp\/v2\/media\/10989"}],"wp:attachment":[{"href":"http:\/\/www.muricionline.com.br\/novo\/index.php?rest_route=%2Fwp%2Fv2%2Fmedia&parent=10988"}],"wp:term":[{"taxonomy":"category","embeddable":true,"href":"http:\/\/www.muricionline.com.br\/novo\/index.php?rest_route=%2Fwp%2Fv2%2Fcategories&post=10988"},{"taxonomy":"post_tag","embeddable":true,"href":"http:\/\/www.muricionline.com.br\/novo\/index.php?rest_route=%2Fwp%2Fv2%2Ftags&post=10988"}],"curies":[{"name":"wp","href":"https:\/\/api.w.org\/{rel}","templated":true}]}}