{"id":10991,"date":"2019-05-03T12:21:50","date_gmt":"2019-05-03T15:21:50","guid":{"rendered":"http:\/\/www.muricionline.com.br\/novo\/?p=10991"},"modified":"2019-05-03T12:22:21","modified_gmt":"2019-05-03T15:22:21","slug":"10991","status":"publish","type":"post","link":"http:\/\/www.muricionline.com.br\/novo\/?p=10991","title":{"rendered":"Prefeitura de Uni\u00e3o dos Palmares lan\u00e7a projeto de urbaniza\u00e7\u00e3o e revitaliza\u00e7\u00e3o da hist\u00f3rica Esta\u00e7\u00e3o Ferrovi\u00e1ria"},"content":{"rendered":"<p>Com objetivo de impulsionar turismo da regi\u00e3o, al\u00e9m de oferecer aos palmarinos e visitantes lazer e cultura, a Prefeitura de Uni\u00e3o dos Palmares d\u00e1 in\u00edcio a um projeto de urbaniza\u00e7\u00e3o e revitaliza\u00e7\u00e3o da Esta\u00e7\u00e3o Ferrovi\u00e1ria, transformando o local em uma atra\u00e7\u00e3o tur\u00edstica de grande potencial econ\u00f4mico. O projeto era um sonho do prefeito Areski Freitas (Kil) que agora est\u00e1 prestes a se tornar realidade.<\/p>\n<p>A Procuradoria e a SMTT do munic\u00edpio estiveram na sede da Transnordestina, respons\u00e1vel pelo local, em Fortaleza\/Cear\u00e1, para conseguir a concess\u00e3o da esplanada da Esta\u00e7\u00e3o Ferrovi\u00e1ria, por comodato. Na oportunidade foram recebidos pelos t\u00e9cnicos Ant\u00f4nio Ferreira e F\u00e1bio Albuquerque, respons\u00e1veis pela gest\u00e3o do patrim\u00f4nio da antiga Rede Ferrovi\u00e1ria.<\/p>\n<p>\u201cEntusiasmados, abra\u00e7aram a ideia de revitaliza\u00e7\u00e3o e se dispuseram a agilizar tanto a concess\u00e3o do p\u00e1tio da esta\u00e7\u00e3o, como tamb\u00e9m o comodato de vag\u00f5es de madeiras e outros itens para forma\u00e7\u00e3o de um acervo substancial para cria\u00e7\u00e3o de um museu. Esse cess\u00e3o ser\u00e1 firmada entre o munic\u00edpio de Uni\u00e3o dos Palmares, a Transnordestina, o DNIT e o IPHAN\u201d, disse o procurador-geral do munic\u00edpio, Allan Belarmino.<\/p>\n<p>O projeto de resgate da hist\u00f3ria da cidade tem um escopo de urbanizar a esplanada da esta\u00e7\u00e3o ferrovi\u00e1ria com a pavimenta\u00e7\u00e3o adequada, reativa\u00e7\u00e3o do girador (fundamental na \u00e9poca do trem Maria Fuma\u00e7a), revitaliza\u00e7\u00e3o e restauro da Esta\u00e7\u00e3o Ferrovi\u00e1ria, conservando a arquitetura original, assim com a cria\u00e7\u00e3o de um espa\u00e7o para apresenta\u00e7\u00f5es culturais e de um espa\u00e7o gastron\u00f4mico, sendo utilizado vag\u00f5es de trens \u2013 \u201cTrem-Food\u201d \u2013 para preparo de comidas da regi\u00e3o, e a implanta\u00e7\u00e3o do espa\u00e7o \u201cEsta\u00e7\u00e3o Digital\u201d, para pesquisa e apresenta\u00e7\u00e3o da hist\u00f3ria da ferrovia em tel\u00e3o multim\u00eddia e em sua \u00faltima etapa, implanta\u00e7\u00e3o de um passeio de trem (Expresso da Liberdade) entre o centro de Uni\u00e3o dos Palmares at\u00e9 o distrito de Rocha Cavalcante com um percurso de 15 km. O passeio cultural ser\u00e1 oferecido aos moradores da cidade e turistas, que ir\u00e3o contemplar a paisagem e conhecer a hist\u00f3ria da ferrovia e do munic\u00edpio.<\/p>\n<p>Pouco se conhece, mas a origem do nome da cidade, Uni\u00e3o dos Palmares, deu-se com o avan\u00e7o do transporte ferrovi\u00e1rio. A denomina\u00e7\u00e3o \u201cUni\u00e3o\u201d surgiu atrav\u00e9s do decreto n\u00ba 46, de 25 de setembro de 1890, e teve origem no fato da cidade ser o elo entre as estradas de ferro de Alagoas e Pernambuco. O nome definitivo da cidade s\u00f3 veio a ser dado em 1944, quando houve o acr\u00e9scimo de Palmares ao nome da cidade, em homenagem ao Quilombo dos Palmares.<\/p>\n<p>Nesta sexta, 03, os representantes do munic\u00edpio estar\u00e3o com o Dr Hamilton Pereira, 76 anos, ex-engenheiro da Rede Ferrovi\u00e1ria Federal S\/A (RFFSA), passando 34 anos na fun\u00e7\u00e3o. Atualmente ele faz parte de um sindicato de ex-ferrovi\u00e1rios e cuida de um memorial de pe\u00e7as antigas localizado na sede da RFFSA na Pra\u00e7a da Esta\u00e7\u00e3o, no Centro de Fortaleza.<\/p>\n<p>&nbsp;<\/p>\n<p>Com Assessoria<\/p>\n<span style=\"clear:both;display:none;\"><img src=\"http:\/\/www.muricionline.com.br\/novo\/wp-content\/plugins\/wp-spamfree\/img\/wpsf-img.php\" width=\"0\" height=\"0\" alt=\"\" style=\"border-style:none;width:0px;height:0px;display:none;\" \/><\/span>","protected":false},"excerpt":{"rendered":"<p>Com objetivo de impulsionar turismo da regi\u00e3o, al\u00e9m de oferecer aos palmarinos e visitantes lazer e cultura, a Prefeitura de Uni\u00e3o dos Palmares d\u00e1 in\u00edcio a um projeto de urbaniza\u00e7\u00e3o e revitaliza\u00e7\u00e3o da Esta\u00e7\u00e3o Ferrovi\u00e1ria, transformando o local em uma atra\u00e7\u00e3o tur\u00edstica de grande potencial econ\u00f4mico. O projeto era um sonho do prefeito Areski Freitas&#8230;<\/p>\n","protected":false},"author":1,"featured_media":0,"comment_status":"open","ping_status":"open","sticky":false,"template":"","format":"standard","meta":{"footnotes":""},"categories":[8],"tags":[5],"_links":{"self":[{"href":"http:\/\/www.muricionline.com.br\/novo\/index.php?rest_route=\/wp\/v2\/posts\/10991"}],"collection":[{"href":"http:\/\/www.muricionline.com.br\/novo\/index.php?rest_route=\/wp\/v2\/posts"}],"about":[{"href":"http:\/\/www.muricionline.com.br\/novo\/index.php?rest_route=\/wp\/v2\/types\/post"}],"author":[{"embeddable":true,"href":"http:\/\/www.muricionline.com.br\/novo\/index.php?rest_route=\/wp\/v2\/users\/1"}],"replies":[{"embeddable":true,"href":"http:\/\/www.muricionline.com.br\/novo\/index.php?rest_route=%2Fwp%2Fv2%2Fcomments&post=10991"}],"version-history":[{"count":2,"href":"http:\/\/www.muricionline.com.br\/novo\/index.php?rest_route=\/wp\/v2\/posts\/10991\/revisions"}],"predecessor-version":[{"id":10993,"href":"http:\/\/www.muricionline.com.br\/novo\/index.php?rest_route=\/wp\/v2\/posts\/10991\/revisions\/10993"}],"wp:attachment":[{"href":"http:\/\/www.muricionline.com.br\/novo\/index.php?rest_route=%2Fwp%2Fv2%2Fmedia&parent=10991"}],"wp:term":[{"taxonomy":"category","embeddable":true,"href":"http:\/\/www.muricionline.com.br\/novo\/index.php?rest_route=%2Fwp%2Fv2%2Fcategories&post=10991"},{"taxonomy":"post_tag","embeddable":true,"href":"http:\/\/www.muricionline.com.br\/novo\/index.php?rest_route=%2Fwp%2Fv2%2Ftags&post=10991"}],"curies":[{"name":"wp","href":"https:\/\/api.w.org\/{rel}","templated":true}]}}