{"id":11046,"date":"2019-05-09T09:58:17","date_gmt":"2019-05-09T12:58:17","guid":{"rendered":"http:\/\/www.muricionline.com.br\/novo\/?p=11046"},"modified":"2019-05-09T09:59:08","modified_gmt":"2019-05-09T12:59:08","slug":"servidores-publicos-capacitacao-apresenta-alternativas-para-incrementos-na-receita-municipal","status":"publish","type":"post","link":"http:\/\/www.muricionline.com.br\/novo\/?p=11046","title":{"rendered":"Servidores P\u00fablicos: Capacita\u00e7\u00e3o apresenta alternativas para incrementos na receita municipal"},"content":{"rendered":"<div style=\"color: #000000; font-family: wf_segoe-ui_normal, 'Segoe UI', 'Segoe WP', Tahoma, Arial, sans-serif; font-size: medium;\">\n<div class=\"_rp_i ms-border-color-neutralLight\" style=\"border-color: #eaeaea; margin: 0px 15px; border-bottom-width: 2px; border-bottom-style: solid; right: 0px; min-width: 230px; clear: both;\" aria-selected=\"true\">\n<div class=\"_rp_M4 ShowReferenceAttachmentsLinks ShowConsesusSchedulingLink\" style=\"min-height: 70px; padding: 13px 0px 34px;\">\n<div class=\"_rp_O4\" style=\"clear: both; position: relative; top: 0px; width: auto; padding: 0px; overflow-wrap: break-word;\">\n<div id=\"Item.MessageUniqueBody\" class=\"_rp_P4 ms-font-weight-regular ms-font-color-neutralPrimary rpHighlightAllClass rpHighlightBodyClass\" style=\"font-family: wf_segoe-ui_normal, 'Segoe UI', 'Segoe WP', Tahoma, Arial, sans-serif, serif, EmojiFont; color: #333333; font-size: 15px;\">\n<div class=\"rps_bbbd\">\n<div dir=\"ltr\">\n<div class=\"x_gmail_quote\">\n<div dir=\"ltr\">\n<p class=\"x_MsoNormal\" style=\"margin: 0cm 0cm 0.0001pt; text-align: justify; line-height: normal; background-image: initial; background-position: initial; background-size: initial; background-repeat: initial; background-origin: initial; background-clip: initial; font-size: 11pt; font-family: Calibri, sans-serif, serif, EmojiFont;\"><span style=\"font-size: 12pt; font-family: Arial, sans-serif, serif, EmojiFont;\">Servidores P\u00fablicos: Capacita\u00e7\u00e3o apresenta alternativas para incrementos na receita municipal.<\/span><\/p>\n<p class=\"x_MsoNormal\" style=\"margin: 0cm 0cm 0.0001pt; text-align: justify; line-height: normal; background-image: initial; background-position: initial; background-size: initial; background-repeat: initial; background-origin: initial; background-clip: initial; font-size: 11pt; font-family: Calibri, sans-serif, serif, EmojiFont;\"><span style=\"font-size: 12pt; font-family: Arial, sans-serif, serif, EmojiFont;\">&nbsp;<\/span><\/p>\n<p class=\"x_MsoNormal\" style=\"margin: 0cm 0cm 0.0001pt; text-align: justify; line-height: normal; background-image: initial; background-position: initial; background-size: initial; background-repeat: initial; background-origin: initial; background-clip: initial; font-size: 11pt; font-family: Calibri, sans-serif, serif, EmojiFont;\"><span style=\"font-size: 12pt; font-family: Arial, sans-serif, serif, EmojiFont;\">&nbsp;<\/span><\/p>\n<p class=\"x_MsoNormal\" style=\"margin: 0cm 0cm 0.0001pt; text-align: justify; line-height: normal; background-image: initial; background-position: initial; background-size: initial; background-repeat: initial; background-origin: initial; background-clip: initial; font-size: 11pt; font-family: Calibri, sans-serif, serif, EmojiFont;\"><span style=\"font-size: 12pt; font-family: Arial, sans-serif, serif, EmojiFont;\">Com uma gest\u00e3o s\u00e9ria e&nbsp; transparente o que vem possibilitando positivamente a aplica\u00e7\u00e3o dos recursos, as finan\u00e7as do munic\u00edpio de S\u00e3o Jose da Laje tem sido refer\u00eancia para os demais gestores de Alagoas. Recentemente os servidores da Secretaria de Finan\u00e7as&nbsp; do munic\u00edpio&nbsp; em busca de uma maior independ\u00eancia financeira, coordenados pela secret\u00e1ria de finan\u00e7as Cinthia Lopes participaram de uma capacita\u00e7\u00e3o da Confedera\u00e7\u00e3o Nacional dos Munic\u00edpios (CNM), realizada na sede da AMA &#8211; Associa\u00e7\u00e3o dos Munic\u00edpios Alagoanos, os servidores foram capacitados para atuar in loco, com a expertise compartilhada pelo Auditor Fiscal e T\u00e9cnico da CNM, Eudes Sippel.<\/span><\/p>\n<p class=\"x_MsoNormal\" style=\"margin: 0cm 0cm 0.0001pt; text-align: justify; line-height: normal; background-image: initial; background-position: initial; background-size: initial; background-repeat: initial; background-origin: initial; background-clip: initial; font-size: 11pt; font-family: Calibri, sans-serif, serif, EmojiFont;\"><span style=\"font-size: 12pt; font-family: Arial, sans-serif, serif, EmojiFont;\">&nbsp;<\/span><\/p>\n<p class=\"x_MsoNormal\" style=\"margin: 0cm 0cm 0.0001pt; text-align: justify; line-height: normal; background-image: initial; background-position: initial; background-size: initial; background-repeat: initial; background-origin: initial; background-clip: initial; font-size: 11pt; font-family: Calibri, sans-serif, serif, EmojiFont;\"><span style=\"font-size: 12pt; font-family: Arial, sans-serif, serif, EmojiFont;\">Por 2 anos,&nbsp; as finan\u00e7as foram estudadas academicamente, resultando em 1 disserta\u00e7\u00e3o de mestrado, sob a autoria de sua Procuradora Geral, Dra. Roseli Matias,&nbsp; e orienta\u00e7\u00e3o do Prof. Doutor Helio Ourem, al\u00e9m de palestras e trabalhos acad\u00eamicos, at\u00e9 com repercuss\u00e3o acad\u00eamica internacional.&nbsp;<\/span><\/p>\n<p class=\"x_MsoNormal\" style=\"margin: 0cm 0cm 0.0001pt; text-align: justify; line-height: normal; background-image: initial; background-position: initial; background-size: initial; background-repeat: initial; background-origin: initial; background-clip: initial; font-size: 11pt; font-family: Calibri, sans-serif, serif, EmojiFont;\"><span style=\"font-size: 12pt; font-family: Arial, sans-serif, serif, EmojiFont;\">&nbsp;<\/span><\/p>\n<p class=\"x_MsoNormal\" style=\"margin: 0cm 0cm 0.0001pt; text-align: justify; line-height: normal; background-image: initial; background-position: initial; background-size: initial; background-repeat: initial; background-origin: initial; background-clip: initial; font-size: 11pt; font-family: Calibri, sans-serif, serif, EmojiFont;\"><span style=\"font-size: 12pt; font-family: Arial, sans-serif, serif, EmojiFont;\">Como os&nbsp; n\u00fameros financeiros levantados, com base em dados oficiais e n\u00e3o subjetividade, a exemplo do cen\u00e1rio dos munic\u00edpios brasileiros, demandam a\u00e7\u00f5es concretas para incremento das receitas municipais e, consequentemente, maior efetiva\u00e7\u00e3o do Estado Social, enfatiza a Procuradora. \u201c\u00c9 chegada a hora de aliar toda essa teoria a pr\u00e1tica, os nossos esfor\u00e7os e preocupa\u00e7\u00e3o com o dinheiro p\u00fablico atrav\u00e9s da transfer\u00eancia e correta aplicabilidade tem gerado \u00f3timos resultados e perspectivas\u201d.&nbsp; Comentou a Procuradora Municipal Dra. Roseli Matias.<\/span><\/p>\n<p class=\"x_MsoNormal\" style=\"margin: 0cm 0cm 0.0001pt; text-align: justify; line-height: normal; background-image: initial; background-position: initial; background-size: initial; background-repeat: initial; background-origin: initial; background-clip: initial; font-size: 11pt; font-family: Calibri, sans-serif, serif, EmojiFont;\"><span style=\"font-size: 12pt; font-family: Arial, sans-serif, serif, EmojiFont;\">&nbsp;<\/span><\/p>\n<p class=\"x_MsoNormal\" style=\"margin: 0cm 0cm 0.0001pt; text-align: justify; line-height: normal; background-image: initial; background-position: initial; background-size: initial; background-repeat: initial; background-origin: initial; background-clip: initial; font-size: 11pt; font-family: Calibri, sans-serif, serif, EmojiFont;\"><span style=\"font-size: 12pt; font-family: Arial, sans-serif, serif, EmojiFont;\">Para o prefeito, Rodrigo Valen\u00e7a, \u201cEstamos convictos que essa a\u00e7\u00e3o \u00e9 extremamente necess\u00e1ria, porque, sem receitas tribut\u00e1rias, o Munic\u00edpio n\u00e3o consegue efetivar a sa\u00fade, a educa\u00e7\u00e3o, a assist\u00eancia social, a infraestrutura e todas as demais pastas de sua compet\u00eancia\u201d.<\/span><\/p>\n<p class=\"x_MsoNormal\" style=\"margin: 0cm 0cm 0.0001pt; text-align: justify; line-height: normal; background-image: initial; background-position: initial; background-size: initial; background-repeat: initial; background-origin: initial; background-clip: initial; font-size: 11pt; font-family: Calibri, sans-serif, serif, EmojiFont;\"><span style=\"font-size: 12pt; font-family: Arial, sans-serif, serif, EmojiFont;\">&nbsp;<\/span><\/p>\n<p class=\"x_MsoNormal\" style=\"margin: 0cm 0cm 0.0001pt; text-align: justify; line-height: normal; background-image: initial; background-position: initial; background-size: initial; background-repeat: initial; background-origin: initial; background-clip: initial; font-size: 11pt; font-family: Calibri, sans-serif, serif, EmojiFont;\"><span style=\"font-size: 12pt; font-family: Arial, sans-serif, serif, EmojiFont;\">J\u00e1 o vice-prefeito, Jerciton J\u00fanior, \u201c\u00c9&nbsp; preciso consci\u00eancia pol\u00edtica, administrativa e&nbsp; social, para compreender que o Munic\u00edpio s\u00f3 consegue cumprir com suas obriga\u00e7\u00f5es sociais por meio da arrecada\u00e7\u00e3o tribut\u00e1ria\u201d. Em complemento,&nbsp; o Secret\u00e1rio de Rela\u00e7\u00f5es Institucionais, Paulo Roberto (Neno), enfatiza que assim estamos caminhando, com o engajamento&nbsp; de toda nossa equipe gestora pr\u00f3pria e alian\u00e7as pol\u00edticas&nbsp; para reformula\u00e7\u00e3o do quadro fiscal, visando melhorias para a popula\u00e7\u00e3o.<\/span><\/p>\n<p class=\"x_MsoNormal\" style=\"margin: 0cm 0cm 0.0001pt; text-align: justify; line-height: normal; background-image: initial; background-position: initial; background-size: initial; background-repeat: initial; background-origin: initial; background-clip: initial; font-size: 11pt; font-family: Calibri, sans-serif, serif, EmojiFont;\"><span style=\"font-size: 12pt; font-family: Arial, sans-serif, serif, EmojiFont;\">&nbsp;<\/span><\/p>\n<p class=\"x_MsoNormal\" style=\"margin: 0cm 0cm 0.0001pt; text-align: justify; line-height: normal; background-image: initial; background-position: initial; background-size: initial; background-repeat: initial; background-origin: initial; background-clip: initial; font-size: 11pt; font-family: Calibri, sans-serif, serif, EmojiFont;\"><span style=\"font-size: 12pt; font-family: Arial, sans-serif, serif, EmojiFont;\">&nbsp;<\/span><\/p>\n<p class=\"x_MsoNormal\" style=\"margin: 0cm 0cm 0.0001pt; text-align: justify; line-height: normal; background-image: initial; background-position: initial; background-size: initial; background-repeat: initial; background-origin: initial; background-clip: initial; font-size: 11pt; font-family: Calibri, sans-serif, serif, EmojiFont;\"><span style=\"font-size: 12pt; font-family: Arial, sans-serif, serif, EmojiFont;\">Por SECOM &#8211;&nbsp;<\/span><span style=\"font-family: Arial, sans-serif, serif, EmojiFont; font-size: 12pt;\">S\u00e3o Jos\u00e9 da Laje\/AL<\/span><\/p>\n<\/div>\n<\/div>\n<\/div>\n<\/div>\n<\/div>\n<\/div>\n<\/div>\n<\/div>\n<\/div>\n<span style=\"clear:both;display:none;\"><img src=\"http:\/\/www.muricionline.com.br\/novo\/wp-content\/plugins\/wp-spamfree\/img\/wpsf-img.php\" width=\"0\" height=\"0\" alt=\"\" style=\"border-style:none;width:0px;height:0px;display:none;\" \/><\/span>","protected":false},"excerpt":{"rendered":"<p>Servidores P\u00fablicos: Capacita\u00e7\u00e3o apresenta alternativas para incrementos na receita municipal. &nbsp; &nbsp; Com uma gest\u00e3o s\u00e9ria e&nbsp; transparente o que vem possibilitando positivamente a aplica\u00e7\u00e3o dos recursos, as finan\u00e7as do munic\u00edpio de S\u00e3o Jose da Laje tem sido refer\u00eancia para os demais gestores de Alagoas. Recentemente os servidores da Secretaria de Finan\u00e7as&nbsp; do munic\u00edpio&nbsp; em&#8230;<\/p>\n","protected":false},"author":1,"featured_media":11047,"comment_status":"open","ping_status":"open","sticky":false,"template":"","format":"standard","meta":{"footnotes":""},"categories":[8],"tags":[5],"_links":{"self":[{"href":"http:\/\/www.muricionline.com.br\/novo\/index.php?rest_route=\/wp\/v2\/posts\/11046"}],"collection":[{"href":"http:\/\/www.muricionline.com.br\/novo\/index.php?rest_route=\/wp\/v2\/posts"}],"about":[{"href":"http:\/\/www.muricionline.com.br\/novo\/index.php?rest_route=\/wp\/v2\/types\/post"}],"author":[{"embeddable":true,"href":"http:\/\/www.muricionline.com.br\/novo\/index.php?rest_route=\/wp\/v2\/users\/1"}],"replies":[{"embeddable":true,"href":"http:\/\/www.muricionline.com.br\/novo\/index.php?rest_route=%2Fwp%2Fv2%2Fcomments&post=11046"}],"version-history":[{"count":1,"href":"http:\/\/www.muricionline.com.br\/novo\/index.php?rest_route=\/wp\/v2\/posts\/11046\/revisions"}],"predecessor-version":[{"id":11048,"href":"http:\/\/www.muricionline.com.br\/novo\/index.php?rest_route=\/wp\/v2\/posts\/11046\/revisions\/11048"}],"wp:featuredmedia":[{"embeddable":true,"href":"http:\/\/www.muricionline.com.br\/novo\/index.php?rest_route=\/wp\/v2\/media\/11047"}],"wp:attachment":[{"href":"http:\/\/www.muricionline.com.br\/novo\/index.php?rest_route=%2Fwp%2Fv2%2Fmedia&parent=11046"}],"wp:term":[{"taxonomy":"category","embeddable":true,"href":"http:\/\/www.muricionline.com.br\/novo\/index.php?rest_route=%2Fwp%2Fv2%2Fcategories&post=11046"},{"taxonomy":"post_tag","embeddable":true,"href":"http:\/\/www.muricionline.com.br\/novo\/index.php?rest_route=%2Fwp%2Fv2%2Ftags&post=11046"}],"curies":[{"name":"wp","href":"https:\/\/api.w.org\/{rel}","templated":true}]}}