{"id":11317,"date":"2019-07-19T12:49:45","date_gmt":"2019-07-19T15:49:45","guid":{"rendered":"http:\/\/www.muricionline.com.br\/novo\/?p=11317"},"modified":"2019-07-19T12:51:07","modified_gmt":"2019-07-19T15:51:07","slug":"11317","status":"publish","type":"post","link":"http:\/\/www.muricionline.com.br\/novo\/?p=11317","title":{"rendered":"Prefeitura de Santana do Munda\u00fa inicia constru\u00e7\u00e3o dos Mirantes Padre C\u00edcero I e Rio Munda\u00fa"},"content":{"rendered":"<p><span style=\"font-family: Arial, Helvetica, sans-serif;\">Assinada a Ordem de Servi\u00e7o no \u00faltimo dia 14 de junho, a prefeitura de Santana do Munda\u00fa deu in\u00edcio \u00e0 constru\u00e7\u00e3o dos Mirantes Padre C\u00edcero I e Rio Munda\u00fa. Com conv\u00eanio firmado por interm\u00e9dio do Minist\u00e9rio do Turismo, as<\/span>&nbsp;obras garantir\u00e3o&nbsp;novos&nbsp;espa\u00e7os de lazer, n\u00e3o&nbsp;apenas&nbsp;para a popula\u00e7\u00e3o, mas para os visitantes que poder\u00e3o ter&nbsp;acesso \u00e0&nbsp;uma vista privilegiada&nbsp;em ambientes&nbsp;totalmente projetados para receb\u00ea-los.<\/p>\n<p>&#8220;E<span style=\"color: #444444; font-family: Helvetica Neue,Helvetica,Arial,sans-serif;\">ntendemos que a import\u00e2ncia de investir&nbsp;<\/span>na hist\u00f3ria do munic\u00edpio,&nbsp;<span style=\"font-family: Arial,Helvetica,sans-serif;\">preservando e enaltecendo&nbsp;a nossa diversidade cultural e as&nbsp;belezas naturais, refletir\u00e1 na explora\u00e7\u00e3o&nbsp;tur\u00edstica&nbsp;e, consequentemente, no aquecimento da economia e na&nbsp;gera\u00e7\u00e3o de emprego e renda.&nbsp;Com a constru\u00e7\u00e3o dos mirantes, iremos fortalecer a cadeia do turismo na nossa regi\u00e3o e abriremos um novo leque de oportunidades para a popula\u00e7\u00e3o local<\/span><span style=\"font-family: Arial,Helvetica,sans-serif;\">&#8220;, destacou o prefeito Arthur Freitas.<\/span><\/p>\n<span style=\"clear:both;display:none;\"><img src=\"http:\/\/www.muricionline.com.br\/novo\/wp-content\/plugins\/wp-spamfree\/img\/wpsf-img.php\" width=\"0\" height=\"0\" alt=\"\" style=\"border-style:none;width:0px;height:0px;display:none;\" \/><\/span>","protected":false},"excerpt":{"rendered":"<p>Assinada a Ordem de Servi\u00e7o no \u00faltimo dia 14 de junho, a prefeitura de Santana do Munda\u00fa deu in\u00edcio \u00e0 constru\u00e7\u00e3o dos Mirantes Padre C\u00edcero I e Rio Munda\u00fa. Com conv\u00eanio firmado por interm\u00e9dio do Minist\u00e9rio do Turismo, as&nbsp;obras garantir\u00e3o&nbsp;novos&nbsp;espa\u00e7os de lazer, n\u00e3o&nbsp;apenas&nbsp;para a popula\u00e7\u00e3o, mas para os visitantes que poder\u00e3o ter&nbsp;acesso \u00e0&nbsp;uma vista privilegiada&nbsp;em&#8230;<\/p>\n","protected":false},"author":1,"featured_media":11318,"comment_status":"open","ping_status":"open","sticky":false,"template":"","format":"standard","meta":{"footnotes":""},"categories":[8],"tags":[5],"_links":{"self":[{"href":"http:\/\/www.muricionline.com.br\/novo\/index.php?rest_route=\/wp\/v2\/posts\/11317"}],"collection":[{"href":"http:\/\/www.muricionline.com.br\/novo\/index.php?rest_route=\/wp\/v2\/posts"}],"about":[{"href":"http:\/\/www.muricionline.com.br\/novo\/index.php?rest_route=\/wp\/v2\/types\/post"}],"author":[{"embeddable":true,"href":"http:\/\/www.muricionline.com.br\/novo\/index.php?rest_route=\/wp\/v2\/users\/1"}],"replies":[{"embeddable":true,"href":"http:\/\/www.muricionline.com.br\/novo\/index.php?rest_route=%2Fwp%2Fv2%2Fcomments&post=11317"}],"version-history":[{"count":2,"href":"http:\/\/www.muricionline.com.br\/novo\/index.php?rest_route=\/wp\/v2\/posts\/11317\/revisions"}],"predecessor-version":[{"id":11320,"href":"http:\/\/www.muricionline.com.br\/novo\/index.php?rest_route=\/wp\/v2\/posts\/11317\/revisions\/11320"}],"wp:featuredmedia":[{"embeddable":true,"href":"http:\/\/www.muricionline.com.br\/novo\/index.php?rest_route=\/wp\/v2\/media\/11318"}],"wp:attachment":[{"href":"http:\/\/www.muricionline.com.br\/novo\/index.php?rest_route=%2Fwp%2Fv2%2Fmedia&parent=11317"}],"wp:term":[{"taxonomy":"category","embeddable":true,"href":"http:\/\/www.muricionline.com.br\/novo\/index.php?rest_route=%2Fwp%2Fv2%2Fcategories&post=11317"},{"taxonomy":"post_tag","embeddable":true,"href":"http:\/\/www.muricionline.com.br\/novo\/index.php?rest_route=%2Fwp%2Fv2%2Ftags&post=11317"}],"curies":[{"name":"wp","href":"https:\/\/api.w.org\/{rel}","templated":true}]}}