{"id":11353,"date":"2019-07-27T07:33:31","date_gmt":"2019-07-27T10:33:31","guid":{"rendered":"http:\/\/www.muricionline.com.br\/novo\/?p=11353"},"modified":"2019-07-27T07:44:39","modified_gmt":"2019-07-27T10:44:39","slug":"sao-jose-da-laje-e-a-1a-cidade-do-interior-de-al-a-inaugurar-arquivo-publico-municipal","status":"publish","type":"post","link":"http:\/\/www.muricionline.com.br\/novo\/?p=11353","title":{"rendered":"S\u00e3o Jos\u00e9 da Laje \u00e9 a 1\u00aa cidade do interior de AL a inaugurar Arquivo P\u00fablico Municipal"},"content":{"rendered":"<div class=\"itemHeader\">\n<div class=\"itemBody\">\n<div class=\"itemFullText\">\n<p>O Aquivo P\u00fablico de Alagoas (APA),&nbsp;\u00f3rg\u00e3o vinculado ao Gabinete Civil do Estado, ampliar\u00e1 neste s\u00e1bado (27) seus tent\u00e1culos culturais e hist\u00f3ricos a outro munic\u00edpio do Estado, potencializando o projeto de interioriza\u00e7\u00e3o de Arquivos P\u00fablicos Municipais.&nbsp;&nbsp;O Munic\u00edpio de S\u00e3o Jos\u00e9 da Laje se tornar\u00e1 o primeiro do interior alagoano a implantar o guardi\u00e3o da historia de seu povo: o Arquivo P\u00fablico Municipal. O evento ocorrer\u00e1 \u00e0s 16h, na Pra\u00e7a Padre C\u00edcero, no centro, e contar\u00e1 com autoridades e personalidades.<\/p>\n<p>O momento hist\u00f3rico foi poss\u00edvel gra\u00e7as ao esfor\u00e7o da prefeitura da cidade e \u00e0 parceria com o APA, respons\u00e1vel por fazer a consultoria para a implanta\u00e7\u00e3o, orienta\u00e7\u00e3o&nbsp;em rela\u00e7\u00e3o \u00e0s tratativas e os processos t\u00e9cnicos necess\u00e1rios de recupera\u00e7\u00e3o e conserva\u00e7\u00e3o de documentos hist\u00f3ricos, pesquisa de dados, entre outros servi\u00e7os.<\/p>\n<p>O secret\u00e1rio do Gabinete Civil, F\u00e1bio Farias, destaca o momento hist\u00f3rico para o povo lajense. \u201cEm nome do governador Renan Filho, parabenizamos e estamos muito felizes com essa inaugura\u00e7\u00e3o. \u00c9 motivo de muito orgulho para nosso Estado. \u00c9 uma alegria para o APA, \u00f3rg\u00e3o do Gabinete Civil, ter participado da consultoria t\u00e9cnica. Dessa forma, parabenizo a prefeitura, todos os&nbsp;secret\u00e1rios e ao povo de S\u00e3o da Laje, que eterniza a sua hist\u00f3ria. Que este exemplo sirva de incentivo a outros munic\u00edpios do Estado, para que o povo tenha sua mem\u00f3ria preservada com a implanta\u00e7\u00e3o de um Arquivo P\u00fablico Municipal, que \u00e9 o guardi\u00e3o da mem\u00f3ria\u201d, ressaltou Farias.&nbsp; &nbsp;<\/p>\n<p>S\u00e3o Jos\u00e9 da Laje fica na microrregi\u00e3o serrana dos Quilombos alagoanos e \u00e9 conhecida&nbsp;como a Princesa da Fronteira. Sua atmosfera de ar l\u00edmpido das serras e matas n\u00e3o s\u00f3 distribui ar puro aos nativos e turistas que a visitam. Distribui&nbsp;\u2014 e tamb\u00e9m respira&nbsp;\u2014 muita hist\u00f3ria, uma vez que v\u00e1rios nomes de destaque na sociedade alagoana nasceram na \u201cLaje\u201d, como \u00e9 carinhosamente chamada por seus nativos.<\/p>\n<p>\u201cS\u00e3o Jos\u00e9 da Laje imprime na hist\u00f3ria um marco, que \u00e9 a inaugura\u00e7\u00e3o &nbsp;do primeiro Arquivo P\u00fablico no interior do Estado. A popula\u00e7\u00e3o lajense est\u00e1 de parab\u00e9ns porque o apoio da prefeitura ratifica a import\u00e2ncia dada \u00e0s origens, aos valores hist\u00f3ricos e documentais deste munic\u00edpio\u201d, disse superintendente do Arquivo P\u00fablico de Alagoas, Wilma N\u00f3brega. A gestora representou o Governo do Estado no evento e nas tratativas para implantar o equipamento cultural na cidade.<\/p>\n<p>A superintendente foi a respons\u00e1vel pela assessoria t\u00e9cnica quanto \u00e0s diretrizes para instala\u00e7\u00e3o desse importante equipamento p\u00fablico, desde o monitoramento do espa\u00e7o f\u00edsico, dos materiais, recursos humanos, al\u00e9m da coleta de documentos junto aos \u00f3rg\u00e3os do munic\u00edpio, disponibiliza\u00e7\u00e3o de treinamento quanto \u00e0 organiza\u00e7\u00e3o t\u00e9cnica, de acordo com as normas arquiv\u00edsticas e de preserva\u00e7\u00e3o, conserva\u00e7\u00e3o e guarda dos acervos em seus mais variados suportes.<\/p>\n<p>Outros munic\u00edpios, al\u00e9m da capital e S\u00e3o Jos\u00e9 da Laje, j\u00e1 t\u00eam formalmente projetos pr\u00f3prios de Arquivos P\u00fablicos Municipais, criados por meio da consultoria t\u00e9cnica atrav\u00e9s do APA, com a cidade de Ibateguara e Coruripe.<\/p>\n<p>&nbsp; <a href=\"http:\/\/www.muricionline.com.br\/novo\/wp-content\/uploads\/2019\/07\/9938F10C-7D5C-4FBD-BF16-A99B81DDAF29.jpeg\"><img loading=\"lazy\" decoding=\"async\" class=\"aligncenter size-full wp-image-11354\" src=\"http:\/\/www.muricionline.com.br\/novo\/wp-content\/uploads\/2019\/07\/9938F10C-7D5C-4FBD-BF16-A99B81DDAF29.jpeg\" sizes=\"(max-width: 739px) 100vw, 739px\" srcset=\"http:\/\/www.muricionline.com.br\/novo\/wp-content\/uploads\/2019\/07\/9938F10C-7D5C-4FBD-BF16-A99B81DDAF29.jpeg 739w, http:\/\/www.muricionline.com.br\/novo\/wp-content\/uploads\/2019\/07\/9938F10C-7D5C-4FBD-BF16-A99B81DDAF29-300x168.jpeg 300w\" alt=\"\" width=\"739\" height=\"415\"><\/a><\/p>\n<p><b>Um instrumento do povo<\/b><\/p>\n<p>O futuro Arquivo P\u00fablico Municipal est\u00e1 localizado em uma \u00e1rea nobre da cidade, na Pra\u00e7a Padre C\u00edcero. S\u00e3o Jos\u00e9 da Laje \u00e9 conhecido por ser uma cidade de figuras ilustres. S\u00e3o poetas, artistas, m\u00fasicos, imortais do Instituto Hist\u00f3rico Geogr\u00e1fico de Alagoas (IHGAL).<\/p>\n<p>\u201cO Arquivo P\u00fablico Municipal ser\u00e1 aberto aos lajenses, para visitas, pesquisas de alunos das escolas estaduais e municipais, porque vai resgatar diversos documentos relevantes para a hist\u00f3ria da cidade. Teremos nossa hist\u00f3ria resgatada por meio de fotos, documentos, document\u00e1rios, v\u00eddeos, reportagens, jornal, hist\u00f3rias das quatro grandes enchentes de1914, 1941, 1969, 2010, galeria com fotos de todos os prefeitos, hist\u00f3rias das fam\u00edlias que prestaram servi\u00e7os \u00e0 cidade, enfim, toda a hist\u00f3ria do povo lajense,\u201d completa a secret\u00e1ria de Cultura e Turismo, Jacineide Maia.<\/p>\n<p>&nbsp;<\/p>\n<\/div>\n<p>Com Ag\u00eancia Alagoas<\/p>\n<\/div>\n<div class=\"addtoany_share_save_container addtoany_content addtoany_content_bottom\">&nbsp;<\/div>\n<\/div>\n<span style=\"clear:both;display:none;\"><img src=\"http:\/\/www.muricionline.com.br\/novo\/wp-content\/plugins\/wp-spamfree\/img\/wpsf-img.php\" width=\"0\" height=\"0\" alt=\"\" style=\"border-style:none;width:0px;height:0px;display:none;\" \/><\/span>","protected":false},"excerpt":{"rendered":"<p>O Aquivo P\u00fablico de Alagoas (APA),&nbsp;\u00f3rg\u00e3o vinculado ao Gabinete Civil do Estado, ampliar\u00e1 neste s\u00e1bado (27) seus tent\u00e1culos culturais e hist\u00f3ricos a outro munic\u00edpio do Estado, potencializando o projeto de interioriza\u00e7\u00e3o de Arquivos P\u00fablicos Municipais.&nbsp;&nbsp;O Munic\u00edpio de S\u00e3o Jos\u00e9 da Laje se tornar\u00e1 o primeiro do interior alagoano a implantar o guardi\u00e3o da historia de&#8230;<\/p>\n","protected":false},"author":1,"featured_media":11355,"comment_status":"open","ping_status":"open","sticky":false,"template":"","format":"standard","meta":{"footnotes":""},"categories":[8],"tags":[5],"_links":{"self":[{"href":"http:\/\/www.muricionline.com.br\/novo\/index.php?rest_route=\/wp\/v2\/posts\/11353"}],"collection":[{"href":"http:\/\/www.muricionline.com.br\/novo\/index.php?rest_route=\/wp\/v2\/posts"}],"about":[{"href":"http:\/\/www.muricionline.com.br\/novo\/index.php?rest_route=\/wp\/v2\/types\/post"}],"author":[{"embeddable":true,"href":"http:\/\/www.muricionline.com.br\/novo\/index.php?rest_route=\/wp\/v2\/users\/1"}],"replies":[{"embeddable":true,"href":"http:\/\/www.muricionline.com.br\/novo\/index.php?rest_route=%2Fwp%2Fv2%2Fcomments&post=11353"}],"version-history":[{"count":3,"href":"http:\/\/www.muricionline.com.br\/novo\/index.php?rest_route=\/wp\/v2\/posts\/11353\/revisions"}],"predecessor-version":[{"id":11358,"href":"http:\/\/www.muricionline.com.br\/novo\/index.php?rest_route=\/wp\/v2\/posts\/11353\/revisions\/11358"}],"wp:featuredmedia":[{"embeddable":true,"href":"http:\/\/www.muricionline.com.br\/novo\/index.php?rest_route=\/wp\/v2\/media\/11355"}],"wp:attachment":[{"href":"http:\/\/www.muricionline.com.br\/novo\/index.php?rest_route=%2Fwp%2Fv2%2Fmedia&parent=11353"}],"wp:term":[{"taxonomy":"category","embeddable":true,"href":"http:\/\/www.muricionline.com.br\/novo\/index.php?rest_route=%2Fwp%2Fv2%2Fcategories&post=11353"},{"taxonomy":"post_tag","embeddable":true,"href":"http:\/\/www.muricionline.com.br\/novo\/index.php?rest_route=%2Fwp%2Fv2%2Ftags&post=11353"}],"curies":[{"name":"wp","href":"https:\/\/api.w.org\/{rel}","templated":true}]}}