{"id":11383,"date":"2019-07-31T09:35:23","date_gmt":"2019-07-31T12:35:23","guid":{"rendered":"http:\/\/www.muricionline.com.br\/novo\/?p=11383"},"modified":"2019-07-31T09:35:23","modified_gmt":"2019-07-31T12:35:23","slug":"pastor-elizeu-almeida-morre-em-hospital-de-maceio","status":"publish","type":"post","link":"http:\/\/www.muricionline.com.br\/novo\/?p=11383","title":{"rendered":"Pastor Elizeu Almeida morre em hospital de Macei\u00f3"},"content":{"rendered":"<p>\u00c9 com grande pesar que anunciamos o falecimento do Senhor Elizeu de Almeida de Lima, Pastor da Assembleia de Deus do distrito de Peri Peri, no munic\u00edpio de Boca da Mata.<\/p>\n<p>De fam\u00edlia tradicional evang\u00e9lica, o pastor era filho do saudoso Pastor Manoel de Lima, que comandou Assembleia de Deus em Murici (12 anos) e Atalaia (21anos). Elizeu, veio a \u00f3bito em um hospital da capital alagoana, ap\u00f3s perder a batalha contra uma grave doen\u00e7a.<\/p>\n<p>&nbsp;<\/p>\n<p>O sepultamento acontecer\u00e1 no Cemit\u00e9rio Parque das Flores, em Macei\u00f3, \u00e0s 14h30 desta quarta-feira.<\/p>\n<span style=\"clear:both;display:none;\"><img src=\"http:\/\/www.muricionline.com.br\/novo\/wp-content\/plugins\/wp-spamfree\/img\/wpsf-img.php\" width=\"0\" height=\"0\" alt=\"\" style=\"border-style:none;width:0px;height:0px;display:none;\" \/><\/span>","protected":false},"excerpt":{"rendered":"<p>\u00c9 com grande pesar que anunciamos o falecimento do Senhor Elizeu de Almeida de Lima, Pastor da Assembleia de Deus do distrito de Peri Peri, no munic\u00edpio de Boca da Mata. De fam\u00edlia tradicional evang\u00e9lica, o pastor era filho do saudoso Pastor Manoel de Lima, que comandou Assembleia de Deus em Murici (12 anos) e&#8230;<\/p>\n","protected":false},"author":1,"featured_media":11384,"comment_status":"open","ping_status":"open","sticky":false,"template":"","format":"standard","meta":{"footnotes":""},"categories":[8],"tags":[5],"_links":{"self":[{"href":"http:\/\/www.muricionline.com.br\/novo\/index.php?rest_route=\/wp\/v2\/posts\/11383"}],"collection":[{"href":"http:\/\/www.muricionline.com.br\/novo\/index.php?rest_route=\/wp\/v2\/posts"}],"about":[{"href":"http:\/\/www.muricionline.com.br\/novo\/index.php?rest_route=\/wp\/v2\/types\/post"}],"author":[{"embeddable":true,"href":"http:\/\/www.muricionline.com.br\/novo\/index.php?rest_route=\/wp\/v2\/users\/1"}],"replies":[{"embeddable":true,"href":"http:\/\/www.muricionline.com.br\/novo\/index.php?rest_route=%2Fwp%2Fv2%2Fcomments&post=11383"}],"version-history":[{"count":1,"href":"http:\/\/www.muricionline.com.br\/novo\/index.php?rest_route=\/wp\/v2\/posts\/11383\/revisions"}],"predecessor-version":[{"id":11385,"href":"http:\/\/www.muricionline.com.br\/novo\/index.php?rest_route=\/wp\/v2\/posts\/11383\/revisions\/11385"}],"wp:featuredmedia":[{"embeddable":true,"href":"http:\/\/www.muricionline.com.br\/novo\/index.php?rest_route=\/wp\/v2\/media\/11384"}],"wp:attachment":[{"href":"http:\/\/www.muricionline.com.br\/novo\/index.php?rest_route=%2Fwp%2Fv2%2Fmedia&parent=11383"}],"wp:term":[{"taxonomy":"category","embeddable":true,"href":"http:\/\/www.muricionline.com.br\/novo\/index.php?rest_route=%2Fwp%2Fv2%2Fcategories&post=11383"},{"taxonomy":"post_tag","embeddable":true,"href":"http:\/\/www.muricionline.com.br\/novo\/index.php?rest_route=%2Fwp%2Fv2%2Ftags&post=11383"}],"curies":[{"name":"wp","href":"https:\/\/api.w.org\/{rel}","templated":true}]}}