{"id":11386,"date":"2019-08-02T12:32:18","date_gmt":"2019-08-02T15:32:18","guid":{"rendered":"http:\/\/www.muricionline.com.br\/novo\/?p=11386"},"modified":"2019-08-02T12:32:18","modified_gmt":"2019-08-02T15:32:18","slug":"prefeitura-realiza-a-1a-edicao-da-feira-da-agricultura-familiar-de-murici-no-conjunto-olavo-calheiros","status":"publish","type":"post","link":"http:\/\/www.muricionline.com.br\/novo\/?p=11386","title":{"rendered":"Prefeitura realiza a 1\u00aa edi\u00e7\u00e3o da Feira da Agricultura Familiar de Murici no Conjunto Olavo Calheiros"},"content":{"rendered":"<p>A Secretaria Municipal de Meio Ambiente, Agricultura e Servi\u00e7os Urbanos (SEMASU) promoveu nesta quinta-feira, 01, a primeira edi\u00e7\u00e3o da Feira da Agricultura Familiar de Murici. O evento aconteceu no Conjunto Olavo Calheiros e contou com a presen\u00e7a de consumidores de v\u00e1rias partes da cidade, que p\u00f4de levar para casa alimentos livres de agrot\u00f3xicos, como verduras, hortali\u00e7as e frutas t\u00edpicas da regi\u00e3o, cultivados em solo muriciense.<\/p>\n<p><a href=\"http:\/\/www.muricionline.com.br\/novo\/wp-content\/uploads\/2019\/08\/7D490C26-D402-4C11-B6CF-CF1E2F900A9E.jpeg\"><img loading=\"lazy\" decoding=\"async\" class=\"aligncenter size-full wp-image-11389\" src=\"http:\/\/www.muricionline.com.br\/novo\/wp-content\/uploads\/2019\/08\/7D490C26-D402-4C11-B6CF-CF1E2F900A9E.jpeg\" alt=\"\" width=\"1024\" height=\"768\" srcset=\"http:\/\/www.muricionline.com.br\/novo\/wp-content\/uploads\/2019\/08\/7D490C26-D402-4C11-B6CF-CF1E2F900A9E.jpeg 1024w, http:\/\/www.muricionline.com.br\/novo\/wp-content\/uploads\/2019\/08\/7D490C26-D402-4C11-B6CF-CF1E2F900A9E-300x225.jpeg 300w, http:\/\/www.muricionline.com.br\/novo\/wp-content\/uploads\/2019\/08\/7D490C26-D402-4C11-B6CF-CF1E2F900A9E-768x576.jpeg 768w\" sizes=\"(max-width: 1024px) 100vw, 1024px\" \/><\/a><\/p>\n<p>Participaram da Feira produtores rurais dos assentamentos Bananeiras, Porto Velho, Dom H\u00e9lder, Sede, Pacas, Bota Velha e Mumbuca. &#8220;Iniciativas como esta s\u00e3o impostantes para estimular a produ\u00e7\u00e3o local. Esses produtores precisam de alternativas e, por isso, vamos expandir a realiza\u00e7\u00e3o desse evento para outros bairros de Murici\u201d, explica o secret\u00e1rio da SEMASU, Deivinho Vasconcelos. Na oportunidade, o gestor da pasta fez o lan\u00e7amento do Programa &#8220;Meu Quintal, Minha Horta&#8221;, que tem o objetivo de incentivar os moradores da zona urbana a cultivar no quintal da resid\u00eancia, hortali\u00e7as para consumo pr\u00f3prio.<\/p>\n<p><a href=\"http:\/\/www.muricionline.com.br\/novo\/wp-content\/uploads\/2019\/08\/EDD96E53-21E4-45EB-8494-175C62CD4C27.jpeg\"><img loading=\"lazy\" decoding=\"async\" class=\"aligncenter size-full wp-image-11388\" src=\"http:\/\/www.muricionline.com.br\/novo\/wp-content\/uploads\/2019\/08\/EDD96E53-21E4-45EB-8494-175C62CD4C27.jpeg\" alt=\"\" width=\"1024\" height=\"759\" srcset=\"http:\/\/www.muricionline.com.br\/novo\/wp-content\/uploads\/2019\/08\/EDD96E53-21E4-45EB-8494-175C62CD4C27.jpeg 1024w, http:\/\/www.muricionline.com.br\/novo\/wp-content\/uploads\/2019\/08\/EDD96E53-21E4-45EB-8494-175C62CD4C27-300x222.jpeg 300w, http:\/\/www.muricionline.com.br\/novo\/wp-content\/uploads\/2019\/08\/EDD96E53-21E4-45EB-8494-175C62CD4C27-768x569.jpeg 768w, http:\/\/www.muricionline.com.br\/novo\/wp-content\/uploads\/2019\/08\/EDD96E53-21E4-45EB-8494-175C62CD4C27-480x357.jpeg 480w\" sizes=\"(max-width: 1024px) 100vw, 1024px\" \/><\/a><\/p>\n<p>A realiza\u00e7\u00e3o da Feira da Agricultura Familiar \u00e9 uma parceria entre a Prefeitura de Murici com a Emater\/AL, Sebrae\/AL e Secretaria da Agricultura, Pecu\u00e1ria, Pesca e Aquicultura (SEAGRI) do Governo do Estado. A Feira acontece todas as quintas no Conjunto Olavo Calheiros, a partir das 7h.<\/p>\n<p>&nbsp;<\/p>\n<p>Com Assessoria de Comunica\u00e7\u00e3o&nbsp;<\/p>\n<span style=\"clear:both;display:none;\"><img src=\"http:\/\/www.muricionline.com.br\/novo\/wp-content\/plugins\/wp-spamfree\/img\/wpsf-img.php\" width=\"0\" height=\"0\" alt=\"\" style=\"border-style:none;width:0px;height:0px;display:none;\" \/><\/span>","protected":false},"excerpt":{"rendered":"<p>A Secretaria Municipal de Meio Ambiente, Agricultura e Servi\u00e7os Urbanos (SEMASU) promoveu nesta quinta-feira, 01, a primeira edi\u00e7\u00e3o da Feira da Agricultura Familiar de Murici. O evento aconteceu no Conjunto Olavo Calheiros e contou com a presen\u00e7a de consumidores de v\u00e1rias partes da cidade, que p\u00f4de levar para casa alimentos livres de agrot\u00f3xicos, como verduras,&#8230;<\/p>\n","protected":false},"author":1,"featured_media":11387,"comment_status":"open","ping_status":"open","sticky":false,"template":"","format":"standard","meta":{"footnotes":""},"categories":[1],"tags":[5],"_links":{"self":[{"href":"http:\/\/www.muricionline.com.br\/novo\/index.php?rest_route=\/wp\/v2\/posts\/11386"}],"collection":[{"href":"http:\/\/www.muricionline.com.br\/novo\/index.php?rest_route=\/wp\/v2\/posts"}],"about":[{"href":"http:\/\/www.muricionline.com.br\/novo\/index.php?rest_route=\/wp\/v2\/types\/post"}],"author":[{"embeddable":true,"href":"http:\/\/www.muricionline.com.br\/novo\/index.php?rest_route=\/wp\/v2\/users\/1"}],"replies":[{"embeddable":true,"href":"http:\/\/www.muricionline.com.br\/novo\/index.php?rest_route=%2Fwp%2Fv2%2Fcomments&post=11386"}],"version-history":[{"count":1,"href":"http:\/\/www.muricionline.com.br\/novo\/index.php?rest_route=\/wp\/v2\/posts\/11386\/revisions"}],"predecessor-version":[{"id":11390,"href":"http:\/\/www.muricionline.com.br\/novo\/index.php?rest_route=\/wp\/v2\/posts\/11386\/revisions\/11390"}],"wp:featuredmedia":[{"embeddable":true,"href":"http:\/\/www.muricionline.com.br\/novo\/index.php?rest_route=\/wp\/v2\/media\/11387"}],"wp:attachment":[{"href":"http:\/\/www.muricionline.com.br\/novo\/index.php?rest_route=%2Fwp%2Fv2%2Fmedia&parent=11386"}],"wp:term":[{"taxonomy":"category","embeddable":true,"href":"http:\/\/www.muricionline.com.br\/novo\/index.php?rest_route=%2Fwp%2Fv2%2Fcategories&post=11386"},{"taxonomy":"post_tag","embeddable":true,"href":"http:\/\/www.muricionline.com.br\/novo\/index.php?rest_route=%2Fwp%2Fv2%2Ftags&post=11386"}],"curies":[{"name":"wp","href":"https:\/\/api.w.org\/{rel}","templated":true}]}}