{"id":11391,"date":"2019-08-05T07:51:31","date_gmt":"2019-08-05T10:51:31","guid":{"rendered":"http:\/\/www.muricionline.com.br\/novo\/?p=11391"},"modified":"2019-08-05T07:51:31","modified_gmt":"2019-08-05T10:51:31","slug":"ifal-processo-seletivo-oferta-94-vagas-no-vestibular-2019-2-polo-uab-em-sao-jose-da-laje","status":"publish","type":"post","link":"http:\/\/www.muricionline.com.br\/novo\/?p=11391","title":{"rendered":"IFAL: Processo Seletivo Oferta 94 Vagas no Vestibular 2019.2 Polo UAB em S\u00e3o Jos\u00e9 da Laje"},"content":{"rendered":"<p class=\"x_MsoNormal\">O IFAL \u2013 Instituto Federal de Alagoas lan\u00e7ou o edital N\u00ba016\/2019\/PROEN-IFAL do vestibular 2019.2 para o ingresso dos alunos nos cursos superiores de gradua\u00e7\u00e3o \u00e0 dist\u00e2ncia, ser\u00e3o ofertadas 94 vagas para o Polo da UAB\/S\u00e3o Jos\u00e9 da Laje nos cursos; Licenciatura em Letras- Portugu\u00eas (34 vagas), Licenciatura em Ci\u00eancias Biol\u00f3gicas (30 vagas), Bacharelado em Administra\u00e7\u00e3o Publica (30 vagas), as inscri\u00e7\u00f5es poder\u00e3o ser feitas ate as 23:59hs do dia 18 de Agosto no site <b>http: \/\/<a href=\"http:\/\/exame.ifal.edu.br\/\" target=\"_blank\" rel=\"noopener noreferrer\" data-auth=\"NotApplicable\">exame.ifal.edu.br<\/a><\/b> , consulte tamb\u00e9m o edital. Os candidatos prestar\u00e3o o exame na cidade\/polo para qual est\u00e3o inscritos, no dia 01 de setembro de 2019 \u00e0s 09h00 (hor\u00e1rio local), nos locais\/endere\u00e7os que ser\u00e3o divulgados at\u00e9 05 (cinco) dias \u00fateis antes da prova.<\/p>\n<p class=\"x_MsoNormal\">&nbsp;<\/p>\n<p class=\"x_MsoNormal\">O Polo da UAB\/S\u00e3o Jos\u00e9 da Laje \u00e9 refer\u00eancia no estado de Alagoas, com infraestrutura adequada, professores e tutores com amplo curr\u00edculo profissional, oferta oportunidade de Ensino Superior para mais de 500 estudantes de S\u00e3o Jos\u00e9 da Laje e regi\u00e3o. Atualmente, contempla sete cursos de gradua\u00e7\u00e3o, s\u00e3o eles: Administra\u00e7\u00e3o P\u00fablica, Ci\u00eancias Biol\u00f3gicas e Letras pelo Instituto Federal de Alagoas-IFAL, Matem\u00e1tica, Qu\u00edmica e Pedagogia pela Universidade Federal de Alagoas-UFAL, Matem\u00e1tica e Gest\u00e3o Hospitalar pela Universidade Estadual de Ci\u00eancias da Sa\u00fade de Alagoas-Uncisal.<\/p>\n<p class=\"x_MsoNormal\"><a href=\"http:\/\/www.muricionline.com.br\/novo\/wp-content\/uploads\/2019\/08\/EDE1CDC3-FACA-40CD-9AA3-CE5F534B2693.jpeg\"><img loading=\"lazy\" decoding=\"async\" class=\"aligncenter size-full wp-image-11393\" src=\"http:\/\/www.muricionline.com.br\/novo\/wp-content\/uploads\/2019\/08\/EDE1CDC3-FACA-40CD-9AA3-CE5F534B2693.jpeg\" alt=\"\" width=\"1139\" height=\"675\" srcset=\"http:\/\/www.muricionline.com.br\/novo\/wp-content\/uploads\/2019\/08\/EDE1CDC3-FACA-40CD-9AA3-CE5F534B2693.jpeg 1139w, http:\/\/www.muricionline.com.br\/novo\/wp-content\/uploads\/2019\/08\/EDE1CDC3-FACA-40CD-9AA3-CE5F534B2693-300x178.jpeg 300w, http:\/\/www.muricionline.com.br\/novo\/wp-content\/uploads\/2019\/08\/EDE1CDC3-FACA-40CD-9AA3-CE5F534B2693-768x455.jpeg 768w, http:\/\/www.muricionline.com.br\/novo\/wp-content\/uploads\/2019\/08\/EDE1CDC3-FACA-40CD-9AA3-CE5F534B2693-1024x607.jpeg 1024w\" sizes=\"(max-width: 1139px) 100vw, 1139px\" \/><\/a><\/p>\n<p class=\"x_MsoNormal\">Por Assessoria<\/p>\n<span style=\"clear:both;display:none;\"><img src=\"http:\/\/www.muricionline.com.br\/novo\/wp-content\/plugins\/wp-spamfree\/img\/wpsf-img.php\" width=\"0\" height=\"0\" alt=\"\" style=\"border-style:none;width:0px;height:0px;display:none;\" \/><\/span>","protected":false},"excerpt":{"rendered":"<p>O IFAL \u2013 Instituto Federal de Alagoas lan\u00e7ou o edital N\u00ba016\/2019\/PROEN-IFAL do vestibular 2019.2 para o ingresso dos alunos nos cursos superiores de gradua\u00e7\u00e3o \u00e0 dist\u00e2ncia, ser\u00e3o ofertadas 94 vagas para o Polo da UAB\/S\u00e3o Jos\u00e9 da Laje nos cursos; Licenciatura em Letras- Portugu\u00eas (34 vagas), Licenciatura em Ci\u00eancias Biol\u00f3gicas (30 vagas), Bacharelado em Administra\u00e7\u00e3o&#8230;<\/p>\n","protected":false},"author":1,"featured_media":11392,"comment_status":"open","ping_status":"open","sticky":false,"template":"","format":"standard","meta":{"footnotes":""},"categories":[1],"tags":[5],"_links":{"self":[{"href":"http:\/\/www.muricionline.com.br\/novo\/index.php?rest_route=\/wp\/v2\/posts\/11391"}],"collection":[{"href":"http:\/\/www.muricionline.com.br\/novo\/index.php?rest_route=\/wp\/v2\/posts"}],"about":[{"href":"http:\/\/www.muricionline.com.br\/novo\/index.php?rest_route=\/wp\/v2\/types\/post"}],"author":[{"embeddable":true,"href":"http:\/\/www.muricionline.com.br\/novo\/index.php?rest_route=\/wp\/v2\/users\/1"}],"replies":[{"embeddable":true,"href":"http:\/\/www.muricionline.com.br\/novo\/index.php?rest_route=%2Fwp%2Fv2%2Fcomments&post=11391"}],"version-history":[{"count":1,"href":"http:\/\/www.muricionline.com.br\/novo\/index.php?rest_route=\/wp\/v2\/posts\/11391\/revisions"}],"predecessor-version":[{"id":11394,"href":"http:\/\/www.muricionline.com.br\/novo\/index.php?rest_route=\/wp\/v2\/posts\/11391\/revisions\/11394"}],"wp:featuredmedia":[{"embeddable":true,"href":"http:\/\/www.muricionline.com.br\/novo\/index.php?rest_route=\/wp\/v2\/media\/11392"}],"wp:attachment":[{"href":"http:\/\/www.muricionline.com.br\/novo\/index.php?rest_route=%2Fwp%2Fv2%2Fmedia&parent=11391"}],"wp:term":[{"taxonomy":"category","embeddable":true,"href":"http:\/\/www.muricionline.com.br\/novo\/index.php?rest_route=%2Fwp%2Fv2%2Fcategories&post=11391"},{"taxonomy":"post_tag","embeddable":true,"href":"http:\/\/www.muricionline.com.br\/novo\/index.php?rest_route=%2Fwp%2Fv2%2Ftags&post=11391"}],"curies":[{"name":"wp","href":"https:\/\/api.w.org\/{rel}","templated":true}]}}