{"id":11859,"date":"2019-11-04T07:25:01","date_gmt":"2019-11-04T10:25:01","guid":{"rendered":"http:\/\/www.muricionline.com.br\/novo\/?p=11859"},"modified":"2019-11-04T07:30:12","modified_gmt":"2019-11-04T10:30:12","slug":"nas-primeiras-horas-de-funcionamento-upa-do-jacintinho-atende-47-pacientes","status":"publish","type":"post","link":"http:\/\/www.muricionline.com.br\/novo\/?p=11859","title":{"rendered":"Nas primeiras horas de funcionamento, UPA do Jacintinho atende 47 pacientes"},"content":{"rendered":"<p>Um dia ap\u00f3s ser inaugurada, a Unidade de Pronto Atendimento (UPA) Dr. Ismar Gatto, no bairro do Jacintinho, em Macei\u00f3, entrou em pleno funcionamento, na manh\u00e3 do \u00faltimo s\u00e1bado (2). Em duas horas e meia, 47 pacientes foram atendidos.<\/p>\n<p>O governador Renan Filho e o secret\u00e1rio de Estado da Sa\u00fade, Alexandre Ayres, visitaram o equipamento de sa\u00fade e acompanharam os servi\u00e7os prestados \u00e0 popula\u00e7\u00e3o. O vereador por Macei\u00f3, Francisco Sales, tamb\u00e9m esteve presente.<\/p>\n<p><a href=\"http:\/\/www.muricionline.com.br\/novo\/wp-content\/uploads\/2019\/11\/AC5607B2-E0C1-4779-A118-BADEE7291073.png\"><img loading=\"lazy\" decoding=\"async\" class=\"aligncenter size-full wp-image-11864\" src=\"http:\/\/www.muricionline.com.br\/novo\/wp-content\/uploads\/2019\/11\/AC5607B2-E0C1-4779-A118-BADEE7291073.png\" alt=\"\" width=\"1200\" height=\"762\" srcset=\"http:\/\/www.muricionline.com.br\/novo\/wp-content\/uploads\/2019\/11\/AC5607B2-E0C1-4779-A118-BADEE7291073.png 1200w, http:\/\/www.muricionline.com.br\/novo\/wp-content\/uploads\/2019\/11\/AC5607B2-E0C1-4779-A118-BADEE7291073-300x191.png 300w, http:\/\/www.muricionline.com.br\/novo\/wp-content\/uploads\/2019\/11\/AC5607B2-E0C1-4779-A118-BADEE7291073-768x488.png 768w, http:\/\/www.muricionline.com.br\/novo\/wp-content\/uploads\/2019\/11\/AC5607B2-E0C1-4779-A118-BADEE7291073-1024x650.png 1024w\" sizes=\"(max-width: 1200px) 100vw, 1200px\" \/><\/a><\/p>\n<p>\u201cEssa UPA utiliza um moderno sistema de classifica\u00e7\u00e3o. O cidad\u00e3o \u00e9 atendido por grau de risco. Se chegar aqui uma pessoa com alto risco, ser\u00e1 assistida mais rapidamente, mas todos ser\u00e3o atendidos com a celeridade necess\u00e1ria para que o servi\u00e7o tenha resolutividade\u201d, disse o governador.<\/p>\n<p><span class=\"Apple-converted-space\">&nbsp;<\/span>O secret\u00e1rio de Sa\u00fade informou que, at\u00e9 o final do pr\u00f3ximo m\u00eas, o Governo do Estado vai inaugurar a UPA do Tabuleiro do Martins para, no in\u00edcio de 2020, come\u00e7ar a constru\u00e7\u00e3o da Unidade de Pronto Atendimento da Ch\u00e3 da Jaqueira. Ao todo, Macei\u00f3 ter\u00e1 em funcionamento cinco desses equipamentos especializados em urg\u00eancia. A rede de UPAS vai agir para desafogar o Hospital Geral do Estado (HGE).<\/p>\n<p><a href=\"http:\/\/www.muricionline.com.br\/novo\/wp-content\/uploads\/2019\/11\/871797E7-2913-402A-B193-7EE3E57A8188.png\"><img loading=\"lazy\" decoding=\"async\" class=\"aligncenter size-full wp-image-11863\" src=\"http:\/\/www.muricionline.com.br\/novo\/wp-content\/uploads\/2019\/11\/871797E7-2913-402A-B193-7EE3E57A8188.png\" alt=\"\" width=\"1200\" height=\"719\" srcset=\"http:\/\/www.muricionline.com.br\/novo\/wp-content\/uploads\/2019\/11\/871797E7-2913-402A-B193-7EE3E57A8188.png 1200w, http:\/\/www.muricionline.com.br\/novo\/wp-content\/uploads\/2019\/11\/871797E7-2913-402A-B193-7EE3E57A8188-300x180.png 300w, http:\/\/www.muricionline.com.br\/novo\/wp-content\/uploads\/2019\/11\/871797E7-2913-402A-B193-7EE3E57A8188-768x460.png 768w, http:\/\/www.muricionline.com.br\/novo\/wp-content\/uploads\/2019\/11\/871797E7-2913-402A-B193-7EE3E57A8188-1024x614.png 1024w\" sizes=\"(max-width: 1200px) 100vw, 1200px\" \/><\/a><\/p>\n<p>\u201cA UPA do Jacintinho est\u00e1 funcionando plenamente. A ideia \u00e9 que a gente possa avan\u00e7ar na presta\u00e7\u00e3o desse tipo de servi\u00e7o, aproximando, cada vez mais, a sa\u00fade da popula\u00e7\u00e3o\u201d, avaliou Alexandre Ayres.<\/p>\n<p>Moradora do bairro do Feitosa e com dores abdominais, Jadiane Freitas da Silva Noberto, 32 anos, foi uma das primeiras pacientes a serem atendidas na UPA do Jacintinho. Ela estava acompanhada pelo marido, Dami\u00e3o Pereira. Eles aprovaram os servi\u00e7os.<\/p>\n<p>\u201cO atendimento foi bom e r\u00e1pido\u201d, atestou Jadiane. \u201cMuito bom, muito bom, muito bom!\u201d, fez quest\u00e3o de enfatizar Dami\u00e3o. \u201cA gente s\u00f3 tinha aqui o minipronto-socorro, mas agora a estrutura da UPA \u00e9 outra coisa\u201d, acrescentou.<\/p>\n<p><a href=\"http:\/\/www.muricionline.com.br\/novo\/wp-content\/uploads\/2019\/11\/05791CAE-FE2D-4FBF-B22A-DCF5011658EC.jpeg\"><img loading=\"lazy\" decoding=\"async\" class=\"aligncenter size-full wp-image-11860\" src=\"http:\/\/www.muricionline.com.br\/novo\/wp-content\/uploads\/2019\/11\/05791CAE-FE2D-4FBF-B22A-DCF5011658EC.jpeg\" alt=\"\" width=\"730\" height=\"457\" srcset=\"http:\/\/www.muricionline.com.br\/novo\/wp-content\/uploads\/2019\/11\/05791CAE-FE2D-4FBF-B22A-DCF5011658EC.jpeg 730w, http:\/\/www.muricionline.com.br\/novo\/wp-content\/uploads\/2019\/11\/05791CAE-FE2D-4FBF-B22A-DCF5011658EC-300x188.jpeg 300w\" sizes=\"(max-width: 730px) 100vw, 730px\" \/><\/a><\/p>\n<p>A UPA do Jacintinho foi a primeira Unidade de Pronto Atendimento da capital entregue e constru\u00edda com recursos pr\u00f3prios do Governo do Estado, da ordem de R$ 5 milh\u00f5es. Ter\u00e1 capacidade de atender 10.500 usu\u00e1rios por m\u00eas, sendo 350 por dia. O equipamento \u00e9 do tipo III e vai funcionar 24 horas, assegurando atendimento intermedi\u00e1rio entre a Aten\u00e7\u00e3o B\u00e1sica e M\u00e9dia e Alta Complexidade.<\/p>\n<p>S\u00e3o 19 leitos, sendo 15 de observa\u00e7\u00e3o e quatro de urg\u00eancia, al\u00e9m de dispor das especialidades de pediatria, cl\u00ednica geral, ortopedia e odontologia, divididas em seis consult\u00f3rios m\u00e9dicos.<\/p>\n<p>Com Ag\u00eancia Alagoas<\/p>\n<span style=\"clear:both;display:none;\"><img src=\"http:\/\/www.muricionline.com.br\/novo\/wp-content\/plugins\/wp-spamfree\/img\/wpsf-img.php\" width=\"0\" height=\"0\" alt=\"\" style=\"border-style:none;width:0px;height:0px;display:none;\" \/><\/span>","protected":false},"excerpt":{"rendered":"<p>Um dia ap\u00f3s ser inaugurada, a Unidade de Pronto Atendimento (UPA) Dr. Ismar Gatto, no bairro do Jacintinho, em Macei\u00f3, entrou em pleno funcionamento, na manh\u00e3 do \u00faltimo s\u00e1bado (2). Em duas horas e meia, 47 pacientes foram atendidos. O governador Renan Filho e o secret\u00e1rio de Estado da Sa\u00fade, Alexandre Ayres, visitaram o equipamento&#8230;<\/p>\n","protected":false},"author":1,"featured_media":11865,"comment_status":"open","ping_status":"open","sticky":false,"template":"","format":"standard","meta":{"footnotes":""},"categories":[1],"tags":[],"_links":{"self":[{"href":"http:\/\/www.muricionline.com.br\/novo\/index.php?rest_route=\/wp\/v2\/posts\/11859"}],"collection":[{"href":"http:\/\/www.muricionline.com.br\/novo\/index.php?rest_route=\/wp\/v2\/posts"}],"about":[{"href":"http:\/\/www.muricionline.com.br\/novo\/index.php?rest_route=\/wp\/v2\/types\/post"}],"author":[{"embeddable":true,"href":"http:\/\/www.muricionline.com.br\/novo\/index.php?rest_route=\/wp\/v2\/users\/1"}],"replies":[{"embeddable":true,"href":"http:\/\/www.muricionline.com.br\/novo\/index.php?rest_route=%2Fwp%2Fv2%2Fcomments&post=11859"}],"version-history":[{"count":3,"href":"http:\/\/www.muricionline.com.br\/novo\/index.php?rest_route=\/wp\/v2\/posts\/11859\/revisions"}],"predecessor-version":[{"id":11866,"href":"http:\/\/www.muricionline.com.br\/novo\/index.php?rest_route=\/wp\/v2\/posts\/11859\/revisions\/11866"}],"wp:featuredmedia":[{"embeddable":true,"href":"http:\/\/www.muricionline.com.br\/novo\/index.php?rest_route=\/wp\/v2\/media\/11865"}],"wp:attachment":[{"href":"http:\/\/www.muricionline.com.br\/novo\/index.php?rest_route=%2Fwp%2Fv2%2Fmedia&parent=11859"}],"wp:term":[{"taxonomy":"category","embeddable":true,"href":"http:\/\/www.muricionline.com.br\/novo\/index.php?rest_route=%2Fwp%2Fv2%2Fcategories&post=11859"},{"taxonomy":"post_tag","embeddable":true,"href":"http:\/\/www.muricionline.com.br\/novo\/index.php?rest_route=%2Fwp%2Fv2%2Ftags&post=11859"}],"curies":[{"name":"wp","href":"https:\/\/api.w.org\/{rel}","templated":true}]}}