{"id":11884,"date":"2019-11-07T06:28:44","date_gmt":"2019-11-07T09:28:44","guid":{"rendered":"http:\/\/www.muricionline.com.br\/novo\/?p=11884"},"modified":"2019-11-07T06:28:44","modified_gmt":"2019-11-07T09:28:44","slug":"governadores-do-ne-voltam-a-manifestar-preocupacao-com-manchas-de-petroleo","status":"publish","type":"post","link":"http:\/\/www.muricionline.com.br\/novo\/?p=11884","title":{"rendered":"Governadores do NE voltam a manifestar preocupa\u00e7\u00e3o com manchas de petr\u00f3leo"},"content":{"rendered":"<p>Durante reuni\u00e3o do Cons\u00f3rcio Interestadual de Desenvolvimento Sustent\u00e1vel do Nordeste, realizada na tarde desta quarta-feira (6) no Pal\u00e1cio do Campo das Princesas, em Recife (PE), os governadores da regi\u00e3o manifestaram preocupa\u00e7\u00e3o com a falta de celeridade no processo de combate e conten\u00e7\u00e3o \u00e0s manchas de petr\u00f3leo cru por parte do Governo Federal.&nbsp;<\/p>\n<p>Em carta divulgada ao final da reuni\u00e3o, eles cobraram do Governo Federal o cumprimento efetivo do Plano Nacional de Conting\u00eancia para Incidentes de Polui\u00e7\u00e3o por \u00d3leo. Para os governadores, os procedimentos ainda n\u00e3o foram colocados em pr\u00e1tica em sua plenitude e exigiram provid\u00eancias urgentes da Uni\u00e3o.<span class=\"Apple-converted-space\">&nbsp;<\/span><\/p>\n<p>&#8220;\u00c9 fundamental que se identifique a quantidade e de onde vem o \u00f3leo, que atinge nossas praias, mangues e rios, para auxiliar os Estados a enfrentarem esse desastre ambiental sem precedentes e reduzir ao m\u00e1ximo os impactos&#8221;, afirmou o governador de Alagoas, Renan Filho.<\/p>\n<p><a href=\"http:\/\/www.muricionline.com.br\/novo\/wp-content\/uploads\/2019\/11\/EBE38C07-B4EA-4D67-9D08-31156B70D4A7.png\"><img loading=\"lazy\" decoding=\"async\" class=\"aligncenter size-full wp-image-11886\" src=\"http:\/\/www.muricionline.com.br\/novo\/wp-content\/uploads\/2019\/11\/EBE38C07-B4EA-4D67-9D08-31156B70D4A7.png\" alt=\"\" width=\"1200\" height=\"800\" srcset=\"http:\/\/www.muricionline.com.br\/novo\/wp-content\/uploads\/2019\/11\/EBE38C07-B4EA-4D67-9D08-31156B70D4A7.png 1200w, http:\/\/www.muricionline.com.br\/novo\/wp-content\/uploads\/2019\/11\/EBE38C07-B4EA-4D67-9D08-31156B70D4A7-300x200.png 300w, http:\/\/www.muricionline.com.br\/novo\/wp-content\/uploads\/2019\/11\/EBE38C07-B4EA-4D67-9D08-31156B70D4A7-768x512.png 768w, http:\/\/www.muricionline.com.br\/novo\/wp-content\/uploads\/2019\/11\/EBE38C07-B4EA-4D67-9D08-31156B70D4A7-1024x683.png 1024w\" sizes=\"(max-width: 1200px) 100vw, 1200px\" \/><\/a><\/p>\n<p>Durante a reuni\u00e3o, foi apresentado um balan\u00e7o geral das a\u00e7\u00f5es desenvolvidas nos estados nordestinos. Os governadores cobraram, mais uma vez, a atua\u00e7\u00e3o integrada e obstinada do Governo Federal na resolu\u00e7\u00e3o do &#8220;grav\u00edssimo crime ambiental&#8221;.<\/p>\n<p>Eles destacaram o trabalho conjunto executado pelos Estados nordestinos e o compartilhamento de informa\u00e7\u00f5es para o enfrentamento ao maior desastre ambiental da hist\u00f3ria do litoral brasileiro. &#8220;S\u00e3o mais de 5 mil toneladas de \u00f3leo que foram recolhidas das praias e rios em todo o Nordeste&#8221;, recordou o governador de Pernambuco, Paulo C\u00e2mara.<span class=\"Apple-converted-space\">&nbsp;<\/span><\/p>\n<p>Cons\u00f3rcio:<\/p>\n<p>Os governadores destacaram, ainda, que a conclus\u00e3o da primeira licita\u00e7\u00e3o na \u00e1rea de sa\u00fade, que est\u00e1 em curso e foi planejada e organizada por meio do Cons\u00f3rcio Nordeste, aponta para uma redu\u00e7\u00e3o de aproximadamente 30% nos valores obtidos, gerando uma economia de R$ 48,8 milh\u00f5es atrav\u00e9s da compra coletiva de medicamentos.<span class=\"Apple-converted-space\">&nbsp;<\/span><\/p>\n<p>&#8220;Isso mostra que essa unidade e essa forma de gest\u00e3o do Cons\u00f3rcio j\u00e1 t\u00eam surtido resultados importantes&#8221;, destacou Paulo C\u00e2mara.<span class=\"Apple-converted-space\">&nbsp;<\/span><\/p>\n<p>Outras licita\u00e7\u00f5es envolvendo setores da Sa\u00fade, Educa\u00e7\u00e3o e Seguran\u00e7a est\u00e3o em elabora\u00e7\u00e3o e ser\u00e3o lan\u00e7adas nos pr\u00f3ximos meses. A reuni\u00e3o do Cons\u00f3rcio Nordeste tamb\u00e9m discutiu outros assuntos, a exemplo do marco regulat\u00f3rio do saneamento b\u00e1sico, da cria\u00e7\u00e3o do Grupo de Trabalho para tratar da destina\u00e7\u00e3o dos res\u00edduos s\u00f3lidos, do pacto federativo e da seguran\u00e7a p\u00fablica.<span class=\"Apple-converted-space\">&nbsp;<\/span><\/p>\n<p>Estiveram presentes os governadores Renan Filho (Alagoas), Camilo Santana (Cear\u00e1), Jo\u00e3o Azev\u00eado (Para\u00edba), Wellington Dias (Piau\u00ed), F\u00e1tima Bezerra (Rio Grande do Norte) e Belivaldo Chagas (Sergipe), al\u00e9m dos vice-governadores Carlos Brand\u00e3o (Maranh\u00e3o) e Jo\u00e3o Le\u00e3o (Bahia).<\/p>\n<p><a href=\"http:\/\/www.muricionline.com.br\/novo\/wp-content\/uploads\/2019\/11\/4B2017B1-683F-435A-BA9A-7ACAD14948CF.png\"><img loading=\"lazy\" decoding=\"async\" class=\"aligncenter size-full wp-image-11887\" src=\"http:\/\/www.muricionline.com.br\/novo\/wp-content\/uploads\/2019\/11\/4B2017B1-683F-435A-BA9A-7ACAD14948CF.png\" alt=\"\" width=\"1200\" height=\"800\" srcset=\"http:\/\/www.muricionline.com.br\/novo\/wp-content\/uploads\/2019\/11\/4B2017B1-683F-435A-BA9A-7ACAD14948CF.png 1200w, http:\/\/www.muricionline.com.br\/novo\/wp-content\/uploads\/2019\/11\/4B2017B1-683F-435A-BA9A-7ACAD14948CF-300x200.png 300w, http:\/\/www.muricionline.com.br\/novo\/wp-content\/uploads\/2019\/11\/4B2017B1-683F-435A-BA9A-7ACAD14948CF-768x512.png 768w, http:\/\/www.muricionline.com.br\/novo\/wp-content\/uploads\/2019\/11\/4B2017B1-683F-435A-BA9A-7ACAD14948CF-1024x683.png 1024w\" sizes=\"(max-width: 1200px) 100vw, 1200px\" \/><\/a><\/p>\n<p>Com Ag\u00eancia Alagoas<\/p>\n<span style=\"clear:both;display:none;\"><img src=\"http:\/\/www.muricionline.com.br\/novo\/wp-content\/plugins\/wp-spamfree\/img\/wpsf-img.php\" width=\"0\" height=\"0\" alt=\"\" style=\"border-style:none;width:0px;height:0px;display:none;\" \/><\/span>","protected":false},"excerpt":{"rendered":"<p>Durante reuni\u00e3o do Cons\u00f3rcio Interestadual de Desenvolvimento Sustent\u00e1vel do Nordeste, realizada na tarde desta quarta-feira (6) no Pal\u00e1cio do Campo das Princesas, em Recife (PE), os governadores da regi\u00e3o manifestaram preocupa\u00e7\u00e3o com a falta de celeridade no processo de combate e conten\u00e7\u00e3o \u00e0s manchas de petr\u00f3leo cru por parte do Governo Federal.&nbsp; Em carta divulgada&#8230;<\/p>\n","protected":false},"author":1,"featured_media":11885,"comment_status":"open","ping_status":"open","sticky":false,"template":"","format":"standard","meta":{"footnotes":""},"categories":[1],"tags":[5],"_links":{"self":[{"href":"http:\/\/www.muricionline.com.br\/novo\/index.php?rest_route=\/wp\/v2\/posts\/11884"}],"collection":[{"href":"http:\/\/www.muricionline.com.br\/novo\/index.php?rest_route=\/wp\/v2\/posts"}],"about":[{"href":"http:\/\/www.muricionline.com.br\/novo\/index.php?rest_route=\/wp\/v2\/types\/post"}],"author":[{"embeddable":true,"href":"http:\/\/www.muricionline.com.br\/novo\/index.php?rest_route=\/wp\/v2\/users\/1"}],"replies":[{"embeddable":true,"href":"http:\/\/www.muricionline.com.br\/novo\/index.php?rest_route=%2Fwp%2Fv2%2Fcomments&post=11884"}],"version-history":[{"count":1,"href":"http:\/\/www.muricionline.com.br\/novo\/index.php?rest_route=\/wp\/v2\/posts\/11884\/revisions"}],"predecessor-version":[{"id":11888,"href":"http:\/\/www.muricionline.com.br\/novo\/index.php?rest_route=\/wp\/v2\/posts\/11884\/revisions\/11888"}],"wp:featuredmedia":[{"embeddable":true,"href":"http:\/\/www.muricionline.com.br\/novo\/index.php?rest_route=\/wp\/v2\/media\/11885"}],"wp:attachment":[{"href":"http:\/\/www.muricionline.com.br\/novo\/index.php?rest_route=%2Fwp%2Fv2%2Fmedia&parent=11884"}],"wp:term":[{"taxonomy":"category","embeddable":true,"href":"http:\/\/www.muricionline.com.br\/novo\/index.php?rest_route=%2Fwp%2Fv2%2Fcategories&post=11884"},{"taxonomy":"post_tag","embeddable":true,"href":"http:\/\/www.muricionline.com.br\/novo\/index.php?rest_route=%2Fwp%2Fv2%2Ftags&post=11884"}],"curies":[{"name":"wp","href":"https:\/\/api.w.org\/{rel}","templated":true}]}}