{"id":11889,"date":"2019-11-08T09:03:08","date_gmt":"2019-11-08T12:03:08","guid":{"rendered":"http:\/\/www.muricionline.com.br\/novo\/?p=11889"},"modified":"2019-11-08T09:09:50","modified_gmt":"2019-11-08T12:09:50","slug":"vereador-anizio-geraldo-amorim-fala-sobre-reforma-do-pacto-federativo","status":"publish","type":"post","link":"http:\/\/www.muricionline.com.br\/novo\/?p=11889","title":{"rendered":"Vereador An\u00edzio Amorim fala sobre reforma do Pacto Federativo"},"content":{"rendered":"<p><strong>Sobre o pacto federativo:<\/strong><\/p>\n<p>\u201cN\u00e3o existe Pacto Federativo. Lamentavelmente o Governo Federal manobra para distribuir para os estados e munic\u00edpios suas responsabilidades, dourando a p\u00edlula com a not\u00edcia que isso ocorrer\u00e1 com o repasse de uma montanha de dinheiro. Balela! Tudo que tem sido feito at\u00e9 agora \u00e9 desinvestimento p\u00fablico.<span class=\"Apple-converted-space\">&nbsp;<\/span><\/p>\n<p>O que se pretende em \u00faltima an\u00e1lise \u00e9 retirar as conquistas sociais da popula\u00e7\u00e3o menos assistida deixando os prefeitos e governadores com o desgaste pol\u00edtico. Imagine o n\u00edvel de seriedade de uma medida que contava com os recursos do megaleil\u00e3o do petr\u00f3leo, que foi um fracasso. Isso n\u00e3o \u00e9 s\u00e9rio\u201d.<\/p>\n<p><strong>Extin\u00e7\u00e3o de munic\u00edpios:<\/strong><\/p>\n<p>\u201cTamb\u00e9m n\u00e3o entendo como s\u00e9ria uma proposta dessa. Qualquer cidad\u00e3o comum sabe que uma empresa para se desenvolver precisa de investimentos. A mesma l\u00f3gica se aplica aos munic\u00edpios. N\u00e3o adianta argumentar que alguns deles n\u00e3o arrecadam o suficiente para se manter. O que tem que se discutir \u00e9 a potencialidade do munic\u00edpio e o que ele precisa para conseguir se expandir economicamente. Cito o exemplo de Arapiraca, que era um pequeno distrito de Limoeiro. Veio a cultura do fumo e hoje \u00e9 o segundo maior munic\u00edpio do Estado. Al\u00e9m disso, se essa l\u00f3gica for adotada, n\u00e3o vai demorar que surjam propostas da extin\u00e7\u00e3o de alguns estados. Um absurdo! Quando a CEAL e a Telasa iniciaram a amplia\u00e7\u00e3o da das suas redes de servi\u00e7os nos anos 60 e 70, a maioria dos munic\u00edpios atendidos n\u00e3o geravam receitas para cobrir os investimentos. Mas gra\u00e7as \u00e0 energia el\u00e9trica e a f\u00e1cil comunica\u00e7\u00e3o, se desenvolveram e hoje geram lucro para as empresas que assumiram o setor. \u00c9 isso que tem que ser buscado: investimento para desenvolver, e n\u00e3o ficar tentando extinguir n\u00facleos habitacionais que t\u00eam uma rica hist\u00f3ria\u201d.<\/p>\n<p>Com Assessoria<span class=\"Apple-converted-space\">&nbsp;<\/span><\/p>\n<span style=\"clear:both;display:none;\"><img src=\"http:\/\/www.muricionline.com.br\/novo\/wp-content\/plugins\/wp-spamfree\/img\/wpsf-img.php\" width=\"0\" height=\"0\" alt=\"\" style=\"border-style:none;width:0px;height:0px;display:none;\" \/><\/span>","protected":false},"excerpt":{"rendered":"<p>Sobre o pacto federativo: \u201cN\u00e3o existe Pacto Federativo. Lamentavelmente o Governo Federal manobra para distribuir para os estados e munic\u00edpios suas responsabilidades, dourando a p\u00edlula com a not\u00edcia que isso ocorrer\u00e1 com o repasse de uma montanha de dinheiro. Balela! Tudo que tem sido feito at\u00e9 agora \u00e9 desinvestimento p\u00fablico.&nbsp; O que se pretende em&#8230;<\/p>\n","protected":false},"author":1,"featured_media":11891,"comment_status":"open","ping_status":"open","sticky":false,"template":"","format":"standard","meta":{"footnotes":""},"categories":[1],"tags":[5],"_links":{"self":[{"href":"http:\/\/www.muricionline.com.br\/novo\/index.php?rest_route=\/wp\/v2\/posts\/11889"}],"collection":[{"href":"http:\/\/www.muricionline.com.br\/novo\/index.php?rest_route=\/wp\/v2\/posts"}],"about":[{"href":"http:\/\/www.muricionline.com.br\/novo\/index.php?rest_route=\/wp\/v2\/types\/post"}],"author":[{"embeddable":true,"href":"http:\/\/www.muricionline.com.br\/novo\/index.php?rest_route=\/wp\/v2\/users\/1"}],"replies":[{"embeddable":true,"href":"http:\/\/www.muricionline.com.br\/novo\/index.php?rest_route=%2Fwp%2Fv2%2Fcomments&post=11889"}],"version-history":[{"count":3,"href":"http:\/\/www.muricionline.com.br\/novo\/index.php?rest_route=\/wp\/v2\/posts\/11889\/revisions"}],"predecessor-version":[{"id":11893,"href":"http:\/\/www.muricionline.com.br\/novo\/index.php?rest_route=\/wp\/v2\/posts\/11889\/revisions\/11893"}],"wp:featuredmedia":[{"embeddable":true,"href":"http:\/\/www.muricionline.com.br\/novo\/index.php?rest_route=\/wp\/v2\/media\/11891"}],"wp:attachment":[{"href":"http:\/\/www.muricionline.com.br\/novo\/index.php?rest_route=%2Fwp%2Fv2%2Fmedia&parent=11889"}],"wp:term":[{"taxonomy":"category","embeddable":true,"href":"http:\/\/www.muricionline.com.br\/novo\/index.php?rest_route=%2Fwp%2Fv2%2Fcategories&post=11889"},{"taxonomy":"post_tag","embeddable":true,"href":"http:\/\/www.muricionline.com.br\/novo\/index.php?rest_route=%2Fwp%2Fv2%2Ftags&post=11889"}],"curies":[{"name":"wp","href":"https:\/\/api.w.org\/{rel}","templated":true}]}}