{"id":11981,"date":"2019-11-23T10:00:59","date_gmt":"2019-11-23T13:00:59","guid":{"rendered":"http:\/\/www.muricionline.com.br\/novo\/?p=11981"},"modified":"2019-11-23T10:00:59","modified_gmt":"2019-11-23T13:00:59","slug":"gugu-liberato-morre-aos-60-anos-nos-estados-unidos","status":"publish","type":"post","link":"http:\/\/www.muricionline.com.br\/novo\/?p=11981","title":{"rendered":"Gugu Liberato morre, aos 60 anos, nos Estados Unidos"},"content":{"rendered":"<p>O apresentador Gugu Liberato, de 60 anos, morreu nesta sexta-feira (22), em Orlando, nos Estados Unidos. O comunicador da Record TV estava internado desde quarta no hospital Orlando Health, quando sofreu uma queda em casa e bateu a cabe\u00e7a.<\/p>\n<p>A informa\u00e7\u00e3o foi confirmada em nota assinada por familiares e funcion\u00e1rios de Gugu e divulgada pela assessoria de imprensa do apresentador.<\/p>\n<p>&#8220;Este \u00e9 um momento que jamais imaginamos viver. Com profunda tristeza, familiares comunicam o falecimento do pai, irm\u00e3o, filho, amigo, empres\u00e1rio, jornalista e apresentador Ant\u00f4nio Augusto Moraes Liberato (Gugu Liberato), aos 60 anos, em Orlando, Florida, Estados Unidos&#8221;, diz o texto.<\/p>\n<p>O texto diz ainda que n\u00e3o h\u00e1 informa\u00e7\u00f5es sobre o traslado do corpo para o Brasil. &#8220;Informa\u00e7\u00f5es sobre vel\u00f3rio e sepultamento ser\u00e3o passadas assim que tudo estiver definido&#8221;.<\/p>\n<p>A fam\u00edlia autorizou a doa\u00e7\u00e3o de todos os \u00f3rg\u00e3os, como era um desejo dele.<br \/>\nO apresentador caiu de uma altura de quatro metros. Ele foi levado para o hospital inconsciente e teve morte cerebral. A pedido da fam\u00edlia, o neurocirurgi\u00e3o de Gugu viajou at\u00e9 os Estados Unidos para examin\u00e1-lo.<\/p>\n<p>Maria do C\u00e9u, de 90 anos, m\u00e3e do apresentador, viajou para os Estados Unidos na quinta-feira para acompanhar o atendimento ao filho. Gugu ainda deixa mulher, a m\u00e9dica Rose Miriam di Matteo, e tr\u00eas filhos: Jo\u00e3o Augusto, de 18 anos, e as g\u00eameas Marina e Sofia, de 15 anos.<\/p>\n<p><strong>Trajet\u00f3ria<\/strong><\/p>\n<p>Ant\u00f4nio Augusto Moraes Liberato nasceu em S\u00e3o Paulo e se consagrou um dos apresentadores mais celebrados da televis\u00e3o brasileira. Come\u00e7ou a carreira no SBT, ainda adolescente, trabalhando na produ\u00e7\u00e3o do Domingo no Parque, de Silvio Santos.<\/p>\n<p>O primeiro grande sucesso de audit\u00f3rio na televis\u00e3o dele foi o Viva a Noite, exibido aos s\u00e1bados, entre 1982 e 1992. Em 1988, come\u00e7ou a dividir a grade de domingo do SBT com Silvio Santos, no comando de programas como Passa ou Repassa e TV Animal.<\/p>\n<p>Entre 1993 e 2009, Gugu encabe\u00e7ava no Domingo Legal uma acirrada disputa de audi\u00eancia com o Doming\u00e3o do Faust\u00e3o, da Globo. Simultaneamente, entre 1991 e 1996, ainda apresentou o Sabad\u00e3o Sertanejo, posteriormente substitu\u00eddo pelo Sabad\u00e3o (1997 \u2013 2002).<\/p>\n<p>A estreia na Record TV aconteceu em agosto de 2009, no dominical Programa do Gugu (exibido at\u00e9 junho de 2013). Um dos destaques foi o quadro Escolinha do Gugu, inspirado na Escolinha do Professor Raimundo. O humor\u00edstico resgatou personagens cl\u00e1ssicos, al\u00e9m de novos atores no elenco.<\/p>\n<p>Em fevereiro de 2015, ele voltou ao ar na emissora, desta vez \u00e0s quartas-feiras, no Gugu. A atra\u00e7\u00e3o ficou no ar at\u00e9 2017.<br \/>\nEm 2018, o apresentador assumiu como titular do Power Couple Brasil e comandou a estreia do Canta Comigo. A segunda temporada ainda est\u00e1 no ar na emissora, com final prevista para 4 de dezembro. A atra\u00e7\u00e3o j\u00e1 foi totalmente gravada.<\/p>\n<p>Al\u00e9m da carreira na TV e inspirado no sucesso dos Menunos, na d\u00e9cada de 1980, Gugu lan\u00e7ou os grupos Domin\u00f3 e Polegar. Ainda na \u00e1rea musical, lan\u00e7ou quatro \u00e1lbuns: Viva a M\u00fasica (1986), Gugu (1994), Gugu cantando Com Voc\u00ea (1999) e Gugu Para Crian\u00e7as (2002).<\/p>\n<p>No cinema, fez participa\u00e7\u00f5es ao lado de nomes como Xuxa e Os Trapalh\u00f5es.<\/p>\n<p><strong>NOTA DE FALECIMENTO<\/strong><\/p>\n<p>Este \u00e9 um momento que jamais imaginamos viver. Com profunda tristeza, familiares comunicam o falecimento do pai, irm\u00e3o, filho, amigo, empres\u00e1rio, jornalista e apresentador Ant\u00f4nio Augusto Moraes Liberato (Gugu Liberato), aos 60 anos, em Orlando, Florida, Estados Unidos.<\/p>\n<p>Nosso Gugu sempre viveu de maneira simples e alegre, cercado por seus familiares e extremamente dedicado aos filhos. E assim foi at\u00e9 o final da vida, ocorrida ap\u00f3s um acidente caseiro.<\/p>\n<p>Ele sofreu uma queda acidental de uma altura de cerca de quatro metros quando fazia um reparo no ar condicionado instalado no s\u00f3t\u00e3o. Foi prontamente socorrido pela equipe de resgate e admitido no Orlando Health Medical Center, onde permaneceu na Unidade de Terapia Intensiva, acompanhado pela equipe m\u00e9dica local.<\/p>\n<p>Na admiss\u00e3o deu entrada em escala de Glasgow de 3 [usada para medir a consci\u00eancia e a evolu\u00e7\u00e3o das les\u00f5es cerebrais em um paciente] e os exames iniciais constataram sangramento intracraniano. Em virtude da gravidade neurol\u00f3gica, n\u00e3o foi indicado qualquer procedimento cir\u00fargico. Durante o per\u00edodo de observa\u00e7\u00e3o foi constatada a aus\u00eancia de atividade cerebral. A morte encef\u00e1lica foi confirmada pelo Prof. Dr. Guilherme Lepski, neurocirurgi\u00e3o brasileiro chamado pela fam\u00edlia, que ap\u00f3s ver as imagens dos exames em detalhes, confirmou a irreversibilidade do quadro cl\u00ednico diante de sua m\u00e3e Maria do C\u00e9u, dos irm\u00e3os Amandio Augusto e Aparecida Liberato, e da m\u00e3e de seus filhos, Rose Miriam Di Matteo.<\/p>\n<p>Ainda n\u00e3o temos detalhes sobre o traslado para o Brasil. Informa\u00e7\u00f5es sobre vel\u00f3rio e sepultamento ser\u00e3o passadas assim que tudo estiver definido.<\/p>\n<p>Ele deixa tr\u00eas filhos, Jo\u00e3o Augusto de 18 anos e as g\u00eameas Marina e Sophia de 15 anos.<br \/>\nAtendendo a uma vontade dele, a fam\u00edlia autorizou a doa\u00e7\u00e3o de todos os \u00f3rg\u00e3os.<br \/>\nGugu sempre refletiu sobre os verdadeiros valores da vida e o qu\u00e3o fr\u00e1gil ela se revela. Sua partida nos deixa sem ch\u00e3o, mas refor\u00e7a nossa certeza de que ele viveu plenamente. Fica a saudade, ficam as lembran\u00e7as &#8211; que s\u00e3o muitas &#8211; e a certeza que Deus recebe agora um filho querido, e o c\u00e9u ganha uma estrela que emana luz e paz.<\/p>\n<p>Familiares e funcion\u00e1rios<\/p>\n<p>S\u00e3o Paulo, 22 de novembro de 2019<\/p>\n<p>Com R7<\/p>\n<span style=\"clear:both;display:none;\"><img src=\"http:\/\/www.muricionline.com.br\/novo\/wp-content\/plugins\/wp-spamfree\/img\/wpsf-img.php\" width=\"0\" height=\"0\" alt=\"\" style=\"border-style:none;width:0px;height:0px;display:none;\" \/><\/span>","protected":false},"excerpt":{"rendered":"<p>O apresentador Gugu Liberato, de 60 anos, morreu nesta sexta-feira (22), em Orlando, nos Estados Unidos. O comunicador da Record TV estava internado desde quarta no hospital Orlando Health, quando sofreu uma queda em casa e bateu a cabe\u00e7a. A informa\u00e7\u00e3o foi confirmada em nota assinada por familiares e funcion\u00e1rios de Gugu e divulgada pela&#8230;<\/p>\n","protected":false},"author":1,"featured_media":11982,"comment_status":"open","ping_status":"open","sticky":false,"template":"","format":"standard","meta":{"footnotes":""},"categories":[1],"tags":[5],"_links":{"self":[{"href":"http:\/\/www.muricionline.com.br\/novo\/index.php?rest_route=\/wp\/v2\/posts\/11981"}],"collection":[{"href":"http:\/\/www.muricionline.com.br\/novo\/index.php?rest_route=\/wp\/v2\/posts"}],"about":[{"href":"http:\/\/www.muricionline.com.br\/novo\/index.php?rest_route=\/wp\/v2\/types\/post"}],"author":[{"embeddable":true,"href":"http:\/\/www.muricionline.com.br\/novo\/index.php?rest_route=\/wp\/v2\/users\/1"}],"replies":[{"embeddable":true,"href":"http:\/\/www.muricionline.com.br\/novo\/index.php?rest_route=%2Fwp%2Fv2%2Fcomments&post=11981"}],"version-history":[{"count":1,"href":"http:\/\/www.muricionline.com.br\/novo\/index.php?rest_route=\/wp\/v2\/posts\/11981\/revisions"}],"predecessor-version":[{"id":11983,"href":"http:\/\/www.muricionline.com.br\/novo\/index.php?rest_route=\/wp\/v2\/posts\/11981\/revisions\/11983"}],"wp:featuredmedia":[{"embeddable":true,"href":"http:\/\/www.muricionline.com.br\/novo\/index.php?rest_route=\/wp\/v2\/media\/11982"}],"wp:attachment":[{"href":"http:\/\/www.muricionline.com.br\/novo\/index.php?rest_route=%2Fwp%2Fv2%2Fmedia&parent=11981"}],"wp:term":[{"taxonomy":"category","embeddable":true,"href":"http:\/\/www.muricionline.com.br\/novo\/index.php?rest_route=%2Fwp%2Fv2%2Fcategories&post=11981"},{"taxonomy":"post_tag","embeddable":true,"href":"http:\/\/www.muricionline.com.br\/novo\/index.php?rest_route=%2Fwp%2Fv2%2Ftags&post=11981"}],"curies":[{"name":"wp","href":"https:\/\/api.w.org\/{rel}","templated":true}]}}