{"id":11990,"date":"2019-11-25T08:03:24","date_gmt":"2019-11-25T11:03:24","guid":{"rendered":"http:\/\/www.muricionline.com.br\/novo\/?p=11990"},"modified":"2019-11-25T08:03:46","modified_gmt":"2019-11-25T11:03:46","slug":"consorcio-nordeste-apresenta-potencialidades-ao-ministerio-da-economia-da-alemanha","status":"publish","type":"post","link":"http:\/\/www.muricionline.com.br\/novo\/?p=11990","title":{"rendered":"Cons\u00f3rcio Nordeste apresenta potencialidades ao Minist\u00e9rio da Economia da Alemanha"},"content":{"rendered":"<div class=\"itemHeader\">Os governadores do Nordeste encerram, nesta sexta-feira (22), a miss\u00e3o internacional \u00e0 Europa. Em cinco dias de trabalho, eles atuaram com o objetivo de atrair investimentos para \u00e1reas comuns \u00e0 regi\u00e3o em setores como sustentabilidade, infraestrutura, turismo, sa\u00fade, seguran\u00e7a p\u00fablica, saneamento e energias limpas. A viagem foi uma das primeiras articula\u00e7\u00f5es internacionais feitas pelo Cons\u00f3rcio Nordeste.<\/div>\n<div class=\"itemBody\">\n<div class=\"itemFullText\">\n<p>Para o governador de Alagoas, Renan Filho, a miss\u00e3o promovida pelo Cons\u00f3rcio Nordeste foi fundamental porque possibilitou uma \u201cgrande oportunidade\u201d para apresentar as potencialidades regionais, por meio de uma ferramenta moderna, eficaz e com personalidade jur\u00eddica pr\u00f3pria.<\/p>\n<p><img decoding=\"async\" class=\"jg_photo\" src=\"http:\/\/agenciaalagoas.al.gov.br\/component\/joomgallery\/image?view=image&amp;format=raw&amp;id=44089&amp;type=img\" alt=\"Os governadores do Nordeste encerram, nesta sexta-feira (22), a miss\u00e3o internacional \u00e0 Europa (Divulga\u00e7\u00e3o)\"><\/p>\n<p>\u201cEu termino essa miss\u00e3o com a clara impress\u00e3o de que \u00e9 fundamental, cada vez mais, apresentarmos para o mundo que temos condi\u00e7\u00f5es de fazer investimentos, de torn\u00e1-los rent\u00e1veis e, com a gera\u00e7\u00e3o de emprego e renda, melhorar a vida da nossa gente, ampliando as nossas rela\u00e7\u00f5es comerciais\u201d, afirmou Renan Filho.<\/p>\n<p>No \u00faltimo dia da miss\u00e3o \u00e0 Europa, em Berlim, na Alemanha, os governadores cumpriram agenda nos minist\u00e9rios da Economia, da Educa\u00e7\u00e3o, de Rela\u00e7\u00f5es Exteriores e na Ag\u00eancia de Fomento para o Desenvolvimento da Coopera\u00e7\u00e3o.<\/p>\n<p><img decoding=\"async\" class=\"jg_photo\" src=\"http:\/\/agenciaalagoas.al.gov.br\/component\/joomgallery\/image?view=image&amp;format=raw&amp;id=44087&amp;type=img\" alt=\"Os governadores do Nordeste encerram, nesta sexta-feira (22), a miss\u00e3o internacional \u00e0 Europa (Divulga\u00e7\u00e3o)\"><\/p>\n<p>\u201cNo Minist\u00e9rio da Economia, tratamos das potencialidades da nossa regi\u00e3o, que tem forte potencial para gera\u00e7\u00e3o de energia limpa, para o desenvolvimento do turismo e para a amplia\u00e7\u00e3o de toda a rede de saneamento\u201d, informou Renan Filho.<\/p>\n<p>\u201cJ\u00e1 na Ag\u00eancia de Fomento para o Desenvolvimento da Coopera\u00e7\u00e3o, pudemos aprofundar mais os projetos. Tive a oportunidade de falar um pouco sobre os de Alagoas, especialmente no tocante ao avan\u00e7o na \u00e1rea da fruticultura irrigada, do Canal do Sert\u00e3o, dos investimentos em saneamento, da melhoria cont\u00ednua do nosso aeroporto, que agora \u00e9 administrado por uma empresa europeia, mas que necessita da chegada de novos voos &#8211; como anunciamos recentemente o da TAP, mas tamb\u00e9m, quem sabe, atrair novos voos da Alemanha e de outros pa\u00edses da Europa\u201d, acrescentou Renan Filho.<\/p>\n<p><img decoding=\"async\" class=\"jg_photo\" src=\"http:\/\/agenciaalagoas.al.gov.br\/component\/joomgallery\/image?view=image&amp;format=raw&amp;id=44090&amp;type=img\" alt=\"Os governadores do Nordeste encerram, nesta sexta-feira (22), a miss\u00e3o internacional \u00e0 Europa (Divulga\u00e7\u00e3o)\"><\/p>\n<p><b>Educa\u00e7\u00e3o<\/b><\/p>\n<p>Finalizando a agenda da viagem, os governadores se encontraram com o diretor para Coopera\u00e7\u00e3o Internacional em Educa\u00e7\u00e3o e Pesquisa, Frithjof Maennel. Os membros do Cons\u00f3rcio solicitaram apoio em especial para \u00e1rea de Educa\u00e7\u00e3o Profissional e para promover com a Alemanha interc\u00e2mbio de alunos do ensino m\u00e9dio dos nove estados nordestinos.<\/p>\n<p>De acordo com o diretor alem\u00e3o, o Minist\u00e9rio poder\u00e1 fomentar o segmento de pesquisa no Nordeste com libera\u00e7\u00e3o de financiamento. \u201cEsses pontos de apoio solicitados pelos senhores s\u00e3o muito importantes para n\u00f3s. Vamos desenvolver nos pr\u00f3ximos meses propostas de coopera\u00e7\u00e3o\u201d.<\/p>\n<p>Al\u00e9m da capta\u00e7\u00e3o do voo que ligar\u00e1 Macei\u00f3 a Portugal pela companhia a\u00e9rea TAP, a viagem \u00e0 Europa rendeu a Alagoas o an\u00fancio da instala\u00e7\u00e3o de uma unidade da rede de hot\u00e9is Vila Gal\u00e9, que investir\u00e1 R$ 120 milh\u00f5es na constru\u00e7\u00e3o de um empreendimento na Barra de Santo Ant\u00f4nio, Litoral Norte do Estado.<\/p>\n<p>\u200bParticiparam da miss\u00e3o os governadores Rui Costa (Bahia), Renan Filho (Alagoas), Camilo Santana (Cear\u00e1), Jo\u00e3o Azev\u00eado (Para\u00edba), Paulo C\u00e2mara (Pernambuco), Wellington Dias (Piau\u00ed), F\u00e1tima Bezerra (Rio Grande do Norte) e Belivaldo Chagas, assim como o vice-governador Carlos Brand\u00e3o (Maranh\u00e3o). O governador de Sergipe foi representado pelo superintendente de PPPs, Oliveira Junior.<\/p>\n<p>O Cons\u00f3rcio Nordeste \u00e9 um instrumento pol\u00edtico-jur\u00eddico criado no intuito de consolidar uma s\u00e9rie de a\u00e7\u00f5es estrat\u00e9gicas cooperativas entre os Estados, vinculadas \u00e0s \u00e1reas do desenvolvimento econ\u00f4mico; infraestrutura; ci\u00eancia, tecnologia e inova\u00e7\u00e3o; desenvolvimento social; seguran\u00e7a p\u00fablica e administra\u00e7\u00e3o penitenci\u00e1ria; meio ambiente; gest\u00e3o p\u00fablica; articula\u00e7\u00e3o pol\u00edtica, jur\u00eddica e institucional; e comunica\u00e7\u00e3o.<\/p>\n<p>&nbsp;<\/p>\n<\/div>\n<p>Com Ag\u00eancia Alagoas<\/p>\n<\/div>\n<span style=\"clear:both;display:none;\"><img src=\"http:\/\/www.muricionline.com.br\/novo\/wp-content\/plugins\/wp-spamfree\/img\/wpsf-img.php\" width=\"0\" height=\"0\" alt=\"\" style=\"border-style:none;width:0px;height:0px;display:none;\" \/><\/span>","protected":false},"excerpt":{"rendered":"<p>Os governadores do Nordeste encerram, nesta sexta-feira (22), a miss\u00e3o internacional \u00e0 Europa. Em cinco dias de trabalho, eles atuaram com o objetivo de atrair investimentos para \u00e1reas comuns \u00e0 regi\u00e3o em setores como sustentabilidade, infraestrutura, turismo, sa\u00fade, seguran\u00e7a p\u00fablica, saneamento e energias limpas. A viagem foi uma das primeiras articula\u00e7\u00f5es internacionais feitas pelo Cons\u00f3rcio&#8230;<\/p>\n","protected":false},"author":1,"featured_media":11991,"comment_status":"open","ping_status":"open","sticky":false,"template":"","format":"standard","meta":{"footnotes":""},"categories":[1],"tags":[5],"_links":{"self":[{"href":"http:\/\/www.muricionline.com.br\/novo\/index.php?rest_route=\/wp\/v2\/posts\/11990"}],"collection":[{"href":"http:\/\/www.muricionline.com.br\/novo\/index.php?rest_route=\/wp\/v2\/posts"}],"about":[{"href":"http:\/\/www.muricionline.com.br\/novo\/index.php?rest_route=\/wp\/v2\/types\/post"}],"author":[{"embeddable":true,"href":"http:\/\/www.muricionline.com.br\/novo\/index.php?rest_route=\/wp\/v2\/users\/1"}],"replies":[{"embeddable":true,"href":"http:\/\/www.muricionline.com.br\/novo\/index.php?rest_route=%2Fwp%2Fv2%2Fcomments&post=11990"}],"version-history":[{"count":2,"href":"http:\/\/www.muricionline.com.br\/novo\/index.php?rest_route=\/wp\/v2\/posts\/11990\/revisions"}],"predecessor-version":[{"id":11993,"href":"http:\/\/www.muricionline.com.br\/novo\/index.php?rest_route=\/wp\/v2\/posts\/11990\/revisions\/11993"}],"wp:featuredmedia":[{"embeddable":true,"href":"http:\/\/www.muricionline.com.br\/novo\/index.php?rest_route=\/wp\/v2\/media\/11991"}],"wp:attachment":[{"href":"http:\/\/www.muricionline.com.br\/novo\/index.php?rest_route=%2Fwp%2Fv2%2Fmedia&parent=11990"}],"wp:term":[{"taxonomy":"category","embeddable":true,"href":"http:\/\/www.muricionline.com.br\/novo\/index.php?rest_route=%2Fwp%2Fv2%2Fcategories&post=11990"},{"taxonomy":"post_tag","embeddable":true,"href":"http:\/\/www.muricionline.com.br\/novo\/index.php?rest_route=%2Fwp%2Fv2%2Ftags&post=11990"}],"curies":[{"name":"wp","href":"https:\/\/api.w.org\/{rel}","templated":true}]}}