{"id":11999,"date":"2019-11-26T09:45:38","date_gmt":"2019-11-26T12:45:38","guid":{"rendered":"http:\/\/www.muricionline.com.br\/novo\/?p=11999"},"modified":"2019-11-26T09:45:38","modified_gmt":"2019-11-26T12:45:38","slug":"governador-anuncia-para-13-de-dezembro-antecipacao-para-o-pagamento-do-decimo-terceiro","status":"publish","type":"post","link":"http:\/\/www.muricionline.com.br\/novo\/?p=11999","title":{"rendered":"Governador anuncia para 13 de dezembro antecipa\u00e7\u00e3o para o pagamento do d\u00e9cimo terceiro"},"content":{"rendered":"<div class=\"itemHeader\">&nbsp;<\/div>\n<div class=\"itemBody\">\n<div class=\"itemFullText\">\n<p>O governador Renan Filho anunciou, nesta segunda-feira (25), a antecipa\u00e7\u00e3o para o dia 13 de dezembro o pagamento do d\u00e9cimo terceiro sal\u00e1rio aos servidores p\u00fablicos estaduais: ativos, inativos e pensionistas&nbsp;de todas as faixas salariais.&nbsp;Com um controle da folha de pessoal bastante efetivo,&nbsp;Alagoas continua sendo um dos poucos Estados do pa\u00eds a conseguir antecipar o pagamento do&nbsp;abono que, constitucionalmente, precisa ser efetivado at\u00e9 o dia 20 de dezembro.<\/p>\n<p>\u201cInfelizmente muitos Estados, bem mais ricos do que Alagoas, n\u00e3o conseguem cumprir com essa obriga\u00e7\u00e3o. Estou aqui, portanto, muito feliz em comunicar que o Governo do Estado de Alagoas est\u00e1 antecipando para o dia 13 de dezembro o pagamento do 13\u00ba sal\u00e1rio dos servidores p\u00fablicos. Espero, assim, estar antecipando, tamb\u00e9m, muito sucesso, muita sa\u00fade e muita prosperidade para todos voc\u00eas\u201d, disse o governador, que gravou um v\u00eddeo sobre o an\u00fancio para ser veiculado nas redes sociais.<\/p>\n<p>Segundo informa\u00e7\u00f5es da Secretaria de Estado do Planejamento, Gest\u00e3o&nbsp;e Patrim\u00f4nio (Seplag), mais de 74 mil servidores p\u00fablicos ativos, inativos e pensionistas&nbsp;&#8211;&nbsp;de&nbsp;todas as faixas salariais &#8211; v\u00e3o receber o d\u00e9cimo. O&nbsp;pagamento representa a quantia de R$ 320 milh\u00f5es, que deve circular na economia alagoana.<\/p>\n<p>Apesar da crise econ\u00f4mica ainda afetar significativamente a&nbsp;maioria das federa\u00e7\u00f5es, o Governo de Alagoas tem feito n\u00e3o somente a antecipa\u00e7\u00e3o do&nbsp;d\u00e9cimo terceiro aos servidores, como, tamb\u00e9m,&nbsp;mantido&nbsp;em dia&nbsp;o pagamento mensal&nbsp;da folha salarial.<\/p>\n<p>\u201cFui duas vezes prefeito e estou no segundo mandato como governador. Tenho orgulho de dizer que, durante todo esse tempo, jamais atrasei um \u00fanico m\u00eas do sal\u00e1rio dos servidores p\u00fablicos. S\u00e3o 156 meses de pontualidade. A raz\u00e3o \u00e9 simples: eu acredito que um Estado forte, bem administrado e com capacidade para mudar as coisas s\u00f3 tem sucesso se valorizar e trabalhar em parceria com o funcionalismo do Estado\u201d, disse Renan Filho.<\/p>\n<p>&nbsp;<\/p>\n<\/div>\n<\/div>\n<span style=\"clear:both;display:none;\"><img src=\"http:\/\/www.muricionline.com.br\/novo\/wp-content\/plugins\/wp-spamfree\/img\/wpsf-img.php\" width=\"0\" height=\"0\" alt=\"\" style=\"border-style:none;width:0px;height:0px;display:none;\" \/><\/span>","protected":false},"excerpt":{"rendered":"<p>&nbsp; O governador Renan Filho anunciou, nesta segunda-feira (25), a antecipa\u00e7\u00e3o para o dia 13 de dezembro o pagamento do d\u00e9cimo terceiro sal\u00e1rio aos servidores p\u00fablicos estaduais: ativos, inativos e pensionistas&nbsp;de todas as faixas salariais.&nbsp;Com um controle da folha de pessoal bastante efetivo,&nbsp;Alagoas continua sendo um dos poucos Estados do pa\u00eds a conseguir antecipar o&#8230;<\/p>\n","protected":false},"author":1,"featured_media":12000,"comment_status":"open","ping_status":"open","sticky":false,"template":"","format":"standard","meta":{"footnotes":""},"categories":[7,1],"tags":[5],"_links":{"self":[{"href":"http:\/\/www.muricionline.com.br\/novo\/index.php?rest_route=\/wp\/v2\/posts\/11999"}],"collection":[{"href":"http:\/\/www.muricionline.com.br\/novo\/index.php?rest_route=\/wp\/v2\/posts"}],"about":[{"href":"http:\/\/www.muricionline.com.br\/novo\/index.php?rest_route=\/wp\/v2\/types\/post"}],"author":[{"embeddable":true,"href":"http:\/\/www.muricionline.com.br\/novo\/index.php?rest_route=\/wp\/v2\/users\/1"}],"replies":[{"embeddable":true,"href":"http:\/\/www.muricionline.com.br\/novo\/index.php?rest_route=%2Fwp%2Fv2%2Fcomments&post=11999"}],"version-history":[{"count":1,"href":"http:\/\/www.muricionline.com.br\/novo\/index.php?rest_route=\/wp\/v2\/posts\/11999\/revisions"}],"predecessor-version":[{"id":12001,"href":"http:\/\/www.muricionline.com.br\/novo\/index.php?rest_route=\/wp\/v2\/posts\/11999\/revisions\/12001"}],"wp:featuredmedia":[{"embeddable":true,"href":"http:\/\/www.muricionline.com.br\/novo\/index.php?rest_route=\/wp\/v2\/media\/12000"}],"wp:attachment":[{"href":"http:\/\/www.muricionline.com.br\/novo\/index.php?rest_route=%2Fwp%2Fv2%2Fmedia&parent=11999"}],"wp:term":[{"taxonomy":"category","embeddable":true,"href":"http:\/\/www.muricionline.com.br\/novo\/index.php?rest_route=%2Fwp%2Fv2%2Fcategories&post=11999"},{"taxonomy":"post_tag","embeddable":true,"href":"http:\/\/www.muricionline.com.br\/novo\/index.php?rest_route=%2Fwp%2Fv2%2Ftags&post=11999"}],"curies":[{"name":"wp","href":"https:\/\/api.w.org\/{rel}","templated":true}]}}