{"id":12002,"date":"2019-11-27T06:14:08","date_gmt":"2019-11-27T09:14:08","guid":{"rendered":"http:\/\/www.muricionline.com.br\/novo\/?p=12002"},"modified":"2019-11-27T06:14:08","modified_gmt":"2019-11-27T09:14:08","slug":"jacioba-desiste-da-copa-sp-junior-e-emite-nota-de-esclarecimento","status":"publish","type":"post","link":"http:\/\/www.muricionline.com.br\/novo\/?p=12002","title":{"rendered":"Jaciob\u00e1 desiste da Copa SP J\u00fanior e emite nota de esclarecimento"},"content":{"rendered":"<p>A diretoria do Jaciob\u00e1, confirmou por meio de nota oficial a desist\u00eancia da Copa S\u00e3o Paulo de futebol J\u00fanior.<\/p>\n<p>&nbsp;<\/p>\n<p>NOTA DE ESCLARECIMENTO<\/p>\n<p>O Conselho Deliberativo do Jaciob\u00e1 Atl\u00e9tico Clube vem \u00e0 p\u00fablico manifestar esclarecimento \u00e0 popula\u00e7\u00e3o de P\u00e3o de A\u00e7ucar, em especial aos torcedores e apoiadores do clube.<\/p>\n<p>Inicialmente, informamos que em cumprimento \u00e0 decis\u00e3o liminar do Ju\u00edzo de Direito da Comarca de P\u00e3o de A\u00e7ucar, concedida no dia 14 do presente m\u00eas, que entendeu a ilegalidade e as irregularidades do \u00faltimo processo eleitoral, este conselho foi reintegrado e passou a administrar o clube at\u00e9 posterior decis\u00e3o.<\/p>\n<p>Nesse primeiro momento, informamos que estamos trabalhando, incansavelmente, para nos inteirar da real situa\u00e7\u00e3o administrativa, financeira e social do JAC. Aos poucos, tomamos conhecimento das informa\u00e7\u00f5es sobre a preocupante situa\u00e7\u00e3o financeira da institui\u00e7\u00e3o e, em poucos dias, j\u00e1 nos deparamos com a enorme quantidade de d\u00e9bitos em nome do clube realizados pelo ex-presidente. As dificuldades aumentam pelo fato de n\u00e3o existir nenhuma documenta\u00e7\u00e3o relativa aos contratos, balancetes, recibo e notas fiscais nos arquivos do clube. Neste sentido algumas medidas j\u00e1 foram tomadas. Entre elas, a decis\u00e3o de acionar o antigo gestor para que forne\u00e7a todas as presta\u00e7\u00f5es de contas do per\u00edodo em que atuou. E, caso n\u00e3o apresente ou n\u00e3o haja comprova\u00e7\u00e3o, acionararemos judicialmente para que este se responsabilize e quite todas as pend\u00eancias que realizou, impedindo que a institui\u00e7\u00e3o seja penalizada.<\/p>\n<p>SOBRE A PARTICIPA\u00c7\u00c3O NA COPA SP JR E DEMAIS COMPETI\u00c7\u00d5ES<\/p>\n<p>Assumimos a dire\u00e7\u00e3o do clube num momento da prepara\u00e7\u00e3o para a participa\u00e7\u00e3o da Copa SP de futebol J\u00fanior. Deparamo-nos com diversos jovens atletas na cidade e uma equipe t\u00e9cnica montada. Apenas horas depois de nossa posse, foi com espanto que soubemos que, por ordem do ex-presidente, todos os garotos e comiss\u00e3o foram despejados do local em que estavam alojados. Antes mesmo de tomarmos ci\u00eancia da condi\u00e7\u00f5es esportivas reais, entendendo a forma irrespons\u00e1vel e desumana de da qual foram tratados, e abrigamos todos numa pousada, garantindo a prote\u00e7\u00e3o, alimenta\u00e7\u00e3o de qualidade e o suporte aos que residem em outros estados.<\/p>\n<p>Ap\u00f3s isto, coversamos com o elenco e equipe t\u00e9cnica a fim de construir a proje\u00e7\u00e3o financeira da compet\u00ean\u00e7\u00e3o, or\u00e7ada em quase 60 mil reais, sem contar com o transporte. Neste \u00ednterim, em contato com a Secretaria Estadual de Esportes, revelou-se que n\u00e3o havia garantia alguma do fornecimento do \u00f4nibus, contrariando o que havia dito o ex-presidente. Ap\u00f3s conversa com alguns jogadores, descobriu-se ainda que alguns empres\u00e1rios estavam negociando diretamente com o ex-presidente para que seus jogadores fossem relacionados na competi\u00e7\u00e3o, no entanto, nenhum valor foi depositado nas contas do clube. Descobrimos, por fim, que o ex-presidente do clube revelou que na verdade, n\u00e3o havia condi\u00e7\u00f5es alguma da participa\u00e7\u00e3o do clube n\u00e3o s\u00f3 na Copa SP, como todas as outras competi\u00e7\u00f5es em 2020, indicando, neste sentido, que o que todo suposto or\u00e7amento confirmado que divulgava n\u00e3o passava de um grande blefe.<\/p>\n<p>Ap\u00f3s toda essa celeuma, em discuss\u00e3o interna e ap\u00f3s orienta\u00e7\u00e3o de representantes da FAF, entendemos que n\u00e3o havia condi\u00e7oes financeiras e log\u00edsticas para que o clube participasse da Copa S\u00e3o Paulo 2020. Decidimos, neste momento, nos dedicar financeiramente para montagem do elenco profissional para a Copa Alagoas e para o estadual.<\/p>\n<p>Sem deixar de valorizar o futebol de base, visto que teremos a oportunidade de participarmos da Copa do Brasil e estaudal sub-20, sub-17 , al\u00e9m de continuarmos com o projeto do futebol feminino.<\/p>\n<p>AVAN\u00c7AR COM UNI\u00c3O E RESPONSABILIDADE<\/p>\n<p>Gostari\u00e1mos de anunciar que temos o objetivo de iniciar a constitui\u00e7\u00e3o do quadro de s\u00f3cios e preparar para o processo eleitoral de forma c\u00e9lere e honesta. Para al\u00e9m do futebol, este esfor\u00e7o tem por objetivo n\u00e3o somente prezar pela responsabilidade na condu\u00e7\u00e3o do nosso patrim\u00f4nio que, diga-se de passagem, foi fruto da doa\u00e7\u00e3o di\u00e1ria de trocedores e dirigentes ao longo de nossa hist\u00f3ria e que corre s\u00e9rios riscos de ser extinto por conta das a\u00e7\u00f5es personalistas do ex-presidente. Temos a obriga\u00e7\u00e3o de promover a transpar\u00eancia, com a finalidade de prestar informa\u00e7\u00f5es fidedignas \u00e0 Justi\u00e7a, levantando as todas \u00e0s informa\u00e7\u00f5es a fim de resgatar a credibilidade e a sa\u00fade financeira do clube junto aos nossos apoiadores aos tocedores.<\/p>\n<p>Por fim, temos a ci\u00eancia de que os desafios pela frente n\u00e3o ser\u00e3o f\u00e1ceis. Sobretudo pela oportunidade de atuar em competi\u00e7\u00f5es que poder\u00e3o consolidar nosso clube no cen\u00e1rio esportivo regional. Garantimos que este conselho n\u00e3o economizar\u00e1 esfor\u00e7os para proporcinar o melhor para o Jaciob\u00e1 Atl\u00e9tico Clube. Temos a certeza de que com a uni\u00e3o de nossa torcida, com o trabalho respons\u00e1vel e transparente e com o apoio da sociedade p\u00e3o-de-a\u00e7ucarense, o Jaciob\u00e1 concluir\u00e1 com \u00eaxito essa importante etapa de sua trajet\u00f3ria.<\/p>\n<p>&nbsp;<\/p>\n<p>Com Assessoria &nbsp;<\/p>\n<span style=\"clear:both;display:none;\"><img src=\"http:\/\/www.muricionline.com.br\/novo\/wp-content\/plugins\/wp-spamfree\/img\/wpsf-img.php\" width=\"0\" height=\"0\" alt=\"\" style=\"border-style:none;width:0px;height:0px;display:none;\" \/><\/span>","protected":false},"excerpt":{"rendered":"<p>A diretoria do Jaciob\u00e1, confirmou por meio de nota oficial a desist\u00eancia da Copa S\u00e3o Paulo de futebol J\u00fanior. &nbsp; NOTA DE ESCLARECIMENTO O Conselho Deliberativo do Jaciob\u00e1 Atl\u00e9tico Clube vem \u00e0 p\u00fablico manifestar esclarecimento \u00e0 popula\u00e7\u00e3o de P\u00e3o de A\u00e7ucar, em especial aos torcedores e apoiadores do clube. Inicialmente, informamos que em cumprimento \u00e0&#8230;<\/p>\n","protected":false},"author":1,"featured_media":12003,"comment_status":"open","ping_status":"open","sticky":false,"template":"","format":"standard","meta":{"footnotes":""},"categories":[9],"tags":[],"_links":{"self":[{"href":"http:\/\/www.muricionline.com.br\/novo\/index.php?rest_route=\/wp\/v2\/posts\/12002"}],"collection":[{"href":"http:\/\/www.muricionline.com.br\/novo\/index.php?rest_route=\/wp\/v2\/posts"}],"about":[{"href":"http:\/\/www.muricionline.com.br\/novo\/index.php?rest_route=\/wp\/v2\/types\/post"}],"author":[{"embeddable":true,"href":"http:\/\/www.muricionline.com.br\/novo\/index.php?rest_route=\/wp\/v2\/users\/1"}],"replies":[{"embeddable":true,"href":"http:\/\/www.muricionline.com.br\/novo\/index.php?rest_route=%2Fwp%2Fv2%2Fcomments&post=12002"}],"version-history":[{"count":1,"href":"http:\/\/www.muricionline.com.br\/novo\/index.php?rest_route=\/wp\/v2\/posts\/12002\/revisions"}],"predecessor-version":[{"id":12004,"href":"http:\/\/www.muricionline.com.br\/novo\/index.php?rest_route=\/wp\/v2\/posts\/12002\/revisions\/12004"}],"wp:featuredmedia":[{"embeddable":true,"href":"http:\/\/www.muricionline.com.br\/novo\/index.php?rest_route=\/wp\/v2\/media\/12003"}],"wp:attachment":[{"href":"http:\/\/www.muricionline.com.br\/novo\/index.php?rest_route=%2Fwp%2Fv2%2Fmedia&parent=12002"}],"wp:term":[{"taxonomy":"category","embeddable":true,"href":"http:\/\/www.muricionline.com.br\/novo\/index.php?rest_route=%2Fwp%2Fv2%2Fcategories&post=12002"},{"taxonomy":"post_tag","embeddable":true,"href":"http:\/\/www.muricionline.com.br\/novo\/index.php?rest_route=%2Fwp%2Fv2%2Ftags&post=12002"}],"curies":[{"name":"wp","href":"https:\/\/api.w.org\/{rel}","templated":true}]}}