{"id":12005,"date":"2019-11-27T06:23:21","date_gmt":"2019-11-27T09:23:21","guid":{"rendered":"http:\/\/www.muricionline.com.br\/novo\/?p=12005"},"modified":"2019-11-27T06:23:21","modified_gmt":"2019-11-27T09:23:21","slug":"policia-civil-prende-acusado-de-tentativa-de-homicidio-em-murici","status":"publish","type":"post","link":"http:\/\/www.muricionline.com.br\/novo\/?p=12005","title":{"rendered":"Pol\u00edcia Civil prende acusado de tentativa de homic\u00eddio em Murici"},"content":{"rendered":"<div class=\"penci-entry-content entry-content\">\n<div class=\"pf-content\">\n<p>Policiais civis de Murici prenderam em flagrante, na manh\u00e3 desta ter\u00e7a-feira (26), o agricultor Jos\u00e9 Fernando Gomes dos Santos, 39, acusado de uma tentativa de homic\u00eddio ocorrida na cidade de Murici, na Zona da Mata alagoana.<\/p>\n<p>Jos\u00e9 Fernando \u00e9 acusado de tentar matar o jovem Adriano Duarte do Nascimento,&nbsp; com quem bebia na noite de ontem. Durante uma discuss\u00e3o, o acusado acabou atingindo a v\u00edtima com uma facada no abd\u00f4men, tendo ela sido socorrida para o Hospital Geral do Estado (HGE), em Macei\u00f3.<\/p>\n<p>\u201cAs investiga\u00e7\u00f5es iniciaram logo ap\u00f3s o crime e, na manh\u00e3 de hoje, os policiais conseguiram prender o acusado, que confessou o crime e est\u00e1 sendo autuado em flagrante por tentativa de homic\u00eddio\u201d, explicou o delegado de Murici, Sidney Ten\u00f3rio.<\/p>\n<p>Segundo ele, \u00e9 importante que sejam dadas respostas r\u00e1pidas aos crimes, em especial, os dolosos contra a vida. \u201cCom isso afastamos a sensa\u00e7\u00e3o de impunidade, levando a redu\u00e7\u00e3o dos \u00edndices de criminalidade. Gra\u00e7as a este trabalho, estamos com uma redu\u00e7\u00e3o de praticamente 60% no n\u00famero de homic\u00eddios este ano, em compara\u00e7\u00e3o com o mesmo per\u00edodo do ano passado\u201d, frisou o delegado.<\/p>\n<p>&nbsp;<\/p>\n<\/div>\n<p>Com PC-AL<\/p>\n<\/div>\n<span style=\"clear:both;display:none;\"><img src=\"http:\/\/www.muricionline.com.br\/novo\/wp-content\/plugins\/wp-spamfree\/img\/wpsf-img.php\" width=\"0\" height=\"0\" alt=\"\" style=\"border-style:none;width:0px;height:0px;display:none;\" \/><\/span>","protected":false},"excerpt":{"rendered":"<p>Policiais civis de Murici prenderam em flagrante, na manh\u00e3 desta ter\u00e7a-feira (26), o agricultor Jos\u00e9 Fernando Gomes dos Santos, 39, acusado de uma tentativa de homic\u00eddio ocorrida na cidade de Murici, na Zona da Mata alagoana. Jos\u00e9 Fernando \u00e9 acusado de tentar matar o jovem Adriano Duarte do Nascimento,&nbsp; com quem bebia na noite de&#8230;<\/p>\n","protected":false},"author":1,"featured_media":12006,"comment_status":"open","ping_status":"open","sticky":false,"template":"","format":"standard","meta":{"footnotes":""},"categories":[1],"tags":[5],"_links":{"self":[{"href":"http:\/\/www.muricionline.com.br\/novo\/index.php?rest_route=\/wp\/v2\/posts\/12005"}],"collection":[{"href":"http:\/\/www.muricionline.com.br\/novo\/index.php?rest_route=\/wp\/v2\/posts"}],"about":[{"href":"http:\/\/www.muricionline.com.br\/novo\/index.php?rest_route=\/wp\/v2\/types\/post"}],"author":[{"embeddable":true,"href":"http:\/\/www.muricionline.com.br\/novo\/index.php?rest_route=\/wp\/v2\/users\/1"}],"replies":[{"embeddable":true,"href":"http:\/\/www.muricionline.com.br\/novo\/index.php?rest_route=%2Fwp%2Fv2%2Fcomments&post=12005"}],"version-history":[{"count":1,"href":"http:\/\/www.muricionline.com.br\/novo\/index.php?rest_route=\/wp\/v2\/posts\/12005\/revisions"}],"predecessor-version":[{"id":12007,"href":"http:\/\/www.muricionline.com.br\/novo\/index.php?rest_route=\/wp\/v2\/posts\/12005\/revisions\/12007"}],"wp:featuredmedia":[{"embeddable":true,"href":"http:\/\/www.muricionline.com.br\/novo\/index.php?rest_route=\/wp\/v2\/media\/12006"}],"wp:attachment":[{"href":"http:\/\/www.muricionline.com.br\/novo\/index.php?rest_route=%2Fwp%2Fv2%2Fmedia&parent=12005"}],"wp:term":[{"taxonomy":"category","embeddable":true,"href":"http:\/\/www.muricionline.com.br\/novo\/index.php?rest_route=%2Fwp%2Fv2%2Fcategories&post=12005"},{"taxonomy":"post_tag","embeddable":true,"href":"http:\/\/www.muricionline.com.br\/novo\/index.php?rest_route=%2Fwp%2Fv2%2Ftags&post=12005"}],"curies":[{"name":"wp","href":"https:\/\/api.w.org\/{rel}","templated":true}]}}