{"id":12008,"date":"2019-11-27T07:42:16","date_gmt":"2019-11-27T10:42:16","guid":{"rendered":"http:\/\/www.muricionline.com.br\/novo\/?p=12008"},"modified":"2019-11-27T07:42:16","modified_gmt":"2019-11-27T10:42:16","slug":"arfoc-alagoas-realiza-a-quarta-exposicao-de-foto-e-video","status":"publish","type":"post","link":"http:\/\/www.muricionline.com.br\/novo\/?p=12008","title":{"rendered":"ARFOC Alagoas realiza a quarta exposi\u00e7\u00e3o de foto e v\u00eddeo"},"content":{"rendered":"<p>Relembrar o que foi not\u00edcia \u00e9 contar a hist\u00f3ria da cidade. Sob essa perspectiva, a Associa\u00e7\u00e3o de Rep\u00f3rteres Fotogr\u00e1ficos e Cinematogr\u00e1ficos no Estado de Alagoas \u2013 ARFOC-AL, lan\u00e7a a 4\u00aa Mostra de Fotojornalismo e V\u00eddeo de Alagoas, no dia 28 de novembro a 30 de janeiro de 2020, no Complexo Cultural Teatro Deodoro, no Centro de Macei\u00f3.<\/p>\n<p>Do sert\u00e3o \u00e0 cidade, as imagens retratam o que foi not\u00edcia em Alagoas, Brasil e Mundo entre os anos de 2018 e 2019, contada por filhos desta terra, naturais e adotivos.<\/p>\n<p>Do futebol profissional ao futebol de v\u00e1rzea. Da liberdade ao confinamento. Emo\u00e7\u00e3o e l\u00e1grima. Cultura e f\u00e9. M\u00fasica e artistas da terra. S\u00e3o algumas das tem\u00e1ticas abordadas nesta quarta edi\u00e7\u00e3o.<\/p>\n<p>O presidente da ARFOC-AL, Ailton Cruz, fala da import\u00e2ncia da exposi\u00e7\u00e3o para a hist\u00f3ria do estado. \u201c\u00c9 necess\u00e1rio que as pessoas se lembrem do seu passado para construir o futuro. Por meio da fotografia e do v\u00eddeo contamos um pouco do que aconteceu\u201d, diz.<\/p>\n<p>E a exposi\u00e7\u00e3o com foto e v\u00eddeo em Alagoas \u00e9 refer\u00eancia entre as Arfoc\u2019s de todo o Brasil. Aqui \u00e9 poss\u00edvel unir as duas ferra mentas num \u00fanico lugar. O vice-presidente da ARFOC-AL, Waldemir Soares, que \u00e9 rep\u00f3rter cinematogr\u00e1fico, celebra esse momento \u00edmpar para os profissionais do v\u00eddeo. \u201cA Arfoc Alagoas realiza um trabalho diferente no estado. Integra e realiza eventos como esse para mostrar que jornalismo tamb\u00e9m se faz com v\u00eddeo\u201d, salienta.<\/p>\n<p>A Mostra conta tamb\u00e9m com o apoio da Prefeitura de Macei\u00f3, do World View, da Ellege Corretora de Seguros, das Casas Jardins, do Ibratim e do Diteal.<\/p>\n<p>Servi\u00e7o:<\/p>\n<p>4\u00aa Mostra de Fotojornalismo e V\u00eddeo de Alagoas<\/p>\n<p>\u25aa\ufe0fQuando: 28 de novembro a 30 de janeiro de 2020<\/p>\n<p>\u25aa\ufe0fOnde: Complexo Cultural Teatro Deodoro<\/p>\n<p>\u25aa\ufe0fLocal: Rua Bar\u00e3o de Macei\u00f3, S\/N. Centro de Macei\u00f3.<\/p>\n<p>\u25aa\ufe0fHor\u00e1rio: 8h \u00e0s 18h<\/p>\n<p>&nbsp;<\/p>\n<p>Com Assessoria&nbsp;<\/p>\n<span style=\"clear:both;display:none;\"><img src=\"http:\/\/www.muricionline.com.br\/novo\/wp-content\/plugins\/wp-spamfree\/img\/wpsf-img.php\" width=\"0\" height=\"0\" alt=\"\" style=\"border-style:none;width:0px;height:0px;display:none;\" \/><\/span>","protected":false},"excerpt":{"rendered":"<p>Relembrar o que foi not\u00edcia \u00e9 contar a hist\u00f3ria da cidade. Sob essa perspectiva, a Associa\u00e7\u00e3o de Rep\u00f3rteres Fotogr\u00e1ficos e Cinematogr\u00e1ficos no Estado de Alagoas \u2013 ARFOC-AL, lan\u00e7a a 4\u00aa Mostra de Fotojornalismo e V\u00eddeo de Alagoas, no dia 28 de novembro a 30 de janeiro de 2020, no Complexo Cultural Teatro Deodoro, no Centro&#8230;<\/p>\n","protected":false},"author":1,"featured_media":12009,"comment_status":"open","ping_status":"open","sticky":false,"template":"","format":"standard","meta":{"footnotes":""},"categories":[8],"tags":[5],"_links":{"self":[{"href":"http:\/\/www.muricionline.com.br\/novo\/index.php?rest_route=\/wp\/v2\/posts\/12008"}],"collection":[{"href":"http:\/\/www.muricionline.com.br\/novo\/index.php?rest_route=\/wp\/v2\/posts"}],"about":[{"href":"http:\/\/www.muricionline.com.br\/novo\/index.php?rest_route=\/wp\/v2\/types\/post"}],"author":[{"embeddable":true,"href":"http:\/\/www.muricionline.com.br\/novo\/index.php?rest_route=\/wp\/v2\/users\/1"}],"replies":[{"embeddable":true,"href":"http:\/\/www.muricionline.com.br\/novo\/index.php?rest_route=%2Fwp%2Fv2%2Fcomments&post=12008"}],"version-history":[{"count":1,"href":"http:\/\/www.muricionline.com.br\/novo\/index.php?rest_route=\/wp\/v2\/posts\/12008\/revisions"}],"predecessor-version":[{"id":12010,"href":"http:\/\/www.muricionline.com.br\/novo\/index.php?rest_route=\/wp\/v2\/posts\/12008\/revisions\/12010"}],"wp:featuredmedia":[{"embeddable":true,"href":"http:\/\/www.muricionline.com.br\/novo\/index.php?rest_route=\/wp\/v2\/media\/12009"}],"wp:attachment":[{"href":"http:\/\/www.muricionline.com.br\/novo\/index.php?rest_route=%2Fwp%2Fv2%2Fmedia&parent=12008"}],"wp:term":[{"taxonomy":"category","embeddable":true,"href":"http:\/\/www.muricionline.com.br\/novo\/index.php?rest_route=%2Fwp%2Fv2%2Fcategories&post=12008"},{"taxonomy":"post_tag","embeddable":true,"href":"http:\/\/www.muricionline.com.br\/novo\/index.php?rest_route=%2Fwp%2Fv2%2Ftags&post=12008"}],"curies":[{"name":"wp","href":"https:\/\/api.w.org\/{rel}","templated":true}]}}