{"id":12011,"date":"2019-11-27T14:36:54","date_gmt":"2019-11-27T17:36:54","guid":{"rendered":"http:\/\/www.muricionline.com.br\/novo\/?p=12011"},"modified":"2019-11-27T14:36:54","modified_gmt":"2019-11-27T17:36:54","slug":"escritorio-social-beneficiara-cerca-de-3-mil-egressos-do-sistema-prisional-alagoano","status":"publish","type":"post","link":"http:\/\/www.muricionline.com.br\/novo\/?p=12011","title":{"rendered":"Escrit\u00f3rio Social beneficiar\u00e1 cerca de 3 mil egressos do Sistema Prisional alagoano"},"content":{"rendered":"<div class=\"itemHeader\">\n<h2 class=\"itemTitle\">&nbsp;<\/h2>\n<\/div>\n<div id=\"rds\">\n<ul>\n<li id=\"fb\">&nbsp;<\/li>\n<li id=\"twt\">Twitter<\/li>\n<\/ul>\n<\/div>\n<div class=\"itemBody\">\n<div class=\"itemFullText\">\n<p>Alagoas \u00e9 um dos primeiros estados do pa\u00eds a contar com o Escrit\u00f3rio Social. A ferramenta visa ampliar o atendimento \u00e0s demandas dos egressos do Sistema Prisional, fornecendo-lhes acesso \u00e0 educa\u00e7\u00e3o, sa\u00fade, qualifica\u00e7\u00e3o profissional e reinser\u00e7\u00e3o ao mercado de trabalho, dentre outras a\u00e7\u00f5es. Cerca de 3 mil pessoas ser\u00e3o beneficiadas.<\/p>\n<p>O acordo de Coopera\u00e7\u00e3o T\u00e9cnica para implanta\u00e7\u00e3o do equipamento foi assinado, nesta ter\u00e7a-feira (26), pelo governador Renan Filho, o&nbsp;presidente do Conselho Nacional de Justi\u00e7a (CNJ), ministro Dias Toffoli; e o presidente do Tribunal de Justi\u00e7a de Alagoas (TJ\/AL)&nbsp;em exerc\u00edcio, desembargador&nbsp;Sebasti\u00e3o Costa Filho. A solenidade aconteceu no Sal\u00e3o de Despachos do Pal\u00e1cio Rep\u00fablica dos Palmares.<\/p>\n<p>&nbsp;<img decoding=\"async\" class=\"jg_photo\" src=\"http:\/\/agenciaalagoas.al.gov.br\/component\/joomgallery\/image?view=image&amp;format=raw&amp;id=44139&amp;type=img\" alt=\"M\u00e1rcio Ferreira\"><\/p>\n<p>\u201cEsse \u00e9 o terceiro conv\u00eanio que estamos firmando, um dos primeiros que ser\u00e3o efetivamente colocados em opera\u00e7\u00e3o. O Escrit\u00f3rio vai ofertar possibilidades de atendimento a pessoas que precisam de suporte social. Essa \u00e9 a \u00fanica forma de estabelecermos igualdade entre as pessoas que s\u00e3o vulner\u00e1veis, restabelecendo-lhes autoestima e condi\u00e7\u00f5es dignas para uma vida integrada e conectada, o que trar\u00e1 resultados para todos\u201d, pontuou o ministro Dias Toffoli.<\/p>\n<p>O Escrit\u00f3rio Social faz parte do Programa Justi\u00e7a Presente, do CNJ. A implanta\u00e7\u00e3o se d\u00e1 em Alagoas pelo reconhecimento, por parte do Conselho Nacional, do trabalho j\u00e1 realizado pela&nbsp;Secretaria de Estado da Ressocializa\u00e7\u00e3o e Inclus\u00e3o Social (Seris), atrav\u00e9s do projeto \u201cUma Nova Hist\u00f3ria\u201d, que firma parcerias para o trabalho de presos em \u00f3rg\u00e3o p\u00fablicos e empresas privadas. A iniciativa emprega, na atualidade, cerca 1 mil reeducandos do regime aberto e semiaberto.<\/p>\n<p>&nbsp;<img decoding=\"async\" class=\"jg_photo\" src=\"http:\/\/agenciaalagoas.al.gov.br\/component\/joomgallery\/image?view=image&amp;format=raw&amp;id=44143&amp;type=img\" alt=\"M\u00e1rcio Ferreira\"><\/p>\n<p>\u201cEsse Escrit\u00f3rio Social \u00e9 uma grandiosa iniciativa, primeiro porque demonstra que o Supremo Tribunal Federal (STF) e o CNJ \u2013 com suas presid\u00eancias acumuladas pelo ministro Dias Toffoli \u2013 querem seguir o caminho para elevar a capacidade do Estado de ressocializar apenados, de capacit\u00e1-los, de buscar a reinser\u00e7\u00e3o deles no mercado de trabalho. A gente j\u00e1 faz isso aqui, com as nossas pr\u00f3prias possibilidades, mas agora faremos com uma for\u00e7a extra, incluindo outros parceiros\u201d, disse o governador Renan Filho.<\/p>\n<p>Segundo o secret\u00e1rio da Ressocializa\u00e7\u00e3o e Inclus\u00e3o Social, Marcos S\u00e9rgio de Freitas, todos os reeducandos que cumprem pena nos regimes aberto e semiaberto, al\u00e9m das pessoas acolhidas pela Central de Alternativas Penais (Ceapa), ser\u00e3o assistidos pelo Escrit\u00f3rio Social, perfazendo cerca de 3 mil beneficiados.&nbsp;<\/p>\n<p>\u201cProporcionalmente, Alagoas \u00e9 o estado que mais oferta oportunidades, de educa\u00e7\u00e3o e trabalho, ao egresso do sistema prisional. J\u00e1 s\u00e3o mais de um mil reeducandos trabalhando, gra\u00e7as ao trabalho da Seris e aos parceiros da ressocializa\u00e7\u00e3o, entre institui\u00e7\u00f5es p\u00fablicas e privadas. Agora, teremos um apoio ainda maior do Poder Judici\u00e1rio\u201d, afirmou o secret\u00e1rio, acrescentando que os primeiros frutos do projeto ser\u00e3o colhidos dentro de 30 dias.<\/p>\n<p>&nbsp;<img decoding=\"async\" class=\"jg_photo\" src=\"http:\/\/agenciaalagoas.al.gov.br\/component\/joomgallery\/image?view=image&amp;format=raw&amp;id=44140&amp;type=img\" alt=\"M\u00e1rcio Ferreira\"><\/p>\n<p>Dias Toffoli revelou que est\u00e1 em fase final de estrutura\u00e7\u00e3o um aplicativo que vai potencializar as a\u00e7\u00f5es do Escrit\u00f3rio Social, permitindo o acesso virtual aos servi\u00e7os que s\u00e3o ofertados presencialmente. \u201cO aplicativo est\u00e1 sendo desenvolvido em parceria com o governo do Distrito Federal e logo estar\u00e1 dispon\u00edvel a todos os Estados para utiliza\u00e7\u00e3o por essas mesmas pessoas. Servir\u00e1 como uma esp\u00e9cie de Escrit\u00f3rio Social Virtual, o qual permitir\u00e1 que o egresso tenha em sua pr\u00f3pria casa informa\u00e7\u00f5es que lhe sejam \u00fateis\u201d, acrescentou.<\/p>\n<p>Participaram, ainda, da solenidade no Pal\u00e1cio Rep\u00fablica dos Palmares o procurador-geral do Estado, Francisco Malaquias; o secret\u00e1rio-chefe do Gabinete Civil, F\u00e1bio Farias; o deputado estadual Ant\u00f4nio Albuquerque; o defensor p\u00fablico geral do Estado, Ricardo Melro; o presidente da Ordem dos Advogados do Brasil (OAB) em Alagoas, Nivaldo Barbosa; o presidente do Superior Tribunal de Justi\u00e7a (STJ), ministro Jo\u00e3o Ot\u00e1vio de Noronha; o corregedor nacional de Justi\u00e7a, ministro Humberto Martins; a coordenadora estadual do Programa Justi\u00e7a Presente, V\u00e2nia Vicente; dentre outras autoridades.<\/p>\n<p>Com Ag\u00eancia Alagoas<\/p>\n<\/div>\n<\/div>\n<span style=\"clear:both;display:none;\"><img src=\"http:\/\/www.muricionline.com.br\/novo\/wp-content\/plugins\/wp-spamfree\/img\/wpsf-img.php\" width=\"0\" height=\"0\" alt=\"\" style=\"border-style:none;width:0px;height:0px;display:none;\" \/><\/span>","protected":false},"excerpt":{"rendered":"<p>&nbsp; &nbsp; Twitter Alagoas \u00e9 um dos primeiros estados do pa\u00eds a contar com o Escrit\u00f3rio Social. A ferramenta visa ampliar o atendimento \u00e0s demandas dos egressos do Sistema Prisional, fornecendo-lhes acesso \u00e0 educa\u00e7\u00e3o, sa\u00fade, qualifica\u00e7\u00e3o profissional e reinser\u00e7\u00e3o ao mercado de trabalho, dentre outras a\u00e7\u00f5es. Cerca de 3 mil pessoas ser\u00e3o beneficiadas. O acordo&#8230;<\/p>\n","protected":false},"author":1,"featured_media":12012,"comment_status":"open","ping_status":"open","sticky":false,"template":"","format":"standard","meta":{"footnotes":""},"categories":[7,8,1],"tags":[5],"_links":{"self":[{"href":"http:\/\/www.muricionline.com.br\/novo\/index.php?rest_route=\/wp\/v2\/posts\/12011"}],"collection":[{"href":"http:\/\/www.muricionline.com.br\/novo\/index.php?rest_route=\/wp\/v2\/posts"}],"about":[{"href":"http:\/\/www.muricionline.com.br\/novo\/index.php?rest_route=\/wp\/v2\/types\/post"}],"author":[{"embeddable":true,"href":"http:\/\/www.muricionline.com.br\/novo\/index.php?rest_route=\/wp\/v2\/users\/1"}],"replies":[{"embeddable":true,"href":"http:\/\/www.muricionline.com.br\/novo\/index.php?rest_route=%2Fwp%2Fv2%2Fcomments&post=12011"}],"version-history":[{"count":1,"href":"http:\/\/www.muricionline.com.br\/novo\/index.php?rest_route=\/wp\/v2\/posts\/12011\/revisions"}],"predecessor-version":[{"id":12013,"href":"http:\/\/www.muricionline.com.br\/novo\/index.php?rest_route=\/wp\/v2\/posts\/12011\/revisions\/12013"}],"wp:featuredmedia":[{"embeddable":true,"href":"http:\/\/www.muricionline.com.br\/novo\/index.php?rest_route=\/wp\/v2\/media\/12012"}],"wp:attachment":[{"href":"http:\/\/www.muricionline.com.br\/novo\/index.php?rest_route=%2Fwp%2Fv2%2Fmedia&parent=12011"}],"wp:term":[{"taxonomy":"category","embeddable":true,"href":"http:\/\/www.muricionline.com.br\/novo\/index.php?rest_route=%2Fwp%2Fv2%2Fcategories&post=12011"},{"taxonomy":"post_tag","embeddable":true,"href":"http:\/\/www.muricionline.com.br\/novo\/index.php?rest_route=%2Fwp%2Fv2%2Ftags&post=12011"}],"curies":[{"name":"wp","href":"https:\/\/api.w.org\/{rel}","templated":true}]}}