{"id":12014,"date":"2019-11-28T07:48:59","date_gmt":"2019-11-28T10:48:59","guid":{"rendered":"http:\/\/www.muricionline.com.br\/novo\/?p=12014"},"modified":"2019-11-28T07:48:59","modified_gmt":"2019-11-28T10:48:59","slug":"com-mais-de-r-500-mi-maceio-recebe-maior-investimento-em-esgotamento-da-historia","status":"publish","type":"post","link":"http:\/\/www.muricionline.com.br\/novo\/?p=12014","title":{"rendered":"Com mais de R$ 500 mi, Macei\u00f3 recebe maior investimento em esgotamento da hist\u00f3ria"},"content":{"rendered":"<p>O governador Renan Filho inaugurou, nesta quarta-feira (27), a Esta\u00e7\u00e3o de Tratamento de Esgoto (ETE) do Benedito Bentes. Constru\u00eddo por meio de uma Parceria P\u00fablico-Privada (PPP) entre a Companhia de Saneamento de Alagoas (Casal) e a Saneamento Alta Macei\u00f3 (Sanama), o equipamento contou com investimento de R$ 50 milh\u00f5es e tem capacidade para receber e tratar o esgoto oriundo de cerca de 300 mil moradores da parte alta de Macei\u00f3.<\/p>\n<p>Renan Filho recordou que, ao assumir o Governo do Estado em 2015, a rede de esgotamento sanit\u00e1rio cobria apenas 28% da capital. Segundo ele, a abrang\u00eancia na regi\u00e3o metropolitana era ainda menor. Com a finaliza\u00e7\u00e3o recente das obras da Bacia da Paju\u00e7ara, a cobertura passou para 35% e a meta \u00e9 atingir 70% nos pr\u00f3ximos tr\u00eas anos, dobrando a capacidade em Macei\u00f3. No total, ser\u00e3o investidos mais de R$ 500 milh\u00f5es.<\/p>\n<p><a href=\"http:\/\/www.muricionline.com.br\/novo\/wp-content\/uploads\/2019\/11\/538B426C-7CF0-42D3-8828-DAC27F232B5B.png\"><img loading=\"lazy\" decoding=\"async\" class=\"aligncenter size-full wp-image-12016\" src=\"http:\/\/www.muricionline.com.br\/novo\/wp-content\/uploads\/2019\/11\/538B426C-7CF0-42D3-8828-DAC27F232B5B.png\" alt=\"\" width=\"1200\" height=\"800\" srcset=\"http:\/\/www.muricionline.com.br\/novo\/wp-content\/uploads\/2019\/11\/538B426C-7CF0-42D3-8828-DAC27F232B5B.png 1200w, http:\/\/www.muricionline.com.br\/novo\/wp-content\/uploads\/2019\/11\/538B426C-7CF0-42D3-8828-DAC27F232B5B-300x200.png 300w, http:\/\/www.muricionline.com.br\/novo\/wp-content\/uploads\/2019\/11\/538B426C-7CF0-42D3-8828-DAC27F232B5B-768x512.png 768w, http:\/\/www.muricionline.com.br\/novo\/wp-content\/uploads\/2019\/11\/538B426C-7CF0-42D3-8828-DAC27F232B5B-1024x683.png 1024w\" sizes=\"(max-width: 1200px) 100vw, 1200px\" \/><\/a><\/p>\n<p>\u201cN\u00f3s vamos deixar Macei\u00f3 acima de 70% saneada e todo o restante com obras contratadas e em execu\u00e7\u00e3o. Todos os 13 munic\u00edpios que comp\u00f5em a regi\u00e3o metropolitana tamb\u00e9m ter\u00e3o os contratos estabelecidos. Ser\u00e1 o maior investimento em esgotamento sanit\u00e1rio j\u00e1 entregue no Estado de Alagoas e em nossa capital. Antes dele, o maior havia sido a constru\u00e7\u00e3o do emiss\u00e1rio submarino, l\u00e1 em 1989\u201d, citou Renan Filho.<\/p>\n<p>Em todo o Sistema de Esgotamento Sanit\u00e1rio da parte alta de Macei\u00f3, o valor a ser aplicado pela PPP \u00e9 de aproximadamente R$ 289 milh\u00f5es. Quando todo o sistema de redes coletoras &#8211; com 162 km de extens\u00e3o e 15 esta\u00e7\u00f5es elevat\u00f3rias &#8211; estiver implantado e em opera\u00e7\u00e3o, ele vai conduzir para a esta\u00e7\u00e3o de tratamento o efluente produzido pelos bairros do Benedito Bentes, Salvador Lyra, Santa L\u00facia, Dubeaux Le\u00e3o, Jos\u00e9 Maria de Melo, Tabuleiro dos Martins, Cidade Universit\u00e1ria, Santos Dumont, al\u00e9m de partes do Clima Bom e do Antares.<\/p>\n<p><a href=\"http:\/\/www.muricionline.com.br\/novo\/wp-content\/uploads\/2019\/11\/9953DC3B-0E13-4B27-9EB7-526117CB9CB6.png\"><img loading=\"lazy\" decoding=\"async\" class=\"aligncenter size-full wp-image-12017\" src=\"http:\/\/www.muricionline.com.br\/novo\/wp-content\/uploads\/2019\/11\/9953DC3B-0E13-4B27-9EB7-526117CB9CB6.png\" alt=\"\" width=\"1200\" height=\"800\" srcset=\"http:\/\/www.muricionline.com.br\/novo\/wp-content\/uploads\/2019\/11\/9953DC3B-0E13-4B27-9EB7-526117CB9CB6.png 1200w, http:\/\/www.muricionline.com.br\/novo\/wp-content\/uploads\/2019\/11\/9953DC3B-0E13-4B27-9EB7-526117CB9CB6-300x200.png 300w, http:\/\/www.muricionline.com.br\/novo\/wp-content\/uploads\/2019\/11\/9953DC3B-0E13-4B27-9EB7-526117CB9CB6-768x512.png 768w, http:\/\/www.muricionline.com.br\/novo\/wp-content\/uploads\/2019\/11\/9953DC3B-0E13-4B27-9EB7-526117CB9CB6-1024x683.png 1024w\" sizes=\"(max-width: 1200px) 100vw, 1200px\" \/><\/a><\/p>\n<p>\u201cCom o esgotamento sanit\u00e1rio, a primeira coisa que voc\u00ea preserva s\u00e3o os mananciais, as nossas praias, os nossos rios; as pessoas deixam de pisar em esgoto no meio da rua, ou seja, o meio ambiente protegido melhora a vida das pessoas e tamb\u00e9m nos prepara para receber melhor os turistas que visitam o nosso Estado\u201d, observou o governador.<\/p>\n<p>A ETE inaugurada nesta quarta-feira conta com tecnologia norueguesa de ponta e tem capacidade para tratar cerca de 1.300 m\u00b3\/h, no final de plano, ou seja, mais de um milh\u00e3o de litros de \u00e1guas servidas a cada hora.<\/p>\n<p>\u201c\u00c9 uma das primeiras vezes que se aplica essa tecnologia aqui no Brasil. Fomos buscar essa experi\u00eancia na Noruega. Os nossos t\u00e9cnicos foram l\u00e1 verificar o n\u00edvel de efici\u00eancia que se tem com essa Esta\u00e7\u00e3o de Tratamento\u201d, comentou o presidente da Sanama, Paulo Roberto Oliveira, que participou da solenidade.<\/p>\n<p>Moradora do Benedito Bentes desde a funda\u00e7\u00e3o do bairro, K\u00e1tia Santos de Ara\u00fajo disse que a esta\u00e7\u00e3o de tratamento que havia no local s\u00f3 funcionou durante os primeiros oito anos. \u201cN\u00e3o havia tratamento algum e, \u00e0 medida que o tempo ia passando, as piscinas (lagoas de decanta\u00e7\u00e3o) n\u00e3o tinham mais nem \u00e1gua, s\u00f3 o mau cheiro que era imenso, ningu\u00e9m suportava.&nbsp;Meu filho come\u00e7ou a ter problema de sa\u00fade por causa disso. Ao entrar aqui, eu me desmantelei de choro ao ver a \u00e1gua correndo limpa e tratada\u201d, confessou.<\/p>\n<p>O presidente da Casal, Cl\u00e9cio Falc\u00e3o, afirmou que a obra \u00e9 emblem\u00e1tica para Macei\u00f3, sobretudo para as pessoas da parte alta da capital. \u201cRessaltamos que essa obra da Sanama juntamente com a da Sanema, na regi\u00e3o do Farol, investem cerca de R$ 500 milh\u00f5es na capital. \u00c9 o maior investimento em esgotamento sanit\u00e1rio em toda a hist\u00f3ria de Macei\u00f3. Vamos passar dos atuais 35% para 70% em cobertura com rede coletora de esgoto na capital&#8221;, enfatizou Falc\u00e3o.<\/p>\n<p>Com a Sanema, a Casal possui Contrato de Loca\u00e7\u00e3o de Ativos. A ETE est\u00e1 em constru\u00e7\u00e3o numa \u00e1rea por tr\u00e1s do quartel do 59\u00ba Batalh\u00e3o de Infantaria Motorizado (59\u00ba BIMtz). O investimento total no sistema gira em torno de R$ 185 milh\u00f5es. A ETE vai receber e tratar o esgoto dos bairros do Farol, Pitanguinha, Gruta de Lourdes, Cana\u00e3, Jardim Petr\u00f3polis, Santo Amaro e Ouro Preto, beneficiando cerca de 150 mil pessoas.<\/p>\n<p><strong>Litorais<\/strong><\/p>\n<p>Presente \u00e0 solenidade, o secret\u00e1rio da Infraestrutura, Maur\u00edcio Quintella, informou que, al\u00e9m da capital e da regi\u00e3o metropolitana, o Governo do Estado tamb\u00e9m vai sanear os munic\u00edpios tur\u00edsticos do Litoral Norte de Alagoas.<\/p>\n<p>\u201cCaptamos mais R$ 140 milh\u00f5es junto ao Banco Andino de Desenvolvimento, cujos projetos estar\u00e3o prontos agora em dezembro, para sanear todos os munic\u00edpios do Litoral Norte: Maragogi, Japaratinga, Porto de Pedras, S\u00e3o Miguel dos Milagres e Passo de Camaragibe, bem como a Barra de S\u00e3o Miguel, no Litoral Sul. Barra de Santo Antonio e Paripueira, ao Norte, j\u00e1 est\u00e3o contemplados na concess\u00e3o da regi\u00e3o metropolitana. Nossa ideia \u00e9 sanear todo esse litoral, a regi\u00e3o metropolitana e tamb\u00e9m as cidades ribeirinhas do S\u00e3o Francisco, cujas obras ser\u00e3o retomadas no in\u00edcio do pr\u00f3ximo ano\u201d, pontuou Quintella.<\/p>\n<p>Participaram, ainda, da solenidade o secret\u00e1rio de Estado do Desenvolvimento Econ\u00f4mico e Turismo, Rafael Brito; o diretor-presidente do IMA, Gustavo Lopes; o deputado estadual Davi Maia; a presidente da GS Inima Environment, Marta Verde; o diretor da empresa, Young Joo Kang; de rela\u00e7\u00f5es institucionais e Sustentabilidade, Roberto Muniz; o diretor da Sanama, Renato Camargo; o vereador por Macei\u00f3, Siderlane Mendon\u00e7a; o superintendente do Banco do Nordeste em Alagoas, Pedro Erm\u00edrio; do Banco do Brasil, Jos\u00e9 Eduardo Lima; dentre outras autoridades.<\/p>\n<p>&nbsp;<\/p>\n<p>Com Ag\u00eancia Alagoas<\/p>\n<span style=\"clear:both;display:none;\"><img src=\"http:\/\/www.muricionline.com.br\/novo\/wp-content\/plugins\/wp-spamfree\/img\/wpsf-img.php\" width=\"0\" height=\"0\" alt=\"\" style=\"border-style:none;width:0px;height:0px;display:none;\" \/><\/span>","protected":false},"excerpt":{"rendered":"<p>O governador Renan Filho inaugurou, nesta quarta-feira (27), a Esta\u00e7\u00e3o de Tratamento de Esgoto (ETE) do Benedito Bentes. Constru\u00eddo por meio de uma Parceria P\u00fablico-Privada (PPP) entre a Companhia de Saneamento de Alagoas (Casal) e a Saneamento Alta Macei\u00f3 (Sanama), o equipamento contou com investimento de R$ 50 milh\u00f5es e tem capacidade para receber e&#8230;<\/p>\n","protected":false},"author":1,"featured_media":12015,"comment_status":"open","ping_status":"open","sticky":false,"template":"","format":"standard","meta":{"footnotes":""},"categories":[1],"tags":[5],"_links":{"self":[{"href":"http:\/\/www.muricionline.com.br\/novo\/index.php?rest_route=\/wp\/v2\/posts\/12014"}],"collection":[{"href":"http:\/\/www.muricionline.com.br\/novo\/index.php?rest_route=\/wp\/v2\/posts"}],"about":[{"href":"http:\/\/www.muricionline.com.br\/novo\/index.php?rest_route=\/wp\/v2\/types\/post"}],"author":[{"embeddable":true,"href":"http:\/\/www.muricionline.com.br\/novo\/index.php?rest_route=\/wp\/v2\/users\/1"}],"replies":[{"embeddable":true,"href":"http:\/\/www.muricionline.com.br\/novo\/index.php?rest_route=%2Fwp%2Fv2%2Fcomments&post=12014"}],"version-history":[{"count":1,"href":"http:\/\/www.muricionline.com.br\/novo\/index.php?rest_route=\/wp\/v2\/posts\/12014\/revisions"}],"predecessor-version":[{"id":12018,"href":"http:\/\/www.muricionline.com.br\/novo\/index.php?rest_route=\/wp\/v2\/posts\/12014\/revisions\/12018"}],"wp:featuredmedia":[{"embeddable":true,"href":"http:\/\/www.muricionline.com.br\/novo\/index.php?rest_route=\/wp\/v2\/media\/12015"}],"wp:attachment":[{"href":"http:\/\/www.muricionline.com.br\/novo\/index.php?rest_route=%2Fwp%2Fv2%2Fmedia&parent=12014"}],"wp:term":[{"taxonomy":"category","embeddable":true,"href":"http:\/\/www.muricionline.com.br\/novo\/index.php?rest_route=%2Fwp%2Fv2%2Fcategories&post=12014"},{"taxonomy":"post_tag","embeddable":true,"href":"http:\/\/www.muricionline.com.br\/novo\/index.php?rest_route=%2Fwp%2Fv2%2Ftags&post=12014"}],"curies":[{"name":"wp","href":"https:\/\/api.w.org\/{rel}","templated":true}]}}