{"id":12062,"date":"2019-12-05T09:47:58","date_gmt":"2019-12-05T12:47:58","guid":{"rendered":"http:\/\/www.muricionline.com.br\/novo\/?p=12062"},"modified":"2019-12-05T09:47:58","modified_gmt":"2019-12-05T12:47:58","slug":"cultura-municipio-de-sao-jose-da-laje-participara-do-58o-aniversario-do-arquivo-publico-de-alagoas","status":"publish","type":"post","link":"http:\/\/www.muricionline.com.br\/novo\/?p=12062","title":{"rendered":"Cultura: Munic\u00edpio de S\u00e3o Jos\u00e9 da Laje Participar\u00e1 do 58\u00ba Anivers\u00e1rio do Arquivo P\u00fablico de Alagoas"},"content":{"rendered":"<p>Com o tema \u201cA Casa da Sua Hist\u00f3ria\u201d, o Arquivo P\u00fablico de Alagoas (APA) &#8211; \u00f3rg\u00e3o vinculado ao Gabinete Civil do Estado &#8211; inicia as comemora\u00e7\u00f5es de seus 58 anos nesse m\u00eas de dezembro, diversas atividades v\u00e3o marcar as comemora\u00e7\u00f5es do aniversario do APA, entre elas uma mesa redonda que ser\u00e1 realizada no nesta quarta-feira, 04, \u00e0s 14hs na sede do Arquivo P\u00fablico de Alagoas, localizada na Rua S\u00e1 e Albuquerque, Jaragu\u00e1, em Macei\u00f3. A Secret\u00e1ria de Cultura e Turismo de S\u00e3o Jose da Laje, Jacineide Maia ser\u00e1 uma das palestrantes do evento.<\/p>\n<p>Jacineide Maia abordar\u00e1 o tema Arquivo P\u00fablico Municipal, o \u00fanico existente em Alagoas. Criado atrav\u00e9s de Lei Municipal no ano de 2017, o Arquivo P\u00fablico Municipal de S\u00e3o Jose da Laje foi inaugurado no dia 27 de julho de 2019 e recebe centenas de visitantes todos os meses, entre eles, estudantes, sociedade civil e turistas que est\u00e3o em visita ao munic\u00edpio e querem saber um pouco mais sobre a hist\u00f3ria da cidade e de suas respectivas fam\u00edlias.<\/p>\n<p>&nbsp;<\/p>\n<p>A secret\u00e1ria Municipal de Cultura e Turismo, falou sobre o convite. \u201cPara mim \u00e9 uma grande honra representar S\u00e3o Jos\u00e9 da Laje como palestrante junto a tantas pessoas ilustres no momento t\u00e3o importante, o anivers\u00e1rio de 58 anos do Arquivo P\u00fablico de Alagoas, agrade\u00e7o a Superintendente Estadual do Arquivo P\u00fablico, Wilma N\u00f3brega pelo convite e parceria que o APA atrav\u00e9s do Gabinete Civil e do Governo de Alagoas tem para conosco. Como Alagoana e lajense estou muito feliz e honrada.\u201d Concluiu, Jacineide Maia.<\/p>\n<p>&nbsp;<\/p>\n<p>Por Secom &#8211; S\u00e3o Jos\u00e9 da Laje\/AL<\/p>\n<span style=\"clear:both;display:none;\"><img src=\"http:\/\/www.muricionline.com.br\/novo\/wp-content\/plugins\/wp-spamfree\/img\/wpsf-img.php\" width=\"0\" height=\"0\" alt=\"\" style=\"border-style:none;width:0px;height:0px;display:none;\" \/><\/span>","protected":false},"excerpt":{"rendered":"<p>Com o tema \u201cA Casa da Sua Hist\u00f3ria\u201d, o Arquivo P\u00fablico de Alagoas (APA) &#8211; \u00f3rg\u00e3o vinculado ao Gabinete Civil do Estado &#8211; inicia as comemora\u00e7\u00f5es de seus 58 anos nesse m\u00eas de dezembro, diversas atividades v\u00e3o marcar as comemora\u00e7\u00f5es do aniversario do APA, entre elas uma mesa redonda que ser\u00e1 realizada no nesta quarta-feira,&#8230;<\/p>\n","protected":false},"author":1,"featured_media":12063,"comment_status":"open","ping_status":"open","sticky":false,"template":"","format":"standard","meta":{"footnotes":""},"categories":[1],"tags":[5],"_links":{"self":[{"href":"http:\/\/www.muricionline.com.br\/novo\/index.php?rest_route=\/wp\/v2\/posts\/12062"}],"collection":[{"href":"http:\/\/www.muricionline.com.br\/novo\/index.php?rest_route=\/wp\/v2\/posts"}],"about":[{"href":"http:\/\/www.muricionline.com.br\/novo\/index.php?rest_route=\/wp\/v2\/types\/post"}],"author":[{"embeddable":true,"href":"http:\/\/www.muricionline.com.br\/novo\/index.php?rest_route=\/wp\/v2\/users\/1"}],"replies":[{"embeddable":true,"href":"http:\/\/www.muricionline.com.br\/novo\/index.php?rest_route=%2Fwp%2Fv2%2Fcomments&post=12062"}],"version-history":[{"count":1,"href":"http:\/\/www.muricionline.com.br\/novo\/index.php?rest_route=\/wp\/v2\/posts\/12062\/revisions"}],"predecessor-version":[{"id":12064,"href":"http:\/\/www.muricionline.com.br\/novo\/index.php?rest_route=\/wp\/v2\/posts\/12062\/revisions\/12064"}],"wp:featuredmedia":[{"embeddable":true,"href":"http:\/\/www.muricionline.com.br\/novo\/index.php?rest_route=\/wp\/v2\/media\/12063"}],"wp:attachment":[{"href":"http:\/\/www.muricionline.com.br\/novo\/index.php?rest_route=%2Fwp%2Fv2%2Fmedia&parent=12062"}],"wp:term":[{"taxonomy":"category","embeddable":true,"href":"http:\/\/www.muricionline.com.br\/novo\/index.php?rest_route=%2Fwp%2Fv2%2Fcategories&post=12062"},{"taxonomy":"post_tag","embeddable":true,"href":"http:\/\/www.muricionline.com.br\/novo\/index.php?rest_route=%2Fwp%2Fv2%2Ftags&post=12062"}],"curies":[{"name":"wp","href":"https:\/\/api.w.org\/{rel}","templated":true}]}}