{"id":12069,"date":"2019-12-07T10:30:51","date_gmt":"2019-12-07T13:30:51","guid":{"rendered":"http:\/\/www.muricionline.com.br\/novo\/?p=12069"},"modified":"2019-12-07T10:30:51","modified_gmt":"2019-12-07T13:30:51","slug":"na-primeira-noite-do-festival-da-natureza-murici-se-rende-a-cultura-musica-e-a-boa-culinaria","status":"publish","type":"post","link":"http:\/\/www.muricionline.com.br\/novo\/?p=12069","title":{"rendered":"Na primeira noite do festival da Natureza, Murici se rende a cultura, m\u00fasica e a boa culin\u00e1ria"},"content":{"rendered":"<p>A tarde cultural da 15\u00aa Festa da Natureza de Murici em seu primeiro dia, teve lan\u00e7amento do livro &#8220;Cr\u00f4nicas da alma muriciense&#8221; de autoria do advogado e membro da Academia Alagoana de Letras, Di\u00f3genes Ten\u00f3rio J\u00fanior(Dioginho).<\/p>\n<p><a href=\"http:\/\/www.muricionline.com.br\/novo\/wp-content\/uploads\/2019\/12\/B14FFDD1-464A-4FFC-B03A-1AD191A3D6BD.png\"><img loading=\"lazy\" decoding=\"async\" class=\"aligncenter size-full wp-image-12070\" src=\"http:\/\/www.muricionline.com.br\/novo\/wp-content\/uploads\/2019\/12\/B14FFDD1-464A-4FFC-B03A-1AD191A3D6BD.png\" alt=\"\" width=\"800\" height=\"600\" srcset=\"http:\/\/www.muricionline.com.br\/novo\/wp-content\/uploads\/2019\/12\/B14FFDD1-464A-4FFC-B03A-1AD191A3D6BD.png 800w, http:\/\/www.muricionline.com.br\/novo\/wp-content\/uploads\/2019\/12\/B14FFDD1-464A-4FFC-B03A-1AD191A3D6BD-300x225.png 300w, http:\/\/www.muricionline.com.br\/novo\/wp-content\/uploads\/2019\/12\/B14FFDD1-464A-4FFC-B03A-1AD191A3D6BD-768x576.png 768w\" sizes=\"(max-width: 800px) 100vw, 800px\" \/><\/a><\/p>\n<p>Procurador da Assembleia Legislativa de Alagoas, o autor conta em sua mais recente obra, &#8220;da alegria e emo\u00e7\u00e3o em poder lan\u00e7ar mais um livro sobre Murici e, desta vez, falando dos muricienses e fatos que tanto marcaram sua inf\u00e2ncia no munic\u00edpio &#8220;.<br \/>\n<a href=\"http:\/\/www.muricionline.com.br\/novo\/wp-content\/uploads\/2019\/12\/40F724BD-0337-444E-AEA0-7845BEBB5EA0.png\"><img loading=\"lazy\" decoding=\"async\" class=\"aligncenter size-full wp-image-12071\" src=\"http:\/\/www.muricionline.com.br\/novo\/wp-content\/uploads\/2019\/12\/40F724BD-0337-444E-AEA0-7845BEBB5EA0.png\" alt=\"\" width=\"800\" height=\"761\" srcset=\"http:\/\/www.muricionline.com.br\/novo\/wp-content\/uploads\/2019\/12\/40F724BD-0337-444E-AEA0-7845BEBB5EA0.png 800w, http:\/\/www.muricionline.com.br\/novo\/wp-content\/uploads\/2019\/12\/40F724BD-0337-444E-AEA0-7845BEBB5EA0-300x285.png 300w, http:\/\/www.muricionline.com.br\/novo\/wp-content\/uploads\/2019\/12\/40F724BD-0337-444E-AEA0-7845BEBB5EA0-768x731.png 768w\" sizes=\"(max-width: 800px) 100vw, 800px\" \/><\/a><\/p>\n<p>Durante a solenidade, o prefeito Olavo Neto destacou a import\u00e2ncia do livro escrito pelo conterr\u00e2neo e amigo, Di\u00f3genes Ten\u00f3rio.<\/p>\n<p><a href=\"http:\/\/www.muricionline.com.br\/novo\/wp-content\/uploads\/2019\/12\/4BF43EE4-A962-45E2-8867-6D065B74AE72.png\"><img loading=\"lazy\" decoding=\"async\" class=\"aligncenter size-full wp-image-12072\" src=\"http:\/\/www.muricionline.com.br\/novo\/wp-content\/uploads\/2019\/12\/4BF43EE4-A962-45E2-8867-6D065B74AE72.png\" alt=\"\" width=\"800\" height=\"608\" srcset=\"http:\/\/www.muricionline.com.br\/novo\/wp-content\/uploads\/2019\/12\/4BF43EE4-A962-45E2-8867-6D065B74AE72.png 800w, http:\/\/www.muricionline.com.br\/novo\/wp-content\/uploads\/2019\/12\/4BF43EE4-A962-45E2-8867-6D065B74AE72-300x228.png 300w, http:\/\/www.muricionline.com.br\/novo\/wp-content\/uploads\/2019\/12\/4BF43EE4-A962-45E2-8867-6D065B74AE72-768x584.png 768w\" sizes=\"(max-width: 800px) 100vw, 800px\" \/><\/a><\/p>\n<p>Logo ap\u00f3s o evento liter\u00e1rio, tivemos a apresenta\u00e7\u00e3o do coral do IFAL &#8211; Campus Murici, exposi\u00e7\u00e3o de artesanato al\u00e9m da apresenta\u00e7\u00e3o do pastoril do grupo Alegria de Viver e do grupo musical Bate-lata, formado por alunos da Secretaria Municipal de Assist\u00eancia Social da prefeitura de Murici.<\/p>\n<p><a href=\"http:\/\/www.muricionline.com.br\/novo\/wp-content\/uploads\/2019\/12\/3E517177-4CEA-4706-B9D2-2B7FA7F9C980.png\"><img loading=\"lazy\" decoding=\"async\" class=\"aligncenter size-full wp-image-12073\" src=\"http:\/\/www.muricionline.com.br\/novo\/wp-content\/uploads\/2019\/12\/3E517177-4CEA-4706-B9D2-2B7FA7F9C980.png\" alt=\"\" width=\"800\" height=\"600\" srcset=\"http:\/\/www.muricionline.com.br\/novo\/wp-content\/uploads\/2019\/12\/3E517177-4CEA-4706-B9D2-2B7FA7F9C980.png 800w, http:\/\/www.muricionline.com.br\/novo\/wp-content\/uploads\/2019\/12\/3E517177-4CEA-4706-B9D2-2B7FA7F9C980-300x225.png 300w, http:\/\/www.muricionline.com.br\/novo\/wp-content\/uploads\/2019\/12\/3E517177-4CEA-4706-B9D2-2B7FA7F9C980-768x576.png 768w\" sizes=\"(max-width: 800px) 100vw, 800px\" \/><\/a><br \/>\nPor Ivan Nunes com informa\u00e7\u00f5es da Ascom\/Murici<br \/>\nFotos: @jailsoncolacio<\/p>\n<span style=\"clear:both;display:none;\"><img src=\"http:\/\/www.muricionline.com.br\/novo\/wp-content\/plugins\/wp-spamfree\/img\/wpsf-img.php\" width=\"0\" height=\"0\" alt=\"\" style=\"border-style:none;width:0px;height:0px;display:none;\" \/><\/span>","protected":false},"excerpt":{"rendered":"<p>A tarde cultural da 15\u00aa Festa da Natureza de Murici em seu primeiro dia, teve lan\u00e7amento do livro &#8220;Cr\u00f4nicas da alma muriciense&#8221; de autoria do advogado e membro da Academia Alagoana de Letras, Di\u00f3genes Ten\u00f3rio J\u00fanior(Dioginho). Procurador da Assembleia Legislativa de Alagoas, o autor conta em sua mais recente obra, &#8220;da alegria e emo\u00e7\u00e3o em&#8230;<\/p>\n","protected":false},"author":1,"featured_media":12074,"comment_status":"open","ping_status":"open","sticky":false,"template":"","format":"standard","meta":{"footnotes":""},"categories":[7,8],"tags":[5],"_links":{"self":[{"href":"http:\/\/www.muricionline.com.br\/novo\/index.php?rest_route=\/wp\/v2\/posts\/12069"}],"collection":[{"href":"http:\/\/www.muricionline.com.br\/novo\/index.php?rest_route=\/wp\/v2\/posts"}],"about":[{"href":"http:\/\/www.muricionline.com.br\/novo\/index.php?rest_route=\/wp\/v2\/types\/post"}],"author":[{"embeddable":true,"href":"http:\/\/www.muricionline.com.br\/novo\/index.php?rest_route=\/wp\/v2\/users\/1"}],"replies":[{"embeddable":true,"href":"http:\/\/www.muricionline.com.br\/novo\/index.php?rest_route=%2Fwp%2Fv2%2Fcomments&post=12069"}],"version-history":[{"count":1,"href":"http:\/\/www.muricionline.com.br\/novo\/index.php?rest_route=\/wp\/v2\/posts\/12069\/revisions"}],"predecessor-version":[{"id":12075,"href":"http:\/\/www.muricionline.com.br\/novo\/index.php?rest_route=\/wp\/v2\/posts\/12069\/revisions\/12075"}],"wp:featuredmedia":[{"embeddable":true,"href":"http:\/\/www.muricionline.com.br\/novo\/index.php?rest_route=\/wp\/v2\/media\/12074"}],"wp:attachment":[{"href":"http:\/\/www.muricionline.com.br\/novo\/index.php?rest_route=%2Fwp%2Fv2%2Fmedia&parent=12069"}],"wp:term":[{"taxonomy":"category","embeddable":true,"href":"http:\/\/www.muricionline.com.br\/novo\/index.php?rest_route=%2Fwp%2Fv2%2Fcategories&post=12069"},{"taxonomy":"post_tag","embeddable":true,"href":"http:\/\/www.muricionline.com.br\/novo\/index.php?rest_route=%2Fwp%2Fv2%2Ftags&post=12069"}],"curies":[{"name":"wp","href":"https:\/\/api.w.org\/{rel}","templated":true}]}}