{"id":12077,"date":"2019-12-08T11:36:44","date_gmt":"2019-12-08T14:36:44","guid":{"rendered":"http:\/\/www.muricionline.com.br\/novo\/?p=12077"},"modified":"2019-12-08T11:37:37","modified_gmt":"2019-12-08T14:37:37","slug":"politicos-prestigiam-a-2a-noite-do-festival-da-natureza-de-murici","status":"publish","type":"post","link":"http:\/\/www.muricionline.com.br\/novo\/?p=12077","title":{"rendered":"Pol\u00edticos prestigiam a 2\u00aa noite do Festival da Natureza de Murici"},"content":{"rendered":"<p>\u00c0 noite deste s\u00e1bado do festival da Natureza em Murici, foi de movimenta\u00e7\u00e3o intensa de lideran\u00e7as pol\u00edticas da regi\u00e3o. A presen\u00e7a do governador Renan Filho, atraiu prefeitos da Zona da Mata alagoana inteirinha a exemplo de Jairinho Maia(Branquinha) e Jarbinha, vice em Messias, vereadores e o ex-prefeito Remi Calheiros.<\/p>\n<p><a href=\"http:\/\/www.muricionline.com.br\/novo\/wp-content\/uploads\/2019\/12\/650685CC-D40D-44CA-BAAC-16DA807A1FAD.jpeg\"><img loading=\"lazy\" decoding=\"async\" class=\"aligncenter size-full wp-image-12078\" src=\"http:\/\/www.muricionline.com.br\/novo\/wp-content\/uploads\/2019\/12\/650685CC-D40D-44CA-BAAC-16DA807A1FAD.jpeg\" alt=\"\" width=\"4032\" height=\"3024\" srcset=\"http:\/\/www.muricionline.com.br\/novo\/wp-content\/uploads\/2019\/12\/650685CC-D40D-44CA-BAAC-16DA807A1FAD.jpeg 4032w, http:\/\/www.muricionline.com.br\/novo\/wp-content\/uploads\/2019\/12\/650685CC-D40D-44CA-BAAC-16DA807A1FAD-300x225.jpeg 300w, http:\/\/www.muricionline.com.br\/novo\/wp-content\/uploads\/2019\/12\/650685CC-D40D-44CA-BAAC-16DA807A1FAD-768x576.jpeg 768w, http:\/\/www.muricionline.com.br\/novo\/wp-content\/uploads\/2019\/12\/650685CC-D40D-44CA-BAAC-16DA807A1FAD-1024x768.jpeg 1024w\" sizes=\"(max-width: 4032px) 100vw, 4032px\" \/><\/a><\/p>\n<p>Alcymar Monteiro na sua apresenta\u00e7\u00e3o no palco principal do evento, 15 anos depois, foi simplesmente excepcional. O setent\u00e3o tem g\u00e1s para cantar o legado musical de Luiz Gonzaga, O frevo de Olinda e Recife al\u00e9m do Maracatu trazendo bailarinos caracterizados com as cores da bandeira, cultura e a arte de Pernambuco. Monteiro cantou cl\u00e1ssicos de sua trajet\u00f3ria musical e prestou homenagens a Reginaldo Rossi e Dominguinhos.<\/p>\n<p><a href=\"http:\/\/www.muricionline.com.br\/novo\/wp-content\/uploads\/2019\/12\/880BEC3C-5CA9-4BCA-A623-2D07734148D9.jpeg\"><img loading=\"lazy\" decoding=\"async\" class=\"aligncenter size-full wp-image-12079\" src=\"http:\/\/www.muricionline.com.br\/novo\/wp-content\/uploads\/2019\/12\/880BEC3C-5CA9-4BCA-A623-2D07734148D9.jpeg\" alt=\"\" width=\"4032\" height=\"3024\" srcset=\"http:\/\/www.muricionline.com.br\/novo\/wp-content\/uploads\/2019\/12\/880BEC3C-5CA9-4BCA-A623-2D07734148D9.jpeg 4032w, http:\/\/www.muricionline.com.br\/novo\/wp-content\/uploads\/2019\/12\/880BEC3C-5CA9-4BCA-A623-2D07734148D9-300x225.jpeg 300w, http:\/\/www.muricionline.com.br\/novo\/wp-content\/uploads\/2019\/12\/880BEC3C-5CA9-4BCA-A623-2D07734148D9-768x576.jpeg 768w, http:\/\/www.muricionline.com.br\/novo\/wp-content\/uploads\/2019\/12\/880BEC3C-5CA9-4BCA-A623-2D07734148D9-1024x768.jpeg 1024w\" sizes=\"(max-width: 4032px) 100vw, 4032px\" \/><\/a><\/p>\n<p>Na sequ\u00eancia tivemos Gal\u00e3 cujo p\u00fablico fiel acompanhou a sua apresenta\u00e7\u00e3o at\u00e9 as 5h da manh\u00e3. A abertura do s\u00e1bado,7, do 15\u00ba Festival da Natureza foi com o cantor Berg, abrindo passagem para o sucesso de mais um evento na gest\u00e3o do prefeito, Olavo Neto \u00e9 de seu vice Deivinho Vasconcelos.<\/p>\n<p>&nbsp;<\/p>\n<p><a href=\"http:\/\/www.muricionline.com.br\/novo\/wp-content\/uploads\/2019\/12\/793F3DEE-92D3-4BEF-999E-522B093F6DDD.png\"><img loading=\"lazy\" decoding=\"async\" class=\"aligncenter size-full wp-image-12080\" src=\"http:\/\/www.muricionline.com.br\/novo\/wp-content\/uploads\/2019\/12\/793F3DEE-92D3-4BEF-999E-522B093F6DDD.png\" alt=\"\" width=\"800\" height=\"574\" srcset=\"http:\/\/www.muricionline.com.br\/novo\/wp-content\/uploads\/2019\/12\/793F3DEE-92D3-4BEF-999E-522B093F6DDD.png 800w, http:\/\/www.muricionline.com.br\/novo\/wp-content\/uploads\/2019\/12\/793F3DEE-92D3-4BEF-999E-522B093F6DDD-300x215.png 300w, http:\/\/www.muricionline.com.br\/novo\/wp-content\/uploads\/2019\/12\/793F3DEE-92D3-4BEF-999E-522B093F6DDD-768x551.png 768w\" sizes=\"(max-width: 800px) 100vw, 800px\" \/><\/a><br \/>\nPor Ivan Nunes com informa\u00e7\u00f5es ASCOM\/ Murici<\/p>\n<span style=\"clear:both;display:none;\"><img src=\"http:\/\/www.muricionline.com.br\/novo\/wp-content\/plugins\/wp-spamfree\/img\/wpsf-img.php\" width=\"0\" height=\"0\" alt=\"\" style=\"border-style:none;width:0px;height:0px;display:none;\" \/><\/span>","protected":false},"excerpt":{"rendered":"<p>\u00c0 noite deste s\u00e1bado do festival da Natureza em Murici, foi de movimenta\u00e7\u00e3o intensa de lideran\u00e7as pol\u00edticas da regi\u00e3o. A presen\u00e7a do governador Renan Filho, atraiu prefeitos da Zona da Mata alagoana inteirinha a exemplo de Jairinho Maia(Branquinha) e Jarbinha, vice em Messias, vereadores e o ex-prefeito Remi Calheiros. Alcymar Monteiro na sua apresenta\u00e7\u00e3o no&#8230;<\/p>\n","protected":false},"author":1,"featured_media":12081,"comment_status":"open","ping_status":"open","sticky":false,"template":"","format":"standard","meta":{"footnotes":""},"categories":[7,1],"tags":[5],"_links":{"self":[{"href":"http:\/\/www.muricionline.com.br\/novo\/index.php?rest_route=\/wp\/v2\/posts\/12077"}],"collection":[{"href":"http:\/\/www.muricionline.com.br\/novo\/index.php?rest_route=\/wp\/v2\/posts"}],"about":[{"href":"http:\/\/www.muricionline.com.br\/novo\/index.php?rest_route=\/wp\/v2\/types\/post"}],"author":[{"embeddable":true,"href":"http:\/\/www.muricionline.com.br\/novo\/index.php?rest_route=\/wp\/v2\/users\/1"}],"replies":[{"embeddable":true,"href":"http:\/\/www.muricionline.com.br\/novo\/index.php?rest_route=%2Fwp%2Fv2%2Fcomments&post=12077"}],"version-history":[{"count":2,"href":"http:\/\/www.muricionline.com.br\/novo\/index.php?rest_route=\/wp\/v2\/posts\/12077\/revisions"}],"predecessor-version":[{"id":12083,"href":"http:\/\/www.muricionline.com.br\/novo\/index.php?rest_route=\/wp\/v2\/posts\/12077\/revisions\/12083"}],"wp:featuredmedia":[{"embeddable":true,"href":"http:\/\/www.muricionline.com.br\/novo\/index.php?rest_route=\/wp\/v2\/media\/12081"}],"wp:attachment":[{"href":"http:\/\/www.muricionline.com.br\/novo\/index.php?rest_route=%2Fwp%2Fv2%2Fmedia&parent=12077"}],"wp:term":[{"taxonomy":"category","embeddable":true,"href":"http:\/\/www.muricionline.com.br\/novo\/index.php?rest_route=%2Fwp%2Fv2%2Fcategories&post=12077"},{"taxonomy":"post_tag","embeddable":true,"href":"http:\/\/www.muricionline.com.br\/novo\/index.php?rest_route=%2Fwp%2Fv2%2Ftags&post=12077"}],"curies":[{"name":"wp","href":"https:\/\/api.w.org\/{rel}","templated":true}]}}