{"id":12085,"date":"2019-12-09T20:24:18","date_gmt":"2019-12-09T23:24:18","guid":{"rendered":"http:\/\/www.muricionline.com.br\/novo\/?p=12085"},"modified":"2019-12-09T20:24:18","modified_gmt":"2019-12-09T23:24:18","slug":"ha-1-ano-e-5-meses-sem-fugas-sistema-socioeducativo-recebe-nova-unidade-de-internacao","status":"publish","type":"post","link":"http:\/\/www.muricionline.com.br\/novo\/?p=12085","title":{"rendered":"H\u00e1 1 ano e 5 meses sem fugas, Sistema Socioeducativo recebe nova unidade de interna\u00e7\u00e3o"},"content":{"rendered":"<p>Texto de Severino Carvalho<\/p>\n<p>O governador Renan Filho e a secret\u00e1ria de Estado da Preven\u00e7\u00e3o \u00e0 Viol\u00eancia (Seprev), Esvalda Bittencourt, inauguraram, nesta segunda-feira (9), as novas instala\u00e7\u00f5es da Unidade de Interna\u00e7\u00e3o Provis\u00f3ria da Capital, que funciona dentro do Complexo de Unidades Socioeducativas, no Tabuleiro do Martins, em Macei\u00f3. Ap\u00f3s passar por uma ampla reforma, o equipamento ter\u00e1 capacidade para atender at\u00e9 40 adolescentes.<\/p>\n<p>Renan Filho recordou que o Sistema Socioeducativo de Alagoas est\u00e1 h\u00e1 um ano e cinco meses sem registrar fugas, uma marca hist\u00f3rica em todo o pa\u00eds desde que o Estatuto da Crian\u00e7a e do Adolescente (ECA) foi institu\u00eddo em 1990.<\/p>\n<p>\u201cO trabalho desenvolvido aqui serve de refer\u00eancia para o Brasil de maneira positiva. Temos grandes exemplos aqui, tanto na humaniza\u00e7\u00e3o dos servi\u00e7os, como nos investimentos em educa\u00e7\u00e3o, em desmilitariza\u00e7\u00e3o e na melhoria dos servi\u00e7os de sa\u00fade. Isso tudo, reunidamente, melhora bastante a condi\u00e7\u00e3o do jovem para que ele volte ao conv\u00edvio em sociedade e encontre novas oportunidades\u201d, considerou Renan Filho.<\/p>\n<p>A unidade \u00e9 voltada a adolescentes em cumprimento de medida provis\u00f3ria, que possui dura\u00e7\u00e3o de at\u00e9 45 dias e antecede a senten\u00e7a do Juizado da Inf\u00e2ncia. No local, antes das obras, existia uma Unidade de Interna\u00e7\u00e3o, que foi interditada em 2014. Naquele ano, o ent\u00e3o presidente do Supremo Tribunal Federal (STF), ministro Joaquim Barbosa, comparou as instala\u00e7\u00f5es insalubres com uma masmorra, durante inspe\u00e7\u00e3o.<\/p>\n<p>\u201cDe l\u00e1 pra c\u00e1, mudou tudo\u201d, afirmou Renan Filho. \u201cPrimeiro, n\u00f3s mudamos a abordagem. O Sistema Socioeducativo era um ap\u00eandice do Sistema Prisional de Alagoas. Isso era um absurdo, porque Sistema Prisional \u00e9 uma coisa e o Socioeducativo \u00e9 outra. Qual \u00e9 a mudan\u00e7a? O jovem que est\u00e1 aqui \u00e9 disciplinado pelo Estatuto da Crian\u00e7a e do Adolescente. No passado, a medida socioeducativa era transformada em universidade do crime. Ent\u00e3o, ele vinha pra c\u00e1 e ao inv\u00e9s de melhorar, piorava, sa\u00eda faccionado, de maneira que a gente agora busca oferecer uma nova possibilidade\u201d.<\/p>\n<p>O Sistema Socioeducativo de Alagoas \u00e9 formado por 12 Unidades de Interna\u00e7\u00e3o e 322 socioeducandos. Desde 2015, ele vem passando por grandes mudan\u00e7as e recebendo investimentos do Governo de Estado para amplia\u00e7\u00e3o e o fortalecimento de suas estruturas. Com isso, a capacidade de vagas para atender os adolescentes em cumprimento de medidas socioeducativas duplicou, saindo de 115 para 350 vagas.<\/p>\n<p>\u201cTodas as unidades foram ou est\u00e3o sendo reformadas para dar uma melhor qualidade para acolher esse adolescente que est\u00e1 cumprindo medida socioeducativa. Hoje, Alagoas est\u00e1 servindo de modelo para outros Estados\u201d, acrescentou a secret\u00e1ria Esvalda Bittencourt.<\/p>\n<p>\u201cCom essa entrega, estamos dando continuidade ao projeto de completa revitaliza\u00e7\u00e3o do nosso Sistema Socioeducativo\u201d, acrescentou Renan Filho.<\/p>\n<p>Presente \u00e0 solenidade, o presidente do Tribunal de Justi\u00e7a de Alagoas, desembargador Tutm\u00e9s Airan, afirmou que o Estado de Alagoas d\u00e1 passos gigantescos no sentido de humanizar, cada vez mais, o sistema como um todo.<\/p>\n<p>\u201cEsse equipamento \u00e9 uma parte desse caminhar. Trata-se de uma mudan\u00e7a fundamental. Digo isso &#8216;de cadeira&#8217; porque fui gestor disso aqui. Essa unidade, inclusive, foi constru\u00edda em 2001 e de l\u00e1 pra c\u00e1 quero crer que n\u00e3o houve nenhum novo investimento. Da\u00ed a necessidade dessa interven\u00e7\u00e3o\u201d, avaliou o presidente do TJ.<\/p>\n<p>Com Ag\u00eancia Alagoas<\/p>\n<span style=\"clear:both;display:none;\"><img src=\"http:\/\/www.muricionline.com.br\/novo\/wp-content\/plugins\/wp-spamfree\/img\/wpsf-img.php\" width=\"0\" height=\"0\" alt=\"\" style=\"border-style:none;width:0px;height:0px;display:none;\" \/><\/span>","protected":false},"excerpt":{"rendered":"<p>Texto de Severino Carvalho O governador Renan Filho e a secret\u00e1ria de Estado da Preven\u00e7\u00e3o \u00e0 Viol\u00eancia (Seprev), Esvalda Bittencourt, inauguraram, nesta segunda-feira (9), as novas instala\u00e7\u00f5es da Unidade de Interna\u00e7\u00e3o Provis\u00f3ria da Capital, que funciona dentro do Complexo de Unidades Socioeducativas, no Tabuleiro do Martins, em Macei\u00f3. Ap\u00f3s passar por uma ampla reforma, o&#8230;<\/p>\n","protected":false},"author":1,"featured_media":12086,"comment_status":"open","ping_status":"open","sticky":false,"template":"","format":"standard","meta":{"footnotes":""},"categories":[1],"tags":[],"_links":{"self":[{"href":"http:\/\/www.muricionline.com.br\/novo\/index.php?rest_route=\/wp\/v2\/posts\/12085"}],"collection":[{"href":"http:\/\/www.muricionline.com.br\/novo\/index.php?rest_route=\/wp\/v2\/posts"}],"about":[{"href":"http:\/\/www.muricionline.com.br\/novo\/index.php?rest_route=\/wp\/v2\/types\/post"}],"author":[{"embeddable":true,"href":"http:\/\/www.muricionline.com.br\/novo\/index.php?rest_route=\/wp\/v2\/users\/1"}],"replies":[{"embeddable":true,"href":"http:\/\/www.muricionline.com.br\/novo\/index.php?rest_route=%2Fwp%2Fv2%2Fcomments&post=12085"}],"version-history":[{"count":1,"href":"http:\/\/www.muricionline.com.br\/novo\/index.php?rest_route=\/wp\/v2\/posts\/12085\/revisions"}],"predecessor-version":[{"id":12087,"href":"http:\/\/www.muricionline.com.br\/novo\/index.php?rest_route=\/wp\/v2\/posts\/12085\/revisions\/12087"}],"wp:featuredmedia":[{"embeddable":true,"href":"http:\/\/www.muricionline.com.br\/novo\/index.php?rest_route=\/wp\/v2\/media\/12086"}],"wp:attachment":[{"href":"http:\/\/www.muricionline.com.br\/novo\/index.php?rest_route=%2Fwp%2Fv2%2Fmedia&parent=12085"}],"wp:term":[{"taxonomy":"category","embeddable":true,"href":"http:\/\/www.muricionline.com.br\/novo\/index.php?rest_route=%2Fwp%2Fv2%2Fcategories&post=12085"},{"taxonomy":"post_tag","embeddable":true,"href":"http:\/\/www.muricionline.com.br\/novo\/index.php?rest_route=%2Fwp%2Fv2%2Ftags&post=12085"}],"curies":[{"name":"wp","href":"https:\/\/api.w.org\/{rel}","templated":true}]}}