{"id":12088,"date":"2019-12-09T20:45:36","date_gmt":"2019-12-09T23:45:36","guid":{"rendered":"http:\/\/www.muricionline.com.br\/novo\/?p=12088"},"modified":"2019-12-09T20:45:36","modified_gmt":"2019-12-09T23:45:36","slug":"murici-comeca-pre-temporada-com-25-atletas-definidos-confira-o-elenco","status":"publish","type":"post","link":"http:\/\/www.muricionline.com.br\/novo\/?p=12088","title":{"rendered":"Murici come\u00e7a pr\u00e9-temporada com 25 atletas definidos; confira o elenco"},"content":{"rendered":"<p>O Murici iniciou nesta segunda-feira a prepara\u00e7\u00e3o para a temporada 2020. A equipe vai disputar a Copa Alagoas e o Campeonato Alagoano. A apresenta\u00e7\u00e3o do grupo aconteceu na tarde, no Est\u00e1dio Jos\u00e9 Gomes da Costa, em Murici.<\/p>\n<p>O t\u00e9cnico ser\u00e1 Edson Ferreira, campe\u00e3o alagoano de 2010 treinando o pr\u00f3prio Murici. Em 2018 ele comandou o time alviverde no estadual e no Campeonato Brasileiro da S\u00e9rie D. Naquele ano a equipe terminou na s\u00e9tima coloca\u00e7\u00e3o. Em 2019, a equipe da Zona da Mata ficou em sexto na classifica\u00e7\u00e3o, com sete pontos. Edson tamb\u00e9m era o comandante na competi\u00e7\u00e3o.<\/p>\n<p>O alviverde da zona da mata far\u00e1 seu primeiro jogo de 2020 contra o Coruripe, pela Copa Alagoas, no dia 4 de janeiro, \u00e0s 16h.<\/p>\n<p><a href=\"http:\/\/www.muricionline.com.br\/novo\/wp-content\/uploads\/2019\/12\/DF05D5ED-41AB-4884-8ED7-6900868AAA9F.jpeg\"><img loading=\"lazy\" decoding=\"async\" class=\"aligncenter size-full wp-image-12089\" src=\"http:\/\/www.muricionline.com.br\/novo\/wp-content\/uploads\/2019\/12\/DF05D5ED-41AB-4884-8ED7-6900868AAA9F.jpeg\" alt=\"\" width=\"1440\" height=\"1080\" srcset=\"http:\/\/www.muricionline.com.br\/novo\/wp-content\/uploads\/2019\/12\/DF05D5ED-41AB-4884-8ED7-6900868AAA9F.jpeg 1440w, http:\/\/www.muricionline.com.br\/novo\/wp-content\/uploads\/2019\/12\/DF05D5ED-41AB-4884-8ED7-6900868AAA9F-300x225.jpeg 300w, http:\/\/www.muricionline.com.br\/novo\/wp-content\/uploads\/2019\/12\/DF05D5ED-41AB-4884-8ED7-6900868AAA9F-768x576.jpeg 768w, http:\/\/www.muricionline.com.br\/novo\/wp-content\/uploads\/2019\/12\/DF05D5ED-41AB-4884-8ED7-6900868AAA9F-1024x768.jpeg 1024w\" sizes=\"(max-width: 1440px) 100vw, 1440px\" \/><\/a><br \/>\nAtletas confirmados pelo Murici<\/p>\n<p>Goleiros:<\/p>\n<p>Delone<br \/>\nJandir Santos<br \/>\nWeuton JR<\/p>\n<p>Zagueiros:<\/p>\n<p>Cleberson<br \/>\nVidal<br \/>\nSinval<br \/>\nAdalton<br \/>\nDudu Murici<\/p>\n<p>Laterais:<\/p>\n<p>Bicudo<br \/>\nCarlos Alberto<\/p>\n<p>Meias:<\/p>\n<p>Gleicinho<br \/>\nRodrigo Mucuri<br \/>\nDewide<br \/>\nAlissinho<\/p>\n<p>Volantes;<\/p>\n<p>Victor Hugo<br \/>\nRafael Alves<br \/>\nRambo<br \/>\nPatrick<\/p>\n<p>Atacantes:<\/p>\n<p>Deizinho<br \/>\nEtinho<br \/>\nRenato Macei\u00f3<br \/>\nL\u00e9o Mineiro<br \/>\nJhonny<br \/>\nWillians<\/p>\n<p>Da Reda\u00e7\u00e3o com Mac Cavalcante \u2014 Globoesporte<\/p>\n<span style=\"clear:both;display:none;\"><img src=\"http:\/\/www.muricionline.com.br\/novo\/wp-content\/plugins\/wp-spamfree\/img\/wpsf-img.php\" width=\"0\" height=\"0\" alt=\"\" style=\"border-style:none;width:0px;height:0px;display:none;\" \/><\/span>","protected":false},"excerpt":{"rendered":"<p>O Murici iniciou nesta segunda-feira a prepara\u00e7\u00e3o para a temporada 2020. A equipe vai disputar a Copa Alagoas e o Campeonato Alagoano. A apresenta\u00e7\u00e3o do grupo aconteceu na tarde, no Est\u00e1dio Jos\u00e9 Gomes da Costa, em Murici. O t\u00e9cnico ser\u00e1 Edson Ferreira, campe\u00e3o alagoano de 2010 treinando o pr\u00f3prio Murici. Em 2018 ele comandou o&#8230;<\/p>\n","protected":false},"author":1,"featured_media":12090,"comment_status":"open","ping_status":"open","sticky":false,"template":"","format":"standard","meta":{"footnotes":""},"categories":[9],"tags":[5],"_links":{"self":[{"href":"http:\/\/www.muricionline.com.br\/novo\/index.php?rest_route=\/wp\/v2\/posts\/12088"}],"collection":[{"href":"http:\/\/www.muricionline.com.br\/novo\/index.php?rest_route=\/wp\/v2\/posts"}],"about":[{"href":"http:\/\/www.muricionline.com.br\/novo\/index.php?rest_route=\/wp\/v2\/types\/post"}],"author":[{"embeddable":true,"href":"http:\/\/www.muricionline.com.br\/novo\/index.php?rest_route=\/wp\/v2\/users\/1"}],"replies":[{"embeddable":true,"href":"http:\/\/www.muricionline.com.br\/novo\/index.php?rest_route=%2Fwp%2Fv2%2Fcomments&post=12088"}],"version-history":[{"count":1,"href":"http:\/\/www.muricionline.com.br\/novo\/index.php?rest_route=\/wp\/v2\/posts\/12088\/revisions"}],"predecessor-version":[{"id":12091,"href":"http:\/\/www.muricionline.com.br\/novo\/index.php?rest_route=\/wp\/v2\/posts\/12088\/revisions\/12091"}],"wp:featuredmedia":[{"embeddable":true,"href":"http:\/\/www.muricionline.com.br\/novo\/index.php?rest_route=\/wp\/v2\/media\/12090"}],"wp:attachment":[{"href":"http:\/\/www.muricionline.com.br\/novo\/index.php?rest_route=%2Fwp%2Fv2%2Fmedia&parent=12088"}],"wp:term":[{"taxonomy":"category","embeddable":true,"href":"http:\/\/www.muricionline.com.br\/novo\/index.php?rest_route=%2Fwp%2Fv2%2Fcategories&post=12088"},{"taxonomy":"post_tag","embeddable":true,"href":"http:\/\/www.muricionline.com.br\/novo\/index.php?rest_route=%2Fwp%2Fv2%2Ftags&post=12088"}],"curies":[{"name":"wp","href":"https:\/\/api.w.org\/{rel}","templated":true}]}}