{"id":12092,"date":"2019-12-11T18:31:28","date_gmt":"2019-12-11T21:31:28","guid":{"rendered":"http:\/\/www.muricionline.com.br\/novo\/?p=12092"},"modified":"2019-12-11T18:31:28","modified_gmt":"2019-12-11T21:31:28","slug":"em-sao-jose-da-laje-servidores-municipais-recebem-a-segunda-parcela-do-13o-nesta-quarta","status":"publish","type":"post","link":"http:\/\/www.muricionline.com.br\/novo\/?p=12092","title":{"rendered":"Em S\u00e3o Jos\u00e9 da Laje Servidores Municipais Recebem a Segunda Parcela do 13\u00ba Nesta Quarta"},"content":{"rendered":"<p>S\u00e3o Jos\u00e9 da Laje, distante 100 km de Macei\u00f3, vive na atual gest\u00e3o do prefeito Rodrigo Valen\u00e7a o maior per\u00edodo de desenvolvimento de toda sua hist\u00f3ria. A valoriza\u00e7\u00e3o do servidor p\u00fablico tem sido um dos grandes destaques da atual administra\u00e7\u00e3o municipal.<\/p>\n<p>&nbsp;<\/p>\n<p>Seguindo a agenda do desenvolvimento econ\u00f4mico, o Prefeito Rodrigo Valen\u00e7a, determinou para esta quarta-feira, 11, o pagamento da segunda parcela do d\u00e9cimo terceiro sal\u00e1rio aos servidores efetivos, a primeira parcela foi paga antecipadamente em julho deste ano. \u201cSal\u00e1rio em dia, e d\u00e9cimo terceiro na conta, servidor feliz\u201d, disse o prefeito de S\u00e3o Jos\u00e9 da Laje.<\/p>\n<p>&nbsp;<\/p>\n<p>Administrada pelo jovem Rodrigo Valen\u00e7a, S\u00e3o Jos\u00e9 da Laje, \u00e9 apontada como bom exemplo de administra\u00e7\u00e3o e transpar\u00eancia, transformando a cidade em um verdadeiro canteiro de obras, com todos os compromissos honrados e constantemente prestando contas com a popula\u00e7\u00e3o, uma gest\u00e3o voltada para o desenvolvimento econ\u00f4mico e social, mantendo o equil\u00edbrio nas contas p\u00fablicas, S\u00e3o Jos\u00e9 da Laje vive seu melhor momento.&nbsp;<\/p>\n<p>&nbsp;<\/p>\n<p>\u201cEstamos realizando obras de infraestrutura em diversas \u00e1reas como na sa\u00fade, mobilidade urbana e educa\u00e7\u00e3o, respeitando o or\u00e7amento com o qual estamos trabalhando, garantindo todos os servi\u00e7os ofertados pelo munic\u00edpio e mantendo sempre em dia o pagamento de todos os funcion\u00e1rios efetivos, comissionados e contratados. Os funcion\u00e1rios s\u00e3o extremamente fundamentais para o andamento do munic\u00edpio, \u00e9 mais que um compromisso com os servidores \u00e9 um gesto de respeito e gratid\u00e3o por toda dedica\u00e7\u00e3o no dia a dia dos servi\u00e7os p\u00fablicos. E isto nos orgulha e nos d\u00e1 a certeza de que estamos trilhando o caminho certo na administra\u00e7\u00e3o de S\u00e3o Jos\u00e9 da Laje\u201d, finalizou o prefeito Rodrigo Valen\u00e7a.<\/p>\n<p>&nbsp;<\/p>\n<p>Por SECOM &#8211; S\u00e3o Jos\u00e9 da Laje\/AL<\/p>\n<span style=\"clear:both;display:none;\"><img src=\"http:\/\/www.muricionline.com.br\/novo\/wp-content\/plugins\/wp-spamfree\/img\/wpsf-img.php\" width=\"0\" height=\"0\" alt=\"\" style=\"border-style:none;width:0px;height:0px;display:none;\" \/><\/span>","protected":false},"excerpt":{"rendered":"<p>S\u00e3o Jos\u00e9 da Laje, distante 100 km de Macei\u00f3, vive na atual gest\u00e3o do prefeito Rodrigo Valen\u00e7a o maior per\u00edodo de desenvolvimento de toda sua hist\u00f3ria. A valoriza\u00e7\u00e3o do servidor p\u00fablico tem sido um dos grandes destaques da atual administra\u00e7\u00e3o municipal. &nbsp; Seguindo a agenda do desenvolvimento econ\u00f4mico, o Prefeito Rodrigo Valen\u00e7a, determinou para esta&#8230;<\/p>\n","protected":false},"author":1,"featured_media":12093,"comment_status":"open","ping_status":"open","sticky":false,"template":"","format":"standard","meta":{"footnotes":""},"categories":[1],"tags":[5],"_links":{"self":[{"href":"http:\/\/www.muricionline.com.br\/novo\/index.php?rest_route=\/wp\/v2\/posts\/12092"}],"collection":[{"href":"http:\/\/www.muricionline.com.br\/novo\/index.php?rest_route=\/wp\/v2\/posts"}],"about":[{"href":"http:\/\/www.muricionline.com.br\/novo\/index.php?rest_route=\/wp\/v2\/types\/post"}],"author":[{"embeddable":true,"href":"http:\/\/www.muricionline.com.br\/novo\/index.php?rest_route=\/wp\/v2\/users\/1"}],"replies":[{"embeddable":true,"href":"http:\/\/www.muricionline.com.br\/novo\/index.php?rest_route=%2Fwp%2Fv2%2Fcomments&post=12092"}],"version-history":[{"count":1,"href":"http:\/\/www.muricionline.com.br\/novo\/index.php?rest_route=\/wp\/v2\/posts\/12092\/revisions"}],"predecessor-version":[{"id":12094,"href":"http:\/\/www.muricionline.com.br\/novo\/index.php?rest_route=\/wp\/v2\/posts\/12092\/revisions\/12094"}],"wp:featuredmedia":[{"embeddable":true,"href":"http:\/\/www.muricionline.com.br\/novo\/index.php?rest_route=\/wp\/v2\/media\/12093"}],"wp:attachment":[{"href":"http:\/\/www.muricionline.com.br\/novo\/index.php?rest_route=%2Fwp%2Fv2%2Fmedia&parent=12092"}],"wp:term":[{"taxonomy":"category","embeddable":true,"href":"http:\/\/www.muricionline.com.br\/novo\/index.php?rest_route=%2Fwp%2Fv2%2Fcategories&post=12092"},{"taxonomy":"post_tag","embeddable":true,"href":"http:\/\/www.muricionline.com.br\/novo\/index.php?rest_route=%2Fwp%2Fv2%2Ftags&post=12092"}],"curies":[{"name":"wp","href":"https:\/\/api.w.org\/{rel}","templated":true}]}}