{"id":12095,"date":"2019-12-11T18:48:24","date_gmt":"2019-12-11T21:48:24","guid":{"rendered":"http:\/\/www.muricionline.com.br\/novo\/?p=12095"},"modified":"2019-12-11T18:48:24","modified_gmt":"2019-12-11T21:48:24","slug":"uvb-homenageia-vereadores-e-entidades-com-o-top-legislativo","status":"publish","type":"post","link":"http:\/\/www.muricionline.com.br\/novo\/?p=12095","title":{"rendered":"UVB homenageia vereadores e entidades com o Top Legislativo"},"content":{"rendered":"<p>O Vereador Anizio Amorim- Aniz\u00e3o, MDB Murici\/AL, foi homenageado pela Uni\u00e3o dos Vereadores do Brasil (UVB) com a Medalha TOP LEGISLATIVO 2019. O evento aconteceu na sexta feira (06) na sede da AIMU em Porto Alegre, numa realiza\u00e7\u00e3o da UVB. Foram homenageados Vereadores e lideran\u00e7as de entidades representativas do Poder Legislativo Municipal de todo Brasil.<\/p>\n<p>Sob o comando do presidente da UVB, vereador Gilson Conzatti, a entrega da \u201cMedalha Top Legislativo\u201d e \u201cTrof\u00e9u Personalidade Brasil\u201d reuniu na mesa de trabalhos a presidente do TRE-RS, Marilene Bonzanini, o presidente da Uni\u00e3o dos Vereadores de S\u00e3o Paulo, Sebasti\u00e3o Misiara, o deputado estadual Tiago Simon e dois \u00edcones da pol\u00edtica ga\u00facha, os ex-governadores Alceu Collares e Pedro Simon.<\/p>\n<p><a href=\"http:\/\/www.muricionline.com.br\/novo\/wp-content\/uploads\/2019\/12\/C5261CE6-6447-4654-BEF9-3352582C68CC.jpeg\"><img loading=\"lazy\" decoding=\"async\" class=\"aligncenter size-full wp-image-12098\" src=\"http:\/\/www.muricionline.com.br\/novo\/wp-content\/uploads\/2019\/12\/C5261CE6-6447-4654-BEF9-3352582C68CC.jpeg\" alt=\"\" width=\"1280\" height=\"960\" srcset=\"http:\/\/www.muricionline.com.br\/novo\/wp-content\/uploads\/2019\/12\/C5261CE6-6447-4654-BEF9-3352582C68CC.jpeg 1280w, http:\/\/www.muricionline.com.br\/novo\/wp-content\/uploads\/2019\/12\/C5261CE6-6447-4654-BEF9-3352582C68CC-300x225.jpeg 300w, http:\/\/www.muricionline.com.br\/novo\/wp-content\/uploads\/2019\/12\/C5261CE6-6447-4654-BEF9-3352582C68CC-768x576.jpeg 768w, http:\/\/www.muricionline.com.br\/novo\/wp-content\/uploads\/2019\/12\/C5261CE6-6447-4654-BEF9-3352582C68CC-1024x768.jpeg 1024w\" sizes=\"(max-width: 1280px) 100vw, 1280px\" \/><\/a><br \/>\nEstou muito feliz por ser reconhecido pela UVB e essa Medalha \u00e9 um reconhecimento pelo meu mandato na C\u00e2mara de Vereadores de Murici, sempre com zelo e objetivando a melhoria da qualidade de vida da nossa gente, bem como, pelo meu trabalho a frente da Superintend\u00eancia da UVB Nordeste, sempre procurando unir e fortalecer o municipalismo.<\/p>\n<p>Por Assessoria<\/p>\n<p><a href=\"http:\/\/www.muricionline.com.br\/novo\/wp-content\/uploads\/2019\/12\/841AE202-4120-403E-893E-73746E5C80B5.jpeg\"><img loading=\"lazy\" decoding=\"async\" class=\"aligncenter size-full wp-image-12097\" src=\"http:\/\/www.muricionline.com.br\/novo\/wp-content\/uploads\/2019\/12\/841AE202-4120-403E-893E-73746E5C80B5.jpeg\" alt=\"\" width=\"991\" height=\"1280\" srcset=\"http:\/\/www.muricionline.com.br\/novo\/wp-content\/uploads\/2019\/12\/841AE202-4120-403E-893E-73746E5C80B5.jpeg 991w, http:\/\/www.muricionline.com.br\/novo\/wp-content\/uploads\/2019\/12\/841AE202-4120-403E-893E-73746E5C80B5-232x300.jpeg 232w, http:\/\/www.muricionline.com.br\/novo\/wp-content\/uploads\/2019\/12\/841AE202-4120-403E-893E-73746E5C80B5-768x992.jpeg 768w, http:\/\/www.muricionline.com.br\/novo\/wp-content\/uploads\/2019\/12\/841AE202-4120-403E-893E-73746E5C80B5-793x1024.jpeg 793w\" sizes=\"(max-width: 991px) 100vw, 991px\" \/><\/a><\/p>\n<span style=\"clear:both;display:none;\"><img src=\"http:\/\/www.muricionline.com.br\/novo\/wp-content\/plugins\/wp-spamfree\/img\/wpsf-img.php\" width=\"0\" height=\"0\" alt=\"\" style=\"border-style:none;width:0px;height:0px;display:none;\" \/><\/span>","protected":false},"excerpt":{"rendered":"<p>O Vereador Anizio Amorim- Aniz\u00e3o, MDB Murici\/AL, foi homenageado pela Uni\u00e3o dos Vereadores do Brasil (UVB) com a Medalha TOP LEGISLATIVO 2019. O evento aconteceu na sexta feira (06) na sede da AIMU em Porto Alegre, numa realiza\u00e7\u00e3o da UVB. Foram homenageados Vereadores e lideran\u00e7as de entidades representativas do Poder Legislativo Municipal de todo Brasil&#8230;.<\/p>\n","protected":false},"author":1,"featured_media":12096,"comment_status":"open","ping_status":"open","sticky":false,"template":"","format":"standard","meta":{"footnotes":""},"categories":[1],"tags":[5],"_links":{"self":[{"href":"http:\/\/www.muricionline.com.br\/novo\/index.php?rest_route=\/wp\/v2\/posts\/12095"}],"collection":[{"href":"http:\/\/www.muricionline.com.br\/novo\/index.php?rest_route=\/wp\/v2\/posts"}],"about":[{"href":"http:\/\/www.muricionline.com.br\/novo\/index.php?rest_route=\/wp\/v2\/types\/post"}],"author":[{"embeddable":true,"href":"http:\/\/www.muricionline.com.br\/novo\/index.php?rest_route=\/wp\/v2\/users\/1"}],"replies":[{"embeddable":true,"href":"http:\/\/www.muricionline.com.br\/novo\/index.php?rest_route=%2Fwp%2Fv2%2Fcomments&post=12095"}],"version-history":[{"count":1,"href":"http:\/\/www.muricionline.com.br\/novo\/index.php?rest_route=\/wp\/v2\/posts\/12095\/revisions"}],"predecessor-version":[{"id":12099,"href":"http:\/\/www.muricionline.com.br\/novo\/index.php?rest_route=\/wp\/v2\/posts\/12095\/revisions\/12099"}],"wp:featuredmedia":[{"embeddable":true,"href":"http:\/\/www.muricionline.com.br\/novo\/index.php?rest_route=\/wp\/v2\/media\/12096"}],"wp:attachment":[{"href":"http:\/\/www.muricionline.com.br\/novo\/index.php?rest_route=%2Fwp%2Fv2%2Fmedia&parent=12095"}],"wp:term":[{"taxonomy":"category","embeddable":true,"href":"http:\/\/www.muricionline.com.br\/novo\/index.php?rest_route=%2Fwp%2Fv2%2Fcategories&post=12095"},{"taxonomy":"post_tag","embeddable":true,"href":"http:\/\/www.muricionline.com.br\/novo\/index.php?rest_route=%2Fwp%2Fv2%2Ftags&post=12095"}],"curies":[{"name":"wp","href":"https:\/\/api.w.org\/{rel}","templated":true}]}}