{"id":12105,"date":"2019-12-14T00:21:30","date_gmt":"2019-12-14T03:21:30","guid":{"rendered":"http:\/\/www.muricionline.com.br\/novo\/?p=12105"},"modified":"2019-12-14T00:21:30","modified_gmt":"2019-12-14T03:21:30","slug":"ex-goleiro-do-murici-infarta-durante-jogo-de-confraternizacao-dias-desmaiou-durante-a-partida","status":"publish","type":"post","link":"http:\/\/www.muricionline.com.br\/novo\/?p=12105","title":{"rendered":"Ex-goleiro do Murici infarta durante jogo de confraterniza\u00e7\u00e3o; Dias desmaiou durante a partida"},"content":{"rendered":"<p>Campe\u00e3o alagoano pelo Murici em 2010, Jos\u00e9 Aparecido da Silva Dias, de 38 anos, mais conhecido como Dias, agora luta pela vida. Ele infartou enquanto participava de um jogo com amigos no campo society Jocemar, regi\u00e3o dos Frios, na Zona Rural de Uni\u00e3o dos Palmares. Participava do jogo o campe\u00e3o do mundo de futev\u00f4ley, Belo e Alexsandro, que foi campe\u00e3o com Dias naquele ano.<\/p>\n<p>&#8211; Ele fez um primeiro tempo muito bom. Salvando nosso time como sempre. Na volta para o segundo tempo, Dias se ajoelhou enquanto nosso time estava no ataque. Foi quando Lulinha, \u00e1rbitro da partida parou o jogo e apontou para Dias que continuava de joelhos. Corremos at\u00e9 ele, quando Dias desabou, disse Alexsandro&#8221;, que aguardava not\u00edcias do amigo no hospital S\u00e3o Vicente de Paulo, para onde o goleiro foi levado.<\/p>\n<p>No hospital S\u00e3o Vicente de Paulo ele foi prontamente atendido pelo m\u00e9dico Helielton Cavalcante que agiu r\u00e1pido e foi logo entubando o goleiro que passou a respirar de maneira artificial.<\/p>\n<p>Logo ap\u00f3s ser reanimado, Dias foi levado para o HGE numa Unidade de Suporte Avan\u00e7ado &#8211; USA &#8211; do Samu. No livro de entrada do HSVP o goleiro Dias foi diagn\u00f3sticado como portador de um infarto do mioc\u00e1rdio de natureza grave e seu estado de sa\u00fade \u00e9 bastante preocupante.<\/p>\n<p><a href=\"http:\/\/www.muricionline.com.br\/novo\/wp-content\/uploads\/2019\/12\/FD863005-ADD0-45E0-9935-52BBB101519B.jpeg\"><img loading=\"lazy\" decoding=\"async\" class=\"aligncenter size-full wp-image-12107\" src=\"http:\/\/www.muricionline.com.br\/novo\/wp-content\/uploads\/2019\/12\/FD863005-ADD0-45E0-9935-52BBB101519B.jpeg\" alt=\"\" width=\"854\" height=\"587\" srcset=\"http:\/\/www.muricionline.com.br\/novo\/wp-content\/uploads\/2019\/12\/FD863005-ADD0-45E0-9935-52BBB101519B.jpeg 854w, http:\/\/www.muricionline.com.br\/novo\/wp-content\/uploads\/2019\/12\/FD863005-ADD0-45E0-9935-52BBB101519B-300x206.jpeg 300w, http:\/\/www.muricionline.com.br\/novo\/wp-content\/uploads\/2019\/12\/FD863005-ADD0-45E0-9935-52BBB101519B-768x528.jpeg 768w\" sizes=\"(max-width: 854px) 100vw, 854px\" \/><\/a><br \/>\nCom Ivan Nunes<br \/>\nFoto: Jailson Col\u00e1cio<\/p>\n<span style=\"clear:both;display:none;\"><img src=\"http:\/\/www.muricionline.com.br\/novo\/wp-content\/plugins\/wp-spamfree\/img\/wpsf-img.php\" width=\"0\" height=\"0\" alt=\"\" style=\"border-style:none;width:0px;height:0px;display:none;\" \/><\/span>","protected":false},"excerpt":{"rendered":"<p>Campe\u00e3o alagoano pelo Murici em 2010, Jos\u00e9 Aparecido da Silva Dias, de 38 anos, mais conhecido como Dias, agora luta pela vida. Ele infartou enquanto participava de um jogo com amigos no campo society Jocemar, regi\u00e3o dos Frios, na Zona Rural de Uni\u00e3o dos Palmares. Participava do jogo o campe\u00e3o do mundo de futev\u00f4ley, Belo&#8230;<\/p>\n","protected":false},"author":1,"featured_media":12106,"comment_status":"open","ping_status":"open","sticky":false,"template":"","format":"standard","meta":{"footnotes":""},"categories":[9,1],"tags":[5],"_links":{"self":[{"href":"http:\/\/www.muricionline.com.br\/novo\/index.php?rest_route=\/wp\/v2\/posts\/12105"}],"collection":[{"href":"http:\/\/www.muricionline.com.br\/novo\/index.php?rest_route=\/wp\/v2\/posts"}],"about":[{"href":"http:\/\/www.muricionline.com.br\/novo\/index.php?rest_route=\/wp\/v2\/types\/post"}],"author":[{"embeddable":true,"href":"http:\/\/www.muricionline.com.br\/novo\/index.php?rest_route=\/wp\/v2\/users\/1"}],"replies":[{"embeddable":true,"href":"http:\/\/www.muricionline.com.br\/novo\/index.php?rest_route=%2Fwp%2Fv2%2Fcomments&post=12105"}],"version-history":[{"count":1,"href":"http:\/\/www.muricionline.com.br\/novo\/index.php?rest_route=\/wp\/v2\/posts\/12105\/revisions"}],"predecessor-version":[{"id":12108,"href":"http:\/\/www.muricionline.com.br\/novo\/index.php?rest_route=\/wp\/v2\/posts\/12105\/revisions\/12108"}],"wp:featuredmedia":[{"embeddable":true,"href":"http:\/\/www.muricionline.com.br\/novo\/index.php?rest_route=\/wp\/v2\/media\/12106"}],"wp:attachment":[{"href":"http:\/\/www.muricionline.com.br\/novo\/index.php?rest_route=%2Fwp%2Fv2%2Fmedia&parent=12105"}],"wp:term":[{"taxonomy":"category","embeddable":true,"href":"http:\/\/www.muricionline.com.br\/novo\/index.php?rest_route=%2Fwp%2Fv2%2Fcategories&post=12105"},{"taxonomy":"post_tag","embeddable":true,"href":"http:\/\/www.muricionline.com.br\/novo\/index.php?rest_route=%2Fwp%2Fv2%2Ftags&post=12105"}],"curies":[{"name":"wp","href":"https:\/\/api.w.org\/{rel}","templated":true}]}}