{"id":12109,"date":"2019-12-15T17:42:26","date_gmt":"2019-12-15T20:42:26","guid":{"rendered":"http:\/\/www.muricionline.com.br\/novo\/?p=12109"},"modified":"2019-12-15T17:47:29","modified_gmt":"2019-12-15T20:47:29","slug":"upa-do-tabuleiro-do-martins-abre-as-portas-para-a-populacao-neste-domingo-15","status":"publish","type":"post","link":"http:\/\/www.muricionline.com.br\/novo\/?p=12109","title":{"rendered":"UPA do Tabuleiro do Martins abre as portas para a popula\u00e7\u00e3o neste domingo (15)"},"content":{"rendered":"<div class=\"itemHeader\">Inaugurada neste s\u00e1bado (14), a Unidade de Pronto Atendimento (UPA) Galba Novaes de Castro abre as portas para atender a popula\u00e7\u00e3o a partir das 7 horas deste domingo (15). O equipamento de sa\u00fade do porte 3 (o mais amplo) foi entregue pelo governador Renan Filho e o secret\u00e1rio de Estado da Sa\u00fade, Alexandre Ayres, durante solenidade que reuniu moradores do Tabuleiro do Martins, secret\u00e1rios estaduais e diversas outras autoridades.<\/div>\n<div class=\"itemBody\">\n<div class=\"itemFullText\">\n<p>Renan Filho recordou que a UPA do Tabuleiro do Martins \u00e9 a quarta Unidade de Pronto Atendimento entregue pelo Governo do Estado s\u00f3 na capital alagoana e que, no primeiro semestre do pr\u00f3ximo ano, ser\u00e3o constru\u00eddas mais duas, uma na Ch\u00e3 da Jaqueira e outra na parte baixa da cidade.<\/p>\n<p><img decoding=\"async\" class=\"jg_photo\" src=\"http:\/\/agenciaalagoas.al.gov.br\/component\/joomgallery\/image?view=image&amp;format=raw&amp;id=44362&amp;type=img\" alt=\"Inaugura\u00e7\u00e3o da UPA do Tabuleiro do Martins (Foto: M\u00e1rcio Ferreira)\"><\/p>\n<p>Ele explicou que a Unidade de Pronto Atendimento \u00e9 a porta de entrada do sistema p\u00fablico de sa\u00fade, fundamental para estrutura\u00e7\u00e3o deste.&nbsp;\u201cA UPA ajuda e muito a desafogar o HGE (Hospital Geral do Estado). S\u00f3 para voc\u00ea ter uma no\u00e7\u00e3o: o HGE atende 600 pessoas por dia, das quais 300, aproximadamente, s\u00e3o de urg\u00eancia, ou seja, pessoas que n\u00e3o deveriam estar l\u00e1, porque \u00e9 um hospital de alta complexidade &#8211; que trata de coisas mais graves &#8211; mas as pessoas acabam indo pra l\u00e1 porque antes n\u00e3o tinham onde ser atendidas. Agora, s\u00f3 nessa UPA aqui, vamos poder atender mais gente do que o HGE atende em urg\u00eancia\u201d, comparou.<\/p>\n<p>Com investimento de R$ 5,1 milh\u00f5es em recursos pr\u00f3prios do Governo do Estado, a UPA Galba Novaes de Castro vai beneficiar uma popula\u00e7\u00e3o de aproximadamente 243 mil pessoas dos bairros do Tabuleiro do Martins, Santa L\u00facia, Clima Bom, Santos Dumont, Cidade Universit\u00e1ria, Fern\u00e3o Velho, Village Campestre, Santa Am\u00e9lia e Forene, al\u00e9m dos munic\u00edpios pr\u00f3ximos, como Rio Largo, Santa Luzia, Pilar e Satuba.<\/p>\n<p>Renan Filho informou que at\u00e9 o quinto m\u00eas de funcionamento, o Governo do Estado vai arcar com o custeio do equipamento, enquanto busca o credenciamento junto ao Minist\u00e9rio da Sa\u00fade, que repassar\u00e1 cerca de meio milh\u00e3o por m\u00eas para o funcionamento da UPA.<\/p>\n<p><img decoding=\"async\" class=\"jg_photo\" src=\"http:\/\/agenciaalagoas.al.gov.br\/component\/joomgallery\/image?view=image&amp;format=raw&amp;id=44373&amp;type=img\" alt=\"Inaugura\u00e7\u00e3o da UPA do Tabuleiro do Martins (Foto: M\u00e1rcio Ferreira)\"><\/p>\n<p>\u201cCom essa rede de urg\u00eancia organizada, a gente desafoga o HGE, mas tem sido muito sobrecarregado nos \u00faltimos anos. Ent\u00e3o, a ideia \u00e9 que a gente amplie o n\u00famero de UPAS para que o cidad\u00e3o tenha um servi\u00e7o de urg\u00eancia cada vez mais pr\u00f3ximo da sua casa\u201d, acrescentou o secret\u00e1rio Alexandre Ayres.<\/p>\n<p>A UPA do tipo 3 \u00e9 dotada de 19 leitos, sendo 15 de observa\u00e7\u00e3o e 4 de urg\u00eancia. Conta com especialidades como pediatria, cl\u00ednica-geral, ortopedia e odontologia. Dentre os servi\u00e7os ofertados constam: classifica\u00e7\u00e3o de risco, sala de nebuliza\u00e7\u00e3o, seis consult\u00f3rios m\u00e9dicos, sala de gesso, laborat\u00f3rio, exames de raios-x e eletrocardiograma. O funcionamento \u00e9 24 horas e a Unidade tem capacidade para atender at\u00e9 350 pessoas por dia.<\/p>\n<p>Renan Filho disse que o nome da UPA do Tabuleiro \u00e9 uma homenagem ao falecido vereador Galba Novaes de Castro, pai do deputado estadual Galba Novaes, que prestigiou a solenidade, acompanhado de familiares. O governador&nbsp;agradeceu ao deputado estadual que cedeu, durante um ano e meio, o Instituto Galba Novaes de Castro para que fosse instalado o Mini Pronto Socorro Assis Chateaubriand, demolido para a constru\u00e7\u00e3o da UPA.<\/p>\n<p><img decoding=\"async\" class=\"jg_photo\" src=\"http:\/\/agenciaalagoas.al.gov.br\/component\/joomgallery\/image?view=image&amp;format=raw&amp;id=44372&amp;type=img\" alt=\"Inaugura\u00e7\u00e3o da UPA do Tabuleiro do Martins (Foto: M\u00e1rcio Ferreira)\"><\/p>\n<p>\u201cNada mais justo do que homenagear o ex-vereador Galba Novaes de Castro, que \u00e9 pai do deputado e d\u00e1 nome ao Instituto e agora \u00e0 UPA. Ele foi um grande l\u00edder dessa regi\u00e3o, representante pol\u00edtico, uma pessoa que carregava grande autoridade moral\u201d, recordou Renan Filho.<\/p>\n<p>Maceioense, Galba Novaes de Castro exerceu o cargo de vereador por quatro mandatos, sendo presidente da C\u00e2mara em quatro oportunidades. Militar do Ex\u00e9rcito Brasileiro, ele tamb\u00e9m esteve \u00e0 frente da Assist\u00eancia Social, dire\u00e7\u00e3o do Laborat\u00f3rio Industrial Farmac\u00eautico de Alagoas (Lifal) e foi prefeito interino de Macei\u00f3, em 1987.<\/p>\n<p>\u201cNesse momento, estamos inaugurando o melhor equipamento de sa\u00fade da regi\u00e3o. Estou emocionado e muito satisfeito, porque o povo da minha terra (o Tabuleiro do Martins) merece\u201d, afirmou Galba Novaes.<\/p>\n<p><img decoding=\"async\" class=\"jg_photo\" src=\"http:\/\/agenciaalagoas.al.gov.br\/component\/joomgallery\/image?view=image&amp;format=raw&amp;id=44376&amp;type=img\" alt=\"Inaugura\u00e7\u00e3o da UPA do Tabuleiro do Martins (Foto: M\u00e1rcio Ferreira)\"><\/p>\n<p>Renan Filho lembrou ainda que ap\u00f3s entregar este ano, em Macei\u00f3, o Hospital da Mulher e as UPAs do Jacintinho e do Tabuleiro do Martins, o Governo do Estado se prepara para inaugurar, em 2020, o Hospital Metropolitano, tamb\u00e9m no Tabuleiro, e o Regional do Norte em Porto Calvo.<\/p>\n<p>Outros dois hospitais regionais est\u00e3o sendo erguidos no interior do Estado, nos munic\u00edpios de Uni\u00e3o dos Palmares e Delmiro Gouveia. Est\u00e1 prevista, ainda, para o pr\u00f3ximo ano, a assinatura da ordem de servi\u00e7o para a edifica\u00e7\u00e3o do Hospital da Crian\u00e7a, em Macei\u00f3.<\/p>\n<p>\u201cEsse \u00e9 o maior conjunto de obras que a sa\u00fade alagoana j\u00e1 viu. Vamos iniciar, agora, as policl\u00ednicas, as cl\u00ednicas da fam\u00edlia. Esse ser\u00e1, sem d\u00favidas, o maior ciclo de investimentos em sa\u00fade p\u00fablica que o nosso Estado j\u00e1 viu\u201d, arrematou Renan Filho.<\/p>\n<p>&nbsp;<\/p>\n<p>Com Ag\u00eancia Alagoas<\/p>\n<\/div>\n<\/div>\n<span style=\"clear:both;display:none;\"><img src=\"http:\/\/www.muricionline.com.br\/novo\/wp-content\/plugins\/wp-spamfree\/img\/wpsf-img.php\" width=\"0\" height=\"0\" alt=\"\" style=\"border-style:none;width:0px;height:0px;display:none;\" \/><\/span>","protected":false},"excerpt":{"rendered":"<p>Inaugurada neste s\u00e1bado (14), a Unidade de Pronto Atendimento (UPA) Galba Novaes de Castro abre as portas para atender a popula\u00e7\u00e3o a partir das 7 horas deste domingo (15). O equipamento de sa\u00fade do porte 3 (o mais amplo) foi entregue pelo governador Renan Filho e o secret\u00e1rio de Estado da Sa\u00fade, Alexandre Ayres, durante&#8230;<\/p>\n","protected":false},"author":1,"featured_media":12110,"comment_status":"open","ping_status":"open","sticky":false,"template":"","format":"standard","meta":{"footnotes":""},"categories":[1],"tags":[5],"_links":{"self":[{"href":"http:\/\/www.muricionline.com.br\/novo\/index.php?rest_route=\/wp\/v2\/posts\/12109"}],"collection":[{"href":"http:\/\/www.muricionline.com.br\/novo\/index.php?rest_route=\/wp\/v2\/posts"}],"about":[{"href":"http:\/\/www.muricionline.com.br\/novo\/index.php?rest_route=\/wp\/v2\/types\/post"}],"author":[{"embeddable":true,"href":"http:\/\/www.muricionline.com.br\/novo\/index.php?rest_route=\/wp\/v2\/users\/1"}],"replies":[{"embeddable":true,"href":"http:\/\/www.muricionline.com.br\/novo\/index.php?rest_route=%2Fwp%2Fv2%2Fcomments&post=12109"}],"version-history":[{"count":2,"href":"http:\/\/www.muricionline.com.br\/novo\/index.php?rest_route=\/wp\/v2\/posts\/12109\/revisions"}],"predecessor-version":[{"id":12112,"href":"http:\/\/www.muricionline.com.br\/novo\/index.php?rest_route=\/wp\/v2\/posts\/12109\/revisions\/12112"}],"wp:featuredmedia":[{"embeddable":true,"href":"http:\/\/www.muricionline.com.br\/novo\/index.php?rest_route=\/wp\/v2\/media\/12110"}],"wp:attachment":[{"href":"http:\/\/www.muricionline.com.br\/novo\/index.php?rest_route=%2Fwp%2Fv2%2Fmedia&parent=12109"}],"wp:term":[{"taxonomy":"category","embeddable":true,"href":"http:\/\/www.muricionline.com.br\/novo\/index.php?rest_route=%2Fwp%2Fv2%2Fcategories&post=12109"},{"taxonomy":"post_tag","embeddable":true,"href":"http:\/\/www.muricionline.com.br\/novo\/index.php?rest_route=%2Fwp%2Fv2%2Ftags&post=12109"}],"curies":[{"name":"wp","href":"https:\/\/api.w.org\/{rel}","templated":true}]}}