{"id":12113,"date":"2019-12-15T18:05:24","date_gmt":"2019-12-15T21:05:24","guid":{"rendered":"http:\/\/www.muricionline.com.br\/novo\/?p=12113"},"modified":"2019-12-15T18:05:24","modified_gmt":"2019-12-15T21:05:24","slug":"aos-38-anos-goleiro-dias-morre-no-hge-em-maceio","status":"publish","type":"post","link":"http:\/\/www.muricionline.com.br\/novo\/?p=12113","title":{"rendered":"Aos 38 anos goleiro Dias morre no HGE em Macei\u00f3"},"content":{"rendered":"<section class=\"texto\">Faleceu na tarde deste domingo,15, Jos\u00e9 Aparecido da Silva Dias, de 38 anos, mais conhecido como Dias. Campe\u00e3o alagoano pelo Murici em 2010, ele estava lutando pela vida. Dias teve um enfarte enquanto participava de um jogo com amigos no campo society Jocemar, regi\u00e3o dos Frios, na Zona Rural de Uni\u00e3o dos Palmares na noite da sexta-feira.&nbsp;<\/p>\n<p>Dias teve passagem por clubes como; Sete de Setembro, Sport Atalaia, Uni\u00e3o e Murici, onde atuou em grande parte de sua carreira e foi Campe\u00e3o Alagoano em 2010.<\/p>\n<p>Ele foi socorrido inicialmente para o hospital S\u00e3o Vicente de Paulo, sendo encaminhado para o Hospital Geral do Estado (HGE). Apesar de todos os cuidados m\u00e9dicos ele n\u00e3o resistiu e faleceu. A situa\u00e7\u00e3o mobilizou at\u00e9 mesmo o governador de Alagoas, Renan Filho (MDB), que teria ligado para o hospital e conversado com o m\u00e9dico que estava de plant\u00e3o, e tamb\u00e9m confortado amigos do goleiro que estavam com ele durante o jogo.<\/p>\n<p>Murici divulga Nota Oficial&nbsp;<\/p>\n<p>A diretoria, jogadores e toda torcida do Murici Futebol Clube lamentam, com profundo pesar, o falecimento de Jos\u00e9 Aparecido Dias da Silva, o ex-goleiro Dias. O atleta defendeu o Verd\u00e3o por mais de 15 anos, sendo o que mais atuou pelo clube, disputando partidas de n\u00edvel nacional e conquistando o t\u00edtulo do Alagoano 2010.&nbsp;<\/p>\n<p>O vel\u00f3rio ser\u00e1 nesta segunda-feira (16), na cidade de Uni\u00e3o dos Palmares.<\/p>\n<p>Nossos sentimentos aos familiares e amigos. Vai com Deus, Pared\u00e3o&#8230;<\/p>\n<\/section>\n<span style=\"clear:both;display:none;\"><img src=\"http:\/\/www.muricionline.com.br\/novo\/wp-content\/plugins\/wp-spamfree\/img\/wpsf-img.php\" width=\"0\" height=\"0\" alt=\"\" style=\"border-style:none;width:0px;height:0px;display:none;\" \/><\/span>","protected":false},"excerpt":{"rendered":"<p>Faleceu na tarde deste domingo,15, Jos\u00e9 Aparecido da Silva Dias, de 38 anos, mais conhecido como Dias. Campe\u00e3o alagoano pelo Murici em 2010, ele estava lutando pela vida. Dias teve um enfarte enquanto participava de um jogo com amigos no campo society Jocemar, regi\u00e3o dos Frios, na Zona Rural de Uni\u00e3o dos Palmares na noite&#8230;<\/p>\n","protected":false},"author":1,"featured_media":12114,"comment_status":"open","ping_status":"open","sticky":false,"template":"","format":"standard","meta":{"footnotes":""},"categories":[1],"tags":[5],"_links":{"self":[{"href":"http:\/\/www.muricionline.com.br\/novo\/index.php?rest_route=\/wp\/v2\/posts\/12113"}],"collection":[{"href":"http:\/\/www.muricionline.com.br\/novo\/index.php?rest_route=\/wp\/v2\/posts"}],"about":[{"href":"http:\/\/www.muricionline.com.br\/novo\/index.php?rest_route=\/wp\/v2\/types\/post"}],"author":[{"embeddable":true,"href":"http:\/\/www.muricionline.com.br\/novo\/index.php?rest_route=\/wp\/v2\/users\/1"}],"replies":[{"embeddable":true,"href":"http:\/\/www.muricionline.com.br\/novo\/index.php?rest_route=%2Fwp%2Fv2%2Fcomments&post=12113"}],"version-history":[{"count":1,"href":"http:\/\/www.muricionline.com.br\/novo\/index.php?rest_route=\/wp\/v2\/posts\/12113\/revisions"}],"predecessor-version":[{"id":12115,"href":"http:\/\/www.muricionline.com.br\/novo\/index.php?rest_route=\/wp\/v2\/posts\/12113\/revisions\/12115"}],"wp:featuredmedia":[{"embeddable":true,"href":"http:\/\/www.muricionline.com.br\/novo\/index.php?rest_route=\/wp\/v2\/media\/12114"}],"wp:attachment":[{"href":"http:\/\/www.muricionline.com.br\/novo\/index.php?rest_route=%2Fwp%2Fv2%2Fmedia&parent=12113"}],"wp:term":[{"taxonomy":"category","embeddable":true,"href":"http:\/\/www.muricionline.com.br\/novo\/index.php?rest_route=%2Fwp%2Fv2%2Fcategories&post=12113"},{"taxonomy":"post_tag","embeddable":true,"href":"http:\/\/www.muricionline.com.br\/novo\/index.php?rest_route=%2Fwp%2Fv2%2Ftags&post=12113"}],"curies":[{"name":"wp","href":"https:\/\/api.w.org\/{rel}","templated":true}]}}