{"id":12116,"date":"2019-12-16T10:07:41","date_gmt":"2019-12-16T13:07:41","guid":{"rendered":"http:\/\/www.muricionline.com.br\/novo\/?p=12116"},"modified":"2019-12-16T10:19:53","modified_gmt":"2019-12-16T13:19:53","slug":"murici-se-despede-do-goleiro-dias","status":"publish","type":"post","link":"http:\/\/www.muricionline.com.br\/novo\/?p=12116","title":{"rendered":"Murici se despede do goleiro Dias"},"content":{"rendered":"<p>Logo que o corpo do ex-goleiro Dias foi liberado pelo SVO &#8211; Servi\u00e7o de Verifica\u00e7\u00e3o de \u00d3bito &#8211; do HGE para sepultamento, v\u00e1rios amigos passaram a cuidar do ex-goleiro do Murici para o ritual de sepultamento. O caix\u00e3o deixou Macei\u00f3 por volta das 20h direto para Murici.<\/p>\n<p><a href=\"http:\/\/www.muricionline.com.br\/novo\/wp-content\/uploads\/2019\/12\/ADD98C16-C87B-4BBA-AEF9-5F2434FB50C6.jpeg\"><img loading=\"lazy\" decoding=\"async\" class=\"aligncenter size-full wp-image-12121\" src=\"http:\/\/www.muricionline.com.br\/novo\/wp-content\/uploads\/2019\/12\/ADD98C16-C87B-4BBA-AEF9-5F2434FB50C6.jpeg\" alt=\"\" width=\"3618\" height=\"2657\" srcset=\"http:\/\/www.muricionline.com.br\/novo\/wp-content\/uploads\/2019\/12\/ADD98C16-C87B-4BBA-AEF9-5F2434FB50C6.jpeg 3618w, http:\/\/www.muricionline.com.br\/novo\/wp-content\/uploads\/2019\/12\/ADD98C16-C87B-4BBA-AEF9-5F2434FB50C6-300x220.jpeg 300w, http:\/\/www.muricionline.com.br\/novo\/wp-content\/uploads\/2019\/12\/ADD98C16-C87B-4BBA-AEF9-5F2434FB50C6-768x564.jpeg 768w, http:\/\/www.muricionline.com.br\/novo\/wp-content\/uploads\/2019\/12\/ADD98C16-C87B-4BBA-AEF9-5F2434FB50C6-1024x752.jpeg 1024w\" sizes=\"(max-width: 3618px) 100vw, 3618px\" \/><\/a><\/p>\n<p>No gin\u00e1sio de Esportes Olavo Calheiros, o arqueiro que por v\u00e1rios anos defendeu o Murici Futebol Clube, entrou sendo conduzido por v\u00e1rios amigos do elenco campe\u00e3o alagoano em 2010. Entre eles, o goleiro L\u00e9o Murici, Alexsandro, M\u00e1rio Neto, Rambo, Sinval e Branco.<br \/>\n<a href=\"http:\/\/www.muricionline.com.br\/novo\/wp-content\/uploads\/2019\/12\/FF7B1E54-28DF-4608-BE71-9F1AF94E9F58.jpeg\"><img loading=\"lazy\" decoding=\"async\" class=\"aligncenter size-full wp-image-12117\" src=\"http:\/\/www.muricionline.com.br\/novo\/wp-content\/uploads\/2019\/12\/FF7B1E54-28DF-4608-BE71-9F1AF94E9F58.jpeg\" alt=\"\" width=\"3673\" height=\"2713\" srcset=\"http:\/\/www.muricionline.com.br\/novo\/wp-content\/uploads\/2019\/12\/FF7B1E54-28DF-4608-BE71-9F1AF94E9F58.jpeg 3673w, http:\/\/www.muricionline.com.br\/novo\/wp-content\/uploads\/2019\/12\/FF7B1E54-28DF-4608-BE71-9F1AF94E9F58-300x222.jpeg 300w, http:\/\/www.muricionline.com.br\/novo\/wp-content\/uploads\/2019\/12\/FF7B1E54-28DF-4608-BE71-9F1AF94E9F58-768x567.jpeg 768w, http:\/\/www.muricionline.com.br\/novo\/wp-content\/uploads\/2019\/12\/FF7B1E54-28DF-4608-BE71-9F1AF94E9F58-1024x756.jpeg 1024w\" sizes=\"(max-width: 3673px) 100vw, 3673px\" \/><\/a><\/p>\n<p>Rapidamente outros amigos do ex-goleiro foram chegando ao gin\u00e1sio a exemplo do presidente do Clube, Gerald\u00e3o, Anderson Batista, Remi Filho, Ednaldo Lino e o ex-prefeito e presidente de honra do Murici, Remi Calheiros.<\/p>\n<p>Um banner com v\u00e1rias fotografias da carreira do goleiro foi colocado pr\u00f3ximo ao caix\u00e3o.<\/p>\n<p>Da Reda\u00e7\u00e3o com informa\u00e7\u00f5es de Ivan Nunes<\/p>\n<p>&nbsp;<\/p>\n<p><a href=\"http:\/\/www.muricionline.com.br\/novo\/wp-content\/uploads\/2019\/12\/D851F5D2-1BC8-4CFE-A6E0-D4A82CE90F39.jpeg\"><img loading=\"lazy\" decoding=\"async\" class=\"aligncenter size-full wp-image-12119\" src=\"http:\/\/www.muricionline.com.br\/novo\/wp-content\/uploads\/2019\/12\/D851F5D2-1BC8-4CFE-A6E0-D4A82CE90F39.jpeg\" alt=\"\" width=\"2797\" height=\"3729\" srcset=\"http:\/\/www.muricionline.com.br\/novo\/wp-content\/uploads\/2019\/12\/D851F5D2-1BC8-4CFE-A6E0-D4A82CE90F39.jpeg 2797w, http:\/\/www.muricionline.com.br\/novo\/wp-content\/uploads\/2019\/12\/D851F5D2-1BC8-4CFE-A6E0-D4A82CE90F39-225x300.jpeg 225w, http:\/\/www.muricionline.com.br\/novo\/wp-content\/uploads\/2019\/12\/D851F5D2-1BC8-4CFE-A6E0-D4A82CE90F39-768x1024.jpeg 768w\" sizes=\"(max-width: 2797px) 100vw, 2797px\" \/><\/a><\/p>\n<span style=\"clear:both;display:none;\"><img src=\"http:\/\/www.muricionline.com.br\/novo\/wp-content\/plugins\/wp-spamfree\/img\/wpsf-img.php\" width=\"0\" height=\"0\" alt=\"\" style=\"border-style:none;width:0px;height:0px;display:none;\" \/><\/span>","protected":false},"excerpt":{"rendered":"<p>Logo que o corpo do ex-goleiro Dias foi liberado pelo SVO &#8211; Servi\u00e7o de Verifica\u00e7\u00e3o de \u00d3bito &#8211; do HGE para sepultamento, v\u00e1rios amigos passaram a cuidar do ex-goleiro do Murici para o ritual de sepultamento. O caix\u00e3o deixou Macei\u00f3 por volta das 20h direto para Murici. No gin\u00e1sio de Esportes Olavo Calheiros, o arqueiro&#8230;<\/p>\n","protected":false},"author":1,"featured_media":12118,"comment_status":"open","ping_status":"open","sticky":false,"template":"","format":"standard","meta":{"footnotes":""},"categories":[1],"tags":[5],"_links":{"self":[{"href":"http:\/\/www.muricionline.com.br\/novo\/index.php?rest_route=\/wp\/v2\/posts\/12116"}],"collection":[{"href":"http:\/\/www.muricionline.com.br\/novo\/index.php?rest_route=\/wp\/v2\/posts"}],"about":[{"href":"http:\/\/www.muricionline.com.br\/novo\/index.php?rest_route=\/wp\/v2\/types\/post"}],"author":[{"embeddable":true,"href":"http:\/\/www.muricionline.com.br\/novo\/index.php?rest_route=\/wp\/v2\/users\/1"}],"replies":[{"embeddable":true,"href":"http:\/\/www.muricionline.com.br\/novo\/index.php?rest_route=%2Fwp%2Fv2%2Fcomments&post=12116"}],"version-history":[{"count":3,"href":"http:\/\/www.muricionline.com.br\/novo\/index.php?rest_route=\/wp\/v2\/posts\/12116\/revisions"}],"predecessor-version":[{"id":12123,"href":"http:\/\/www.muricionline.com.br\/novo\/index.php?rest_route=\/wp\/v2\/posts\/12116\/revisions\/12123"}],"wp:featuredmedia":[{"embeddable":true,"href":"http:\/\/www.muricionline.com.br\/novo\/index.php?rest_route=\/wp\/v2\/media\/12118"}],"wp:attachment":[{"href":"http:\/\/www.muricionline.com.br\/novo\/index.php?rest_route=%2Fwp%2Fv2%2Fmedia&parent=12116"}],"wp:term":[{"taxonomy":"category","embeddable":true,"href":"http:\/\/www.muricionline.com.br\/novo\/index.php?rest_route=%2Fwp%2Fv2%2Fcategories&post=12116"},{"taxonomy":"post_tag","embeddable":true,"href":"http:\/\/www.muricionline.com.br\/novo\/index.php?rest_route=%2Fwp%2Fv2%2Ftags&post=12116"}],"curies":[{"name":"wp","href":"https:\/\/api.w.org\/{rel}","templated":true}]}}