{"id":12124,"date":"2019-12-30T22:09:57","date_gmt":"2019-12-31T01:09:57","guid":{"rendered":"http:\/\/www.muricionline.com.br\/novo\/?p=12124"},"modified":"2019-12-30T22:09:57","modified_gmt":"2019-12-31T01:09:57","slug":"sao-jose-da-laje-com-as-contas-em-dia-prefeito-rodrigo-valenca-anuncia-programacao-da-festa-da-virada","status":"publish","type":"post","link":"http:\/\/www.muricionline.com.br\/novo\/?p=12124","title":{"rendered":"S\u00e3o Jos\u00e9 da Laje: Com As Contas Em Dia Prefeito Rodrigo Valen\u00e7a Anuncia Programa\u00e7\u00e3o da Festa da Virada."},"content":{"rendered":"<p>Enquanto muitos prefeitos em Alagoas ainda est\u00e3o buscando solu\u00e7\u00f5es para fechar o ano com as contas em dia, o prefeito de S\u00e3o Jos\u00e9 da Laje, Rodrigo Valen\u00e7a (MDB) tem muito a comemorar nesse final de ano. Al\u00e9m de terminar 2019 mantendo os \u00edndices de aprova\u00e7\u00e3o pela popula\u00e7\u00e3o lajense, e a boa avalia\u00e7\u00e3o dos Alagoanos como um dos melhores gestores de Alagoas, o jovem prefeito festeja os bons resultados e anuncia a programa\u00e7\u00e3o para esse final de ano no munic\u00edpio que tradicionalmente celebra a maior festa da virada da Regi\u00e3o Serrana dos Quilombos.&nbsp;<\/p>\n<p><a href=\"http:\/\/www.muricionline.com.br\/novo\/wp-content\/uploads\/2019\/12\/8DEE8514-B428-4C28-855D-3012A6C4B01A.jpeg\"><img loading=\"lazy\" decoding=\"async\" class=\"aligncenter size-full wp-image-12126\" src=\"http:\/\/www.muricionline.com.br\/novo\/wp-content\/uploads\/2019\/12\/8DEE8514-B428-4C28-855D-3012A6C4B01A.jpeg\" alt=\"\" width=\"1024\" height=\"1024\" srcset=\"http:\/\/www.muricionline.com.br\/novo\/wp-content\/uploads\/2019\/12\/8DEE8514-B428-4C28-855D-3012A6C4B01A.jpeg 1024w, http:\/\/www.muricionline.com.br\/novo\/wp-content\/uploads\/2019\/12\/8DEE8514-B428-4C28-855D-3012A6C4B01A-150x150.jpeg 150w, http:\/\/www.muricionline.com.br\/novo\/wp-content\/uploads\/2019\/12\/8DEE8514-B428-4C28-855D-3012A6C4B01A-300x300.jpeg 300w, http:\/\/www.muricionline.com.br\/novo\/wp-content\/uploads\/2019\/12\/8DEE8514-B428-4C28-855D-3012A6C4B01A-768x768.jpeg 768w\" sizes=\"(max-width: 1024px) 100vw, 1024px\" \/><\/a><\/p>\n<p>A Festa da Virada&nbsp;<\/p>\n<p>&nbsp;<\/p>\n<p>A Festa do R\u00e9veillon de S\u00e3o Jos\u00e9 da Laje \u00e9 uma das mais tradicionais da cidade e re\u00fane milhares de pessoas todos os anos, incluindo de outros munic\u00edpios, sendo assim, S\u00e3o Jos\u00e9 da Laje \u00e9 o destino mais procurado de toda a regi\u00e3o, e j\u00e1 antecipou a divulga\u00e7\u00e3o das atra\u00e7\u00f5es da virada de ano. A festa ser\u00e1 realizada na Pra\u00e7a de Eventos Valmir de Amorim de Almeida Junior, na Avenida Arlinda Veras, onde uma megaestrutura foi montada para celebrar a chegada de 2020.<\/p>\n<p>&nbsp;<\/p>\n<p>Dentre as atra\u00e7\u00f5es musicais que ir\u00e3o animar o p\u00fablico, est\u00e3o as bandas, Berg Gonzaga, o som contagiante de Brunin (ex-Rapazolla) e o comando da pista ficar\u00e1 por conta do Dj Gele. A meia noite todos poder\u00e3o acompanhar a queima de fogos que poder\u00e1 ser vista em toda cidade, e em seguida curtir as atra\u00e7\u00f5es musicais junto com seus familiares e amigos at\u00e9 o nascer do sol.&nbsp;<\/p>\n<p>&nbsp;<\/p>\n<p>Seriedade nas a\u00e7\u00f5es e a boa aplica\u00e7\u00e3o dos recursos p\u00fablicos s\u00e3o pontos fundamentais na gest\u00e3o do prefeito Rodrigo Valen\u00e7a, que encerrar\u00e1 o ano com todas as contas e pagamentos em dia, obras em andamento e a total funcionalidade dos servi\u00e7os ofertados pelo munic\u00edpio, gest\u00e3o comprometida que vem melhorando a cada ano a qualidade de vida dos lajenses.&nbsp;<\/p>\n<p>&nbsp;<\/p>\n<p>De acordo com o prefeito Rodrigo Valen\u00e7a, para realizar o evento, foi priorizado o pagamento de todas as folhas e a garantia da manuten\u00e7\u00e3o do andamento de todas as obras. \u201cIremos realizar mais uma vez a festa da virada, e antes de anunciar a programa\u00e7\u00e3o, priorizamos o pagamento de todas as folhas salariais, fornecedores, mantendo a funcionalidade do munic\u00edpio, e assim encerrando o ano novamente com as contas em dia, com importantes obras entrando na fase final para serem inauguradas, podemos destacar as novas Unidade B\u00e1sicas de Sa\u00fade do Conjunto Armando Lyra e do Conjunto Dr. Mario Guimar\u00e3es, a pavimenta\u00e7\u00e3o do Bairro Novo Tijuca, um sonho dos moradores da localidade, a nova Academia da Sa\u00fade pr\u00f3ximo ao Est\u00e1dio Bertulin\u00e3o, o Mirante S\u00e3o Jos\u00e9 que fomentar\u00e1 o turismo religioso em nossa cidade, uma nova creche no bairro do Juriti, entre outras obras na zona rural, a exemplo da pavimenta\u00e7\u00e3o do acesso ao cemit\u00e9rio do Povoado Caruru, vamos continuar trabalhando, fazendo S\u00e3o Jos\u00e9 da Laje avan\u00e7ar cada vez mais. Aproveito a oportunidade para desejar a todos os lajenses um 2020 de muita paz e prosperidade, \u201d destacou Rodrigo Valen\u00e7a, prefeito de S\u00e3o Jose da Laje.<\/p>\n<p>&nbsp;<\/p>\n<p>Por SECOM &#8211; S\u00e3o Jos\u00e9 da Laje\/AL<\/p>\n<span style=\"clear:both;display:none;\"><img src=\"http:\/\/www.muricionline.com.br\/novo\/wp-content\/plugins\/wp-spamfree\/img\/wpsf-img.php\" width=\"0\" height=\"0\" alt=\"\" style=\"border-style:none;width:0px;height:0px;display:none;\" \/><\/span>","protected":false},"excerpt":{"rendered":"<p>Enquanto muitos prefeitos em Alagoas ainda est\u00e3o buscando solu\u00e7\u00f5es para fechar o ano com as contas em dia, o prefeito de S\u00e3o Jos\u00e9 da Laje, Rodrigo Valen\u00e7a (MDB) tem muito a comemorar nesse final de ano. Al\u00e9m de terminar 2019 mantendo os \u00edndices de aprova\u00e7\u00e3o pela popula\u00e7\u00e3o lajense, e a boa avalia\u00e7\u00e3o dos Alagoanos como&#8230;<\/p>\n","protected":false},"author":1,"featured_media":12125,"comment_status":"open","ping_status":"open","sticky":false,"template":"","format":"standard","meta":{"footnotes":""},"categories":[1],"tags":[5],"_links":{"self":[{"href":"http:\/\/www.muricionline.com.br\/novo\/index.php?rest_route=\/wp\/v2\/posts\/12124"}],"collection":[{"href":"http:\/\/www.muricionline.com.br\/novo\/index.php?rest_route=\/wp\/v2\/posts"}],"about":[{"href":"http:\/\/www.muricionline.com.br\/novo\/index.php?rest_route=\/wp\/v2\/types\/post"}],"author":[{"embeddable":true,"href":"http:\/\/www.muricionline.com.br\/novo\/index.php?rest_route=\/wp\/v2\/users\/1"}],"replies":[{"embeddable":true,"href":"http:\/\/www.muricionline.com.br\/novo\/index.php?rest_route=%2Fwp%2Fv2%2Fcomments&post=12124"}],"version-history":[{"count":1,"href":"http:\/\/www.muricionline.com.br\/novo\/index.php?rest_route=\/wp\/v2\/posts\/12124\/revisions"}],"predecessor-version":[{"id":12127,"href":"http:\/\/www.muricionline.com.br\/novo\/index.php?rest_route=\/wp\/v2\/posts\/12124\/revisions\/12127"}],"wp:featuredmedia":[{"embeddable":true,"href":"http:\/\/www.muricionline.com.br\/novo\/index.php?rest_route=\/wp\/v2\/media\/12125"}],"wp:attachment":[{"href":"http:\/\/www.muricionline.com.br\/novo\/index.php?rest_route=%2Fwp%2Fv2%2Fmedia&parent=12124"}],"wp:term":[{"taxonomy":"category","embeddable":true,"href":"http:\/\/www.muricionline.com.br\/novo\/index.php?rest_route=%2Fwp%2Fv2%2Fcategories&post=12124"},{"taxonomy":"post_tag","embeddable":true,"href":"http:\/\/www.muricionline.com.br\/novo\/index.php?rest_route=%2Fwp%2Fv2%2Ftags&post=12124"}],"curies":[{"name":"wp","href":"https:\/\/api.w.org\/{rel}","templated":true}]}}