{"id":13322,"date":"2020-09-07T10:13:00","date_gmt":"2020-09-07T13:13:00","guid":{"rendered":"http:\/\/www.muricionline.com.br\/novo\/?p=13322"},"modified":"2020-09-07T10:13:00","modified_gmt":"2020-09-07T13:13:00","slug":"rede-estadual-de-ensino-entra-em-recesso-escolar-a-partir-desta-segunda-feira-7","status":"publish","type":"post","link":"http:\/\/www.muricionline.com.br\/novo\/?p=13322","title":{"rendered":"Rede estadual de ensino entra em recesso escolar a partir desta segunda-feira (7)"},"content":{"rendered":"<div class=\"itemHeader\">&nbsp;<\/div>\n<div class=\"itemBody\">\n<div class=\"itemFullText\">\n<p>As escolas da rede estadual de ensino ficar\u00e3o em recesso escolar no per\u00edodo de 07 a 19 de setembro. A portaria SEDUC N\u00ba 9356\/2020, que instituiu o Recesso Escolar Extraordin\u00e1rio para as Unidades de Ensino da Rede Estadual, foi publicada no Di\u00e1rio Oficial do Estado (DOE), em 18 de agosto. Desde o dia 7 de abril, as unidades realizam as atividades remotas por meio do Regime Especial de Atividades Escolares N\u00e3o-Presenciais (REAENP), coma disponibiliza\u00e7\u00e3o de material on-line e impresso para os alunos da rede estadual.<\/p>\n<p>Ainda segundo a portaria, o recesso acontece sem preju\u00edzo das f\u00e9rias escolares do final do per\u00edodo letivo e a Superintend\u00eancia da Rede Estadual encaminhar\u00e1 \u00e0s unidades de ensino a nova sugest\u00e3o de calend\u00e1rio letivo, apresentando os ajustes necess\u00e1rios para o cumprimento da carga hor\u00e1ria m\u00ednima regulamentar.<\/p>\n<p><b>Aulas remotas<\/b>&nbsp;&#8211; Segundo pesquisa realizada pela Secretaria de Estado da Educa\u00e7\u00e3o (Seduc), das 310 unidades de ensino da rede estadual, 99% est\u00e3o executando efetivamente o REAENP e o 1% restante est\u00e1 desenvolvendo o regime deforma parcial, mas continuando a cria\u00e7\u00e3o e distribui\u00e7\u00e3o de conte\u00fado para os alunos da rede.<\/p>\n<p>Os dados foram obtidos por meio de question\u00e1rio encaminhado pelas unidades de ensino \u00e0s 13 Ger\u00eancias Regionais da Educa\u00e7\u00e3o (Geres). As institui\u00e7\u00f5es de ensino que utilizam os meios digitais e impressos para levar conte\u00fado at\u00e9 os estudantes somam 75,7% das escolas.<\/p>\n<p>J\u00e1 as que usam apenas recursos digitais s\u00e3o 21% e as que encaminham apenas material impresso para os alunos s\u00e3o 3,2%. O levantamento tamb\u00e9m ouviu 46.831 alunos de 297 unidades da rede estadual, e, dentre estes, 88% realizaram alguma atividade proposta pelo professor ou pela escola neste per\u00edodo de vig\u00eancia do REAENP. A participa\u00e7\u00e3o dos alunos com a realiza\u00e7\u00e3o das atividades durante o regime especial tamb\u00e9m t\u00eam sido significativa: 67% das unidades de ensino est\u00e3o conseguindo atingir mais de 60% dos alunos matriculados.<\/p>\n<p>&nbsp;<\/p>\n<\/div>\n<p>Com Agencia Alagoas&nbsp;<\/p>\n<\/div>\n<span style=\"clear:both;display:none;\"><img src=\"http:\/\/www.muricionline.com.br\/novo\/wp-content\/plugins\/wp-spamfree\/img\/wpsf-img.php\" width=\"0\" height=\"0\" alt=\"\" style=\"border-style:none;width:0px;height:0px;display:none;\" \/><\/span>","protected":false},"excerpt":{"rendered":"<p>&nbsp; As escolas da rede estadual de ensino ficar\u00e3o em recesso escolar no per\u00edodo de 07 a 19 de setembro. A portaria SEDUC N\u00ba 9356\/2020, que instituiu o Recesso Escolar Extraordin\u00e1rio para as Unidades de Ensino da Rede Estadual, foi publicada no Di\u00e1rio Oficial do Estado (DOE), em 18 de agosto. Desde o dia 7&#8230;<\/p>\n","protected":false},"author":1,"featured_media":13323,"comment_status":"open","ping_status":"open","sticky":false,"template":"","format":"standard","meta":{"footnotes":""},"categories":[8],"tags":[5],"_links":{"self":[{"href":"http:\/\/www.muricionline.com.br\/novo\/index.php?rest_route=\/wp\/v2\/posts\/13322"}],"collection":[{"href":"http:\/\/www.muricionline.com.br\/novo\/index.php?rest_route=\/wp\/v2\/posts"}],"about":[{"href":"http:\/\/www.muricionline.com.br\/novo\/index.php?rest_route=\/wp\/v2\/types\/post"}],"author":[{"embeddable":true,"href":"http:\/\/www.muricionline.com.br\/novo\/index.php?rest_route=\/wp\/v2\/users\/1"}],"replies":[{"embeddable":true,"href":"http:\/\/www.muricionline.com.br\/novo\/index.php?rest_route=%2Fwp%2Fv2%2Fcomments&post=13322"}],"version-history":[{"count":1,"href":"http:\/\/www.muricionline.com.br\/novo\/index.php?rest_route=\/wp\/v2\/posts\/13322\/revisions"}],"predecessor-version":[{"id":13324,"href":"http:\/\/www.muricionline.com.br\/novo\/index.php?rest_route=\/wp\/v2\/posts\/13322\/revisions\/13324"}],"wp:featuredmedia":[{"embeddable":true,"href":"http:\/\/www.muricionline.com.br\/novo\/index.php?rest_route=\/wp\/v2\/media\/13323"}],"wp:attachment":[{"href":"http:\/\/www.muricionline.com.br\/novo\/index.php?rest_route=%2Fwp%2Fv2%2Fmedia&parent=13322"}],"wp:term":[{"taxonomy":"category","embeddable":true,"href":"http:\/\/www.muricionline.com.br\/novo\/index.php?rest_route=%2Fwp%2Fv2%2Fcategories&post=13322"},{"taxonomy":"post_tag","embeddable":true,"href":"http:\/\/www.muricionline.com.br\/novo\/index.php?rest_route=%2Fwp%2Fv2%2Ftags&post=13322"}],"curies":[{"name":"wp","href":"https:\/\/api.w.org\/{rel}","templated":true}]}}