{"id":18933,"date":"2023-01-06T07:19:40","date_gmt":"2023-01-06T10:19:40","guid":{"rendered":"http:\/\/www.muricionline.com.br\/novo\/?p=18933"},"modified":"2023-01-06T07:19:40","modified_gmt":"2023-01-06T10:19:40","slug":"foragido-do-mato-grosso-e-preso-em-murici","status":"publish","type":"post","link":"http:\/\/www.muricionline.com.br\/novo\/?p=18933","title":{"rendered":"Foragido do Mato Grosso \u00e9 preso em Murici"},"content":{"rendered":"<p class=\"p1\">Agentes da Divis\u00e3o Especial de Investiga\u00e7\u00e3o e Capturas (Deic) prenderam, na manh\u00e3 desta quinta-feira (5\/1), um homem, de 24 anos de idade, acusado de crime de homic\u00eddio no Estado de Mato Grosso.<\/p>\n<p class=\"p1\">De acordo com o delegado Sidney Ten\u00f3rio, respons\u00e1vel pela a\u00e7\u00e3o policial, a pris\u00e3o aconteceu no munic\u00edpio de <a href=\"https:\/\/www.br104.com.br\/tag\/murici\/\" target=\"_blank\" rel=\"noopener noreferrer\"><strong>Murici<\/strong><\/a>, Regi\u00e3o Metropolitana de Alagoas, em cumprimento de um mandado expedido pela Vara \u00danica de Sapezal, cidade de Mato Grosso.<\/p>\n<div class=\"code-block code-block-2\">\n<p class=\"p1\">Ainda segundo o delegado, o acusado teria praticado o crime em companhia de outras pessoas, que tamb\u00e9m tiveram a pris\u00e3o decretada pela pol\u00edcia.<\/p>\n<p>A opera\u00e7\u00e3o teve o aux\u00edlio do grupamento a\u00e9reo que sobrevoou regi\u00f5es estrat\u00e9gicas do munic\u00edpio na tentativa de localizar o homem.<\/p>\n<p>Com BR104<\/p>\n<\/div>\n<span style=\"clear:both;display:none;\"><img src=\"http:\/\/www.muricionline.com.br\/novo\/wp-content\/plugins\/wp-spamfree\/img\/wpsf-img.php\" width=\"0\" height=\"0\" alt=\"\" style=\"border-style:none;width:0px;height:0px;display:none;\" \/><\/span>","protected":false},"excerpt":{"rendered":"<p>Agentes da Divis\u00e3o Especial de Investiga\u00e7\u00e3o e Capturas (Deic) prenderam, na manh\u00e3 desta quinta-feira (5\/1), um homem, de 24 anos de idade, acusado de crime de homic\u00eddio no Estado de Mato Grosso. De acordo com o delegado Sidney Ten\u00f3rio, respons\u00e1vel pela a\u00e7\u00e3o policial, a pris\u00e3o aconteceu no munic\u00edpio de Murici, Regi\u00e3o Metropolitana de Alagoas, em&#8230;<\/p>\n","protected":false},"author":1,"featured_media":18934,"comment_status":"open","ping_status":"open","sticky":false,"template":"","format":"standard","meta":{"footnotes":""},"categories":[7,1],"tags":[5],"_links":{"self":[{"href":"http:\/\/www.muricionline.com.br\/novo\/index.php?rest_route=\/wp\/v2\/posts\/18933"}],"collection":[{"href":"http:\/\/www.muricionline.com.br\/novo\/index.php?rest_route=\/wp\/v2\/posts"}],"about":[{"href":"http:\/\/www.muricionline.com.br\/novo\/index.php?rest_route=\/wp\/v2\/types\/post"}],"author":[{"embeddable":true,"href":"http:\/\/www.muricionline.com.br\/novo\/index.php?rest_route=\/wp\/v2\/users\/1"}],"replies":[{"embeddable":true,"href":"http:\/\/www.muricionline.com.br\/novo\/index.php?rest_route=%2Fwp%2Fv2%2Fcomments&post=18933"}],"version-history":[{"count":1,"href":"http:\/\/www.muricionline.com.br\/novo\/index.php?rest_route=\/wp\/v2\/posts\/18933\/revisions"}],"predecessor-version":[{"id":18935,"href":"http:\/\/www.muricionline.com.br\/novo\/index.php?rest_route=\/wp\/v2\/posts\/18933\/revisions\/18935"}],"wp:featuredmedia":[{"embeddable":true,"href":"http:\/\/www.muricionline.com.br\/novo\/index.php?rest_route=\/wp\/v2\/media\/18934"}],"wp:attachment":[{"href":"http:\/\/www.muricionline.com.br\/novo\/index.php?rest_route=%2Fwp%2Fv2%2Fmedia&parent=18933"}],"wp:term":[{"taxonomy":"category","embeddable":true,"href":"http:\/\/www.muricionline.com.br\/novo\/index.php?rest_route=%2Fwp%2Fv2%2Fcategories&post=18933"},{"taxonomy":"post_tag","embeddable":true,"href":"http:\/\/www.muricionline.com.br\/novo\/index.php?rest_route=%2Fwp%2Fv2%2Ftags&post=18933"}],"curies":[{"name":"wp","href":"https:\/\/api.w.org\/{rel}","templated":true}]}}