{"id":18937,"date":"2023-01-06T15:07:24","date_gmt":"2023-01-06T18:07:24","guid":{"rendered":"http:\/\/www.muricionline.com.br\/novo\/?p=18937"},"modified":"2023-01-06T15:07:24","modified_gmt":"2023-01-06T18:07:24","slug":"prefeita-de-santana-recebe-relatorio-das-atividades-desenvolvidas-pela-saude-em-2022","status":"publish","type":"post","link":"http:\/\/www.muricionline.com.br\/novo\/?p=18937","title":{"rendered":"Prefeita de Santana recebe relat\u00f3rio das atividades desenvolvidas pela Sa\u00fade em 2022"},"content":{"rendered":"<p>A prefeita de Santana do Ipanema, Christiane Bulh\u00f5es, recebeu a visita da secret\u00e1ria de Sa\u00fade, Sibele Arroxelas, que apresentou os relat\u00f3rios das atividades desenvolvidas pela Sa\u00fade em 2022. A reuni\u00e3o aconteceu na tarde desta quinta-feira (5), no gabinete da Prefeitura.<\/p>\n<p>Os resultados foram divididas por \u00e1reas como aten\u00e7\u00e3o b\u00e1sica, m\u00e9dia complexidade e vigil\u00e2ncia em sa\u00fade. Uma programa\u00e7\u00e3o das a\u00e7\u00f5es previstas para 2023 tamb\u00e9m foi apresentada.<\/p>\n<p>Sa\u00fade \u00e9 prioridade no Governo de Confian\u00e7a e ter\u00e1 sempre aten\u00e7\u00e3o especial na gest\u00e3o da prefeita Christiane Bulh\u00f5es, que busca sempre melhorar os servi\u00e7os ofertados \u00e0 popula\u00e7\u00e3o.<\/p>\n<p>\u201dTrabalhamos muito, avan\u00e7amos ainda mais e podem ter certeza que seguiremos trabalhando para garantir uma sa\u00fade de qualidade a todos os santanenses\u201d, comentou a prefeita.<\/p>\n<p>&nbsp;<\/p>\n<p>Com Assessoria&nbsp;<\/p>\n<span style=\"clear:both;display:none;\"><img src=\"http:\/\/www.muricionline.com.br\/novo\/wp-content\/plugins\/wp-spamfree\/img\/wpsf-img.php\" width=\"0\" height=\"0\" alt=\"\" style=\"border-style:none;width:0px;height:0px;display:none;\" \/><\/span>","protected":false},"excerpt":{"rendered":"<p>A prefeita de Santana do Ipanema, Christiane Bulh\u00f5es, recebeu a visita da secret\u00e1ria de Sa\u00fade, Sibele Arroxelas, que apresentou os relat\u00f3rios das atividades desenvolvidas pela Sa\u00fade em 2022. A reuni\u00e3o aconteceu na tarde desta quinta-feira (5), no gabinete da Prefeitura. Os resultados foram divididas por \u00e1reas como aten\u00e7\u00e3o b\u00e1sica, m\u00e9dia complexidade e vigil\u00e2ncia em sa\u00fade&#8230;.<\/p>\n","protected":false},"author":1,"featured_media":18938,"comment_status":"open","ping_status":"open","sticky":false,"template":"","format":"standard","meta":{"footnotes":""},"categories":[1],"tags":[],"_links":{"self":[{"href":"http:\/\/www.muricionline.com.br\/novo\/index.php?rest_route=\/wp\/v2\/posts\/18937"}],"collection":[{"href":"http:\/\/www.muricionline.com.br\/novo\/index.php?rest_route=\/wp\/v2\/posts"}],"about":[{"href":"http:\/\/www.muricionline.com.br\/novo\/index.php?rest_route=\/wp\/v2\/types\/post"}],"author":[{"embeddable":true,"href":"http:\/\/www.muricionline.com.br\/novo\/index.php?rest_route=\/wp\/v2\/users\/1"}],"replies":[{"embeddable":true,"href":"http:\/\/www.muricionline.com.br\/novo\/index.php?rest_route=%2Fwp%2Fv2%2Fcomments&post=18937"}],"version-history":[{"count":1,"href":"http:\/\/www.muricionline.com.br\/novo\/index.php?rest_route=\/wp\/v2\/posts\/18937\/revisions"}],"predecessor-version":[{"id":18939,"href":"http:\/\/www.muricionline.com.br\/novo\/index.php?rest_route=\/wp\/v2\/posts\/18937\/revisions\/18939"}],"wp:featuredmedia":[{"embeddable":true,"href":"http:\/\/www.muricionline.com.br\/novo\/index.php?rest_route=\/wp\/v2\/media\/18938"}],"wp:attachment":[{"href":"http:\/\/www.muricionline.com.br\/novo\/index.php?rest_route=%2Fwp%2Fv2%2Fmedia&parent=18937"}],"wp:term":[{"taxonomy":"category","embeddable":true,"href":"http:\/\/www.muricionline.com.br\/novo\/index.php?rest_route=%2Fwp%2Fv2%2Fcategories&post=18937"},{"taxonomy":"post_tag","embeddable":true,"href":"http:\/\/www.muricionline.com.br\/novo\/index.php?rest_route=%2Fwp%2Fv2%2Ftags&post=18937"}],"curies":[{"name":"wp","href":"https:\/\/api.w.org\/{rel}","templated":true}]}}