{"id":18941,"date":"2023-01-07T16:36:34","date_gmt":"2023-01-07T19:36:34","guid":{"rendered":"http:\/\/www.muricionline.com.br\/novo\/?p=18941"},"modified":"2023-01-07T16:37:04","modified_gmt":"2023-01-07T19:37:04","slug":"18941","status":"publish","type":"post","link":"http:\/\/www.muricionline.com.br\/novo\/?p=18941","title":{"rendered":"Prefeita Christiane Bulh\u00f5es busca melhorias para Santana em reuni\u00e3o com o governador Paulo Dantas"},"content":{"rendered":"<p>A sexta-feira (6), foi marcada por uma importante reuni\u00e7\u00e3o para tratar das demandas do povo santanense. A prefeita de Santana do Ipanema, Christiane Bulh\u00f5es e os secret\u00e1rios Marcelo Melo e Renilde Bulh\u00f5es se reuniram com o governador de Alagoas, Paulo Dantas e com a primeira-dama Marina Dantas para tratar de investimentos para o munic\u00edpio e fortalecer ainda mais a parceria com o Governo do Estado.<\/p>\n<p>As pautas tratadas na reuni\u00e3o foram: Obras do Centro Integrado de Seguran\u00e7a P\u00fablica (CISP); Programa Minha Cidade Linda; Constru\u00e7\u00e3o de mais uma Creche do Cria \u2013 Programa Crian\u00e7a Alagoana CRIA; Fortalecimento das parcerias com a Universidade Estadual de Alagoas (UNEAL), Instituto Federal de Alagoas (IFAL) e o Hospital Regional Dr. Clodolfo Rodrigues de Melo (HRCRM); entre outros assuntos.<\/p>\n<p>\u201cAgrade\u00e7o ao governador pela disponibilidade, parceria e olhar atento \u00e0s necessidades da nossa terra. Tenho certeza que Santana do Ipanema ir\u00e1 avan\u00e7ar ainda mais nos pr\u00f3ximos 4 anos\u201d, escreveu a prefeita nas redes sociais.<\/p>\n<p>&nbsp;<\/p>\n<p>Com Assessoria&nbsp;<\/p>\n<span style=\"clear:both;display:none;\"><img src=\"http:\/\/www.muricionline.com.br\/novo\/wp-content\/plugins\/wp-spamfree\/img\/wpsf-img.php\" width=\"0\" height=\"0\" alt=\"\" style=\"border-style:none;width:0px;height:0px;display:none;\" \/><\/span>","protected":false},"excerpt":{"rendered":"<p>A sexta-feira (6), foi marcada por uma importante reuni\u00e7\u00e3o para tratar das demandas do povo santanense. A prefeita de Santana do Ipanema, Christiane Bulh\u00f5es e os secret\u00e1rios Marcelo Melo e Renilde Bulh\u00f5es se reuniram com o governador de Alagoas, Paulo Dantas e com a primeira-dama Marina Dantas para tratar de investimentos para o munic\u00edpio e&#8230;<\/p>\n","protected":false},"author":1,"featured_media":18942,"comment_status":"open","ping_status":"open","sticky":false,"template":"","format":"standard","meta":{"footnotes":""},"categories":[7,1],"tags":[],"_links":{"self":[{"href":"http:\/\/www.muricionline.com.br\/novo\/index.php?rest_route=\/wp\/v2\/posts\/18941"}],"collection":[{"href":"http:\/\/www.muricionline.com.br\/novo\/index.php?rest_route=\/wp\/v2\/posts"}],"about":[{"href":"http:\/\/www.muricionline.com.br\/novo\/index.php?rest_route=\/wp\/v2\/types\/post"}],"author":[{"embeddable":true,"href":"http:\/\/www.muricionline.com.br\/novo\/index.php?rest_route=\/wp\/v2\/users\/1"}],"replies":[{"embeddable":true,"href":"http:\/\/www.muricionline.com.br\/novo\/index.php?rest_route=%2Fwp%2Fv2%2Fcomments&post=18941"}],"version-history":[{"count":2,"href":"http:\/\/www.muricionline.com.br\/novo\/index.php?rest_route=\/wp\/v2\/posts\/18941\/revisions"}],"predecessor-version":[{"id":18944,"href":"http:\/\/www.muricionline.com.br\/novo\/index.php?rest_route=\/wp\/v2\/posts\/18941\/revisions\/18944"}],"wp:featuredmedia":[{"embeddable":true,"href":"http:\/\/www.muricionline.com.br\/novo\/index.php?rest_route=\/wp\/v2\/media\/18942"}],"wp:attachment":[{"href":"http:\/\/www.muricionline.com.br\/novo\/index.php?rest_route=%2Fwp%2Fv2%2Fmedia&parent=18941"}],"wp:term":[{"taxonomy":"category","embeddable":true,"href":"http:\/\/www.muricionline.com.br\/novo\/index.php?rest_route=%2Fwp%2Fv2%2Fcategories&post=18941"},{"taxonomy":"post_tag","embeddable":true,"href":"http:\/\/www.muricionline.com.br\/novo\/index.php?rest_route=%2Fwp%2Fv2%2Ftags&post=18941"}],"curies":[{"name":"wp","href":"https:\/\/api.w.org\/{rel}","templated":true}]}}