{"id":18945,"date":"2023-01-08T12:29:13","date_gmt":"2023-01-08T15:29:13","guid":{"rendered":"http:\/\/www.muricionline.com.br\/novo\/?p=18945"},"modified":"2023-01-08T12:31:27","modified_gmt":"2023-01-08T15:31:27","slug":"morre-roberto-dinamite-maior-idolo-da-historia-do-vasco-da-gama","status":"publish","type":"post","link":"http:\/\/www.muricionline.com.br\/novo\/?p=18945","title":{"rendered":"Morre Roberto Dinamite, maior \u00eddolo da hist\u00f3ria do Vasco da Gama"},"content":{"rendered":"<div id=\"chunk-2l1dd\">\n<div class=\"mc-column content-text active-extra-styles \" data-block-type=\"unstyled\" data-block-weight=\"40\" data-block-id=\"3\">\n<p class=\"content-text__container \" data-track-category=\"Link no Texto\" data-track-links=\"\">Morreu na manh\u00e3 deste domingo (8), o ex-jogador Roberto Dinamite, considerado o maior \u00eddolo da hist\u00f3ria do Vasco da Gama. Ele vinha realizando tratamento contra um tumor no intestino desde o final de 2021. A informa\u00e7\u00e3o foi confirmada pelo <a href=\"https:\/\/ge.globo.com\/futebol\/times\/vasco\/noticia\/2023\/01\/08\/morre-roberto-dinamite-aos-68-anos.ghtml\">ge<\/a>.<\/p>\n<\/div>\n<\/div>\n<div class=\"wall protected-content\">\n<div id=\"chunk-dg279\">\n<div class=\"mc-column content-text active-extra-styles \" data-block-type=\"unstyled\" data-block-weight=\"25\" data-block-id=\"4\">\n<p class=\"content-text__container \" data-track-category=\"Link no Texto\" data-track-links=\"\">Roberto teve uma piora no quadro e foi internado no s\u00e1bado (7) no Hospital Unimed, na Barra da Tijuca, na Zona Oeste do Rio.<\/p>\n<\/div>\n<\/div>\n<div id=\"chunk-e9q17\">\n<div class=\"mc-column content-text active-extra-styles \" data-block-type=\"unstyled\" data-block-weight=\"66\" data-block-id=\"5\">\n<p class=\"content-text__container \" data-track-category=\"Link no Texto\" data-track-links=\"\">Carlos Roberto Gama de Oliveira nasceu em 13 de abril de 1954, em Duque de Caxias, na Baixada Fluminense. O apelido que marcou a carreira foi dado em 1971, ap\u00f3s marcar o primeiro gol pelo Vasco em uma vit\u00f3ria por 2 a 0 sobre o Internacional. A manchete do Jornal dos Sports do dia seguinte foi a certid\u00e3o de batismo: \u201cGaroto-dinamite explodiu\u201d. Ele tinha 17 anos.<\/p>\n<div id=\"chunk-fn18o\">\n<div class=\"mc-column content-text active-extra-styles \" data-block-type=\"unstyled\" data-block-weight=\"28\" data-block-id=\"8\">\n<p class=\"content-text__container \" data-track-category=\"Link no Texto\" data-track-links=\"\">No total, Roberto marcou 708 gols pelo Vasco. Com o clube, ele conquistou um Campeonato Brasileiro (1974) e cinco Campeonatos Cariocas (1977, 1982, 1987, 1988 e 1992).<\/p>\n<\/div>\n<\/div>\n<div id=\"chunk-mmu1\">\n<div class=\"mc-column content-text active-extra-styles \" data-block-type=\"unstyled\" data-block-weight=\"19\" data-block-id=\"9\">\n<p class=\"content-text__container \" data-track-category=\"Link no Texto\" data-track-links=\"\">Roberto Dinamite jogou pelo Barcelona, na Espanha, e teve passagens pela Portuguesa e pelo Campo Grande, no Brasil.<\/p>\n<\/div>\n<\/div>\n<div id=\"chunk-fk179\">\n<div class=\"mc-column content-text active-extra-styles \" data-block-type=\"unstyled\" data-block-weight=\"63\" data-block-id=\"10\">\n<p class=\"content-text__container \" data-track-category=\"Link no Texto\" data-track-links=\"\">O ex-jogador foi eleito presidente do Vasco em 2008 e teve que lidar com o rebaixamento do clube. No ano seguinte, a equipe conquistou o t\u00edtulo da S\u00e9rie B do Brasileir\u00e3o, e em 2011 alcan\u00e7ou o in\u00e9dito t\u00edtulo da Copa do Brasil. Em 2013, entretanto, o Vasco caiu novamente para a Segunda Divis\u00e3o, e Roberto encerrou seu segundo mandato no ano seguinte.<\/p>\n<\/div>\n<\/div>\n<div id=\"chunk-3iha2\">\n<div class=\"mc-column content-text active-extra-styles \" data-block-type=\"unstyled\" data-block-weight=\"44\" data-block-id=\"11\">\n<p class=\"content-text__container \" data-track-category=\"Link no Texto\" data-track-links=\"\">Mesmo com a sa\u00edda, ele sempre esteve presente no clube. Em 2021, ele ganhou uma est\u00e1tua na sede do clube, em S\u00e3o Janu\u00e1rio. O valor arrecadado para a homenagem, R$ 190 mil, foi reunido em menos de seis horas entre os torcedores do clube.<\/p>\n<p data-track-category=\"Link no Texto\" data-track-links=\"\">&nbsp;<\/p>\n<\/div>\n<\/div>\n<p>Com Assessoria&nbsp;<\/p>\n<\/div>\n<\/div>\n<\/div>\n<span style=\"clear:both;display:none;\"><img src=\"http:\/\/www.muricionline.com.br\/novo\/wp-content\/plugins\/wp-spamfree\/img\/wpsf-img.php\" width=\"0\" height=\"0\" alt=\"\" style=\"border-style:none;width:0px;height:0px;display:none;\" \/><\/span>","protected":false},"excerpt":{"rendered":"<p>Morreu na manh\u00e3 deste domingo (8), o ex-jogador Roberto Dinamite, considerado o maior \u00eddolo da hist\u00f3ria do Vasco da Gama. Ele vinha realizando tratamento contra um tumor no intestino desde o final de 2021. A informa\u00e7\u00e3o foi confirmada pelo ge. Roberto teve uma piora no quadro e foi internado no s\u00e1bado (7) no Hospital Unimed,&#8230;<\/p>\n","protected":false},"author":1,"featured_media":18946,"comment_status":"open","ping_status":"open","sticky":false,"template":"","format":"standard","meta":{"footnotes":""},"categories":[9,1],"tags":[],"_links":{"self":[{"href":"http:\/\/www.muricionline.com.br\/novo\/index.php?rest_route=\/wp\/v2\/posts\/18945"}],"collection":[{"href":"http:\/\/www.muricionline.com.br\/novo\/index.php?rest_route=\/wp\/v2\/posts"}],"about":[{"href":"http:\/\/www.muricionline.com.br\/novo\/index.php?rest_route=\/wp\/v2\/types\/post"}],"author":[{"embeddable":true,"href":"http:\/\/www.muricionline.com.br\/novo\/index.php?rest_route=\/wp\/v2\/users\/1"}],"replies":[{"embeddable":true,"href":"http:\/\/www.muricionline.com.br\/novo\/index.php?rest_route=%2Fwp%2Fv2%2Fcomments&post=18945"}],"version-history":[{"count":2,"href":"http:\/\/www.muricionline.com.br\/novo\/index.php?rest_route=\/wp\/v2\/posts\/18945\/revisions"}],"predecessor-version":[{"id":18948,"href":"http:\/\/www.muricionline.com.br\/novo\/index.php?rest_route=\/wp\/v2\/posts\/18945\/revisions\/18948"}],"wp:featuredmedia":[{"embeddable":true,"href":"http:\/\/www.muricionline.com.br\/novo\/index.php?rest_route=\/wp\/v2\/media\/18946"}],"wp:attachment":[{"href":"http:\/\/www.muricionline.com.br\/novo\/index.php?rest_route=%2Fwp%2Fv2%2Fmedia&parent=18945"}],"wp:term":[{"taxonomy":"category","embeddable":true,"href":"http:\/\/www.muricionline.com.br\/novo\/index.php?rest_route=%2Fwp%2Fv2%2Fcategories&post=18945"},{"taxonomy":"post_tag","embeddable":true,"href":"http:\/\/www.muricionline.com.br\/novo\/index.php?rest_route=%2Fwp%2Fv2%2Ftags&post=18945"}],"curies":[{"name":"wp","href":"https:\/\/api.w.org\/{rel}","templated":true}]}}