{"id":18964,"date":"2023-01-10T11:45:04","date_gmt":"2023-01-10T14:45:04","guid":{"rendered":"http:\/\/www.muricionline.com.br\/novo\/?p=18964"},"modified":"2023-01-10T11:45:04","modified_gmt":"2023-01-10T14:45:04","slug":"pms-alagoanos-embarcam-para-reforcar-seguranca-em-brasilia","status":"publish","type":"post","link":"http:\/\/www.muricionline.com.br\/novo\/?p=18964","title":{"rendered":"PMs alagoanos embarcam para refor\u00e7ar seguran\u00e7a em Bras\u00edlia"},"content":{"rendered":"<p>Policiais militares de Alagoas embarcaram nesta segunda-feira (9), em um avi\u00e3o da For\u00e7a A\u00e9rea Brasileira (FAB), para refor\u00e7ar a seguran\u00e7a em Bras\u00edlia. Quarenta deles embarcaram no per\u00edodo da manh\u00e3, no Aeroporto Zumbi dos Palmares, e o restante segue viagem no final da tarde, devido \u00e0 capacidade da aeronave.<\/p>\n<p>&nbsp;<img decoding=\"async\" src=\"http:\/\/alagoas.al.gov.br\/imagens\/conteudos\/7d172928c22face1198e4c1a2c9857fb\/\/09012023%20PM%20Embarque%20Brasilia%20(PF)%20-42%20interna.jpg\"><\/p>\n<p>A determina\u00e7\u00e3o de envio da tropa a Bras\u00edlia foi do governador Paulo Dantas, depois dos atos de terrorismo praticados por bolsonaristas, em Bras\u00edlia, que invadiram e destru\u00edram os pr\u00e9dios do Congresso Nacional, Pal\u00e1cio da Alvorada e a sede do Supremo Tribunal Federal (STF) na tarde do domingo (8).<\/p>\n<p>&nbsp;<\/p>\n<p>O comandante da PMAL, coronel Paulo Amorim, afirmou que os policiais militares alagoanos v\u00e3o se juntar \u00e0s for\u00e7as de seguran\u00e7a de outros estados. &#8220;N\u00e3o h\u00e1 prazo para que eles fiquem em Bras\u00edlia&#8221;, informou o comandante. &#8220;Eles ficar\u00e3o \u00e0 disposi\u00e7\u00e3o do Minist\u00e9rio da Justi\u00e7a e da For\u00e7a Nacional at\u00e9 que seja normalizada a ordem p\u00fablica na capital federal&#8221;, informou.<\/p>\n<p>&nbsp;<img decoding=\"async\" src=\"http:\/\/alagoas.al.gov.br\/imagens\/conteudos\/7d172928c22face1198e4c1a2c9857fb\/\/09012023%20PM%20Embarque%20Brasilia%20(PF)%20interna.jpg\"><\/p>\n<p>A maioria dos militares, segundo Paulo Amorim, se apresentou voluntariamente para a miss\u00e3o e comp\u00f5em unidades como Batalh\u00e3o de Opera\u00e7\u00f5es Especiais (Bope), Policiamento Rodovi\u00e1rio, Ambiental, Companhia Independente e o 11\u00b0 Batalh\u00e3o de Penedo<\/p>\n<p>&nbsp;<\/p>\n<div id=\"grid\" class=\"mt-0 pt-0 gallery-isotope default-animation-effect grid-5 gutter masonry clearfix\">\n<div class=\"gallery-item gallery-item-sizer\">&nbsp;<\/div>\n<div class=\"gallery-item  \">\n<div class=\"box-hover-effect effect-barlin\">\n<div class=\"effect-wrapper\">\n<div class=\"thumb\"><img decoding=\"async\" class=\"img-fullwidth\" src=\"https:\/\/alagoas.al.gov.br\/js\/timthumb.php?src=..\/imagens\/galerias\/ce8e8884cbd1a6c2b04deb068557463c\/09012023%20PM%20Embarque%20Brasilia%20(PF)%20-10.jpg&amp;w=400&amp;h=350\" alt=\"Pei Fon \/ Ag\u00eancia Alagoas\"><\/div>\n<div class=\"overlay-shade bg-theme-colored-transparent-6\">&nbsp;<\/div>\n<div class=\"text-holder text-holder-middle text-center\">\n<div class=\"text_holder_inner\">\n<div class=\"text_holder_inner2\">&nbsp;<\/div>\n<\/div>\n<\/div>\n<p><a class=\"hover-link\" style=\"box-sizing: border-box; text-decoration: none; -webkit-font-smoothing: antialiased; outline: 0px; inset: 0px; display: inline-block; position: absolute; z-index: 13; vertical-align: middle; width: 393px; height: 344px; color: transparent !important; background-image: none !important;\" href=\"https:\/\/alagoas.al.gov.br\/imagens\/galerias\/ce8e8884cbd1a6c2b04deb068557463c\/09012023%20PM%20Embarque%20Brasilia%20(PF)%20-10.jpg\" data-fancybox=\"galeria\" data-caption=\"   <i class='fa fa-camera'><\/i> Pei Fon \/ Ag\u00eancia Alagoas&#8221;>ver<\/a><\/div>\n<div>Com Ag\u00eancia Alagoas&nbsp;<\/div>\n<\/div>\n<\/div>\n<\/div>\n<span style=\"clear:both;display:none;\"><img src=\"http:\/\/www.muricionline.com.br\/novo\/wp-content\/plugins\/wp-spamfree\/img\/wpsf-img.php\" width=\"0\" height=\"0\" alt=\"\" style=\"border-style:none;width:0px;height:0px;display:none;\" \/><\/span>","protected":false},"excerpt":{"rendered":"<p>Policiais militares de Alagoas embarcaram nesta segunda-feira (9), em um avi\u00e3o da For\u00e7a A\u00e9rea Brasileira (FAB), para refor\u00e7ar a seguran\u00e7a em Bras\u00edlia. Quarenta deles embarcaram no per\u00edodo da manh\u00e3, no Aeroporto Zumbi dos Palmares, e o restante segue viagem no final da tarde, devido \u00e0 capacidade da aeronave. &nbsp; A determina\u00e7\u00e3o de envio da tropa&#8230;<\/p>\n","protected":false},"author":1,"featured_media":18965,"comment_status":"open","ping_status":"open","sticky":false,"template":"","format":"standard","meta":{"footnotes":""},"categories":[7,1],"tags":[5],"_links":{"self":[{"href":"http:\/\/www.muricionline.com.br\/novo\/index.php?rest_route=\/wp\/v2\/posts\/18964"}],"collection":[{"href":"http:\/\/www.muricionline.com.br\/novo\/index.php?rest_route=\/wp\/v2\/posts"}],"about":[{"href":"http:\/\/www.muricionline.com.br\/novo\/index.php?rest_route=\/wp\/v2\/types\/post"}],"author":[{"embeddable":true,"href":"http:\/\/www.muricionline.com.br\/novo\/index.php?rest_route=\/wp\/v2\/users\/1"}],"replies":[{"embeddable":true,"href":"http:\/\/www.muricionline.com.br\/novo\/index.php?rest_route=%2Fwp%2Fv2%2Fcomments&post=18964"}],"version-history":[{"count":1,"href":"http:\/\/www.muricionline.com.br\/novo\/index.php?rest_route=\/wp\/v2\/posts\/18964\/revisions"}],"predecessor-version":[{"id":18966,"href":"http:\/\/www.muricionline.com.br\/novo\/index.php?rest_route=\/wp\/v2\/posts\/18964\/revisions\/18966"}],"wp:featuredmedia":[{"embeddable":true,"href":"http:\/\/www.muricionline.com.br\/novo\/index.php?rest_route=\/wp\/v2\/media\/18965"}],"wp:attachment":[{"href":"http:\/\/www.muricionline.com.br\/novo\/index.php?rest_route=%2Fwp%2Fv2%2Fmedia&parent=18964"}],"wp:term":[{"taxonomy":"category","embeddable":true,"href":"http:\/\/www.muricionline.com.br\/novo\/index.php?rest_route=%2Fwp%2Fv2%2Fcategories&post=18964"},{"taxonomy":"post_tag","embeddable":true,"href":"http:\/\/www.muricionline.com.br\/novo\/index.php?rest_route=%2Fwp%2Fv2%2Ftags&post=18964"}],"curies":[{"name":"wp","href":"https:\/\/api.w.org\/{rel}","templated":true}]}}