{"id":18976,"date":"2023-01-12T17:09:22","date_gmt":"2023-01-12T20:09:22","guid":{"rendered":"http:\/\/www.muricionline.com.br\/novo\/?p=18976"},"modified":"2023-01-12T17:09:22","modified_gmt":"2023-01-12T20:09:22","slug":"prefeito-kil-realiza-lancamento-do-maior-programa-de-agricultura-de-uniao","status":"publish","type":"post","link":"http:\/\/www.muricionline.com.br\/novo\/?p=18976","title":{"rendered":"Prefeito Kil realiza lan\u00e7amento do maior programa de Agricultura de Uni\u00e3o"},"content":{"rendered":"<p>A Prefeitura de Uni\u00e3o dos Palmares realizou nesta quinta-feira (12), o lan\u00e7amento oficial do programa For\u00e7a da Terra, que trar\u00e1 um pacote de a\u00e7\u00f5es voltadas ao benef\u00edcio dos nossos trabalhadores do campo.<\/p>\n<p>Com o \u201cFor\u00e7a da Terra\u201d, o prefeito Kil intensifica as a\u00e7\u00f5es para os agricultores no munic\u00edpio.<\/p>\n<p>O programa For\u00e7a da Terra re\u00fane um pacote de a\u00e7\u00f5es da gest\u00e3o Kil para a agricultura, desde a\u00e7\u00f5es que j\u00e1 faziam parte do cronograma de atividades da gest\u00e3, a exemplo de recupera\u00e7\u00e3o de estradas, assist\u00eancia t\u00e9cnica e outras, at\u00e9 a incrementa\u00e7\u00e3o de novas pol\u00edticas p\u00fablicas para o trabalhador do campo, tal como a entrega de kits de equipamentos agr\u00edcolas e incentivo para quita\u00e7\u00e3o de d\u00edvidas.<\/p>\n<p><a href=\"http:\/\/www.muricionline.com.br\/novo\/wp-content\/uploads\/2023\/01\/BFFE8E44-337D-4C22-82BC-46985B07399C.jpeg\"><img loading=\"lazy\" decoding=\"async\" class=\"aligncenter size-full wp-image-18979\" src=\"http:\/\/www.muricionline.com.br\/novo\/wp-content\/uploads\/2023\/01\/BFFE8E44-337D-4C22-82BC-46985B07399C.jpeg\" alt=\"\" width=\"1280\" height=\"853\" srcset=\"http:\/\/www.muricionline.com.br\/novo\/wp-content\/uploads\/2023\/01\/BFFE8E44-337D-4C22-82BC-46985B07399C.jpeg 1280w, http:\/\/www.muricionline.com.br\/novo\/wp-content\/uploads\/2023\/01\/BFFE8E44-337D-4C22-82BC-46985B07399C-300x200.jpeg 300w, http:\/\/www.muricionline.com.br\/novo\/wp-content\/uploads\/2023\/01\/BFFE8E44-337D-4C22-82BC-46985B07399C-768x512.jpeg 768w, http:\/\/www.muricionline.com.br\/novo\/wp-content\/uploads\/2023\/01\/BFFE8E44-337D-4C22-82BC-46985B07399C-800x533.jpeg 800w\" sizes=\"(max-width: 1280px) 100vw, 1280px\" \/><\/a><\/p>\n<p>A primeira regi\u00e3o contemplada pelo programa foi a Serra da Imbira. A solenidade aconteceu na manh\u00e3 desta quinta (12), e foi marcada pela entrega de 30 kits de equipamentos a agricultores e ainda uma opera\u00e7\u00e3o de infraestrutura na localidade, com trator, restroescavadeira e outros maquin\u00e1rios de trabalho.<\/p>\n<p>Estiveram presentes o Prefeito Kil, o vice J\u00fanior Menezes, o Secret\u00e1rio de Agricultura, Sandro Couto, e representantes da gest\u00e3o.<br \/>\nCom o programa, Kil pretende intensificar as a\u00e7\u00f5es na pasta da agricultura em beneficio ao homem do campo e poder estreitar o di\u00e1logo do munic\u00edpio com esse importante segmento econ\u00f4mico e social de Uni\u00e3o.<\/p>\n<p><a href=\"http:\/\/www.muricionline.com.br\/novo\/wp-content\/uploads\/2023\/01\/A9672B28-1EF6-4F88-90BC-01389B0FE1DB.jpeg\"><img loading=\"lazy\" decoding=\"async\" class=\"aligncenter size-full wp-image-18978\" src=\"http:\/\/www.muricionline.com.br\/novo\/wp-content\/uploads\/2023\/01\/A9672B28-1EF6-4F88-90BC-01389B0FE1DB.jpeg\" alt=\"\" width=\"1280\" height=\"853\" srcset=\"http:\/\/www.muricionline.com.br\/novo\/wp-content\/uploads\/2023\/01\/A9672B28-1EF6-4F88-90BC-01389B0FE1DB.jpeg 1280w, http:\/\/www.muricionline.com.br\/novo\/wp-content\/uploads\/2023\/01\/A9672B28-1EF6-4F88-90BC-01389B0FE1DB-300x200.jpeg 300w, http:\/\/www.muricionline.com.br\/novo\/wp-content\/uploads\/2023\/01\/A9672B28-1EF6-4F88-90BC-01389B0FE1DB-768x512.jpeg 768w, http:\/\/www.muricionline.com.br\/novo\/wp-content\/uploads\/2023\/01\/A9672B28-1EF6-4F88-90BC-01389B0FE1DB-800x533.jpeg 800w\" sizes=\"(max-width: 1280px) 100vw, 1280px\" \/><\/a><\/p>\n<p>\u201cVamos avan\u00e7ar muito mais na melhoria dos acessos rurais, na entrega de equipamentos de infraestrutura e na assist\u00eancia ao agricultor que tanto impulsiona nossa economia com sua produ\u00e7\u00e3o\u201d, explica o prefeito. Al\u00e9m disso, o programa visa refor\u00e7ar a parceria com o Governo do Estado para trazer mais benef\u00edcios estruturais para a zona rural.<\/p>\n<p>&nbsp;<\/p>\n<p>Com Assessoria&nbsp;<\/p>\n<span style=\"clear:both;display:none;\"><img src=\"http:\/\/www.muricionline.com.br\/novo\/wp-content\/plugins\/wp-spamfree\/img\/wpsf-img.php\" width=\"0\" height=\"0\" alt=\"\" style=\"border-style:none;width:0px;height:0px;display:none;\" \/><\/span>","protected":false},"excerpt":{"rendered":"<p>A Prefeitura de Uni\u00e3o dos Palmares realizou nesta quinta-feira (12), o lan\u00e7amento oficial do programa For\u00e7a da Terra, que trar\u00e1 um pacote de a\u00e7\u00f5es voltadas ao benef\u00edcio dos nossos trabalhadores do campo. Com o \u201cFor\u00e7a da Terra\u201d, o prefeito Kil intensifica as a\u00e7\u00f5es para os agricultores no munic\u00edpio. O programa For\u00e7a da Terra re\u00fane um&#8230;<\/p>\n","protected":false},"author":1,"featured_media":18977,"comment_status":"open","ping_status":"open","sticky":false,"template":"","format":"standard","meta":{"footnotes":""},"categories":[1],"tags":[5],"_links":{"self":[{"href":"http:\/\/www.muricionline.com.br\/novo\/index.php?rest_route=\/wp\/v2\/posts\/18976"}],"collection":[{"href":"http:\/\/www.muricionline.com.br\/novo\/index.php?rest_route=\/wp\/v2\/posts"}],"about":[{"href":"http:\/\/www.muricionline.com.br\/novo\/index.php?rest_route=\/wp\/v2\/types\/post"}],"author":[{"embeddable":true,"href":"http:\/\/www.muricionline.com.br\/novo\/index.php?rest_route=\/wp\/v2\/users\/1"}],"replies":[{"embeddable":true,"href":"http:\/\/www.muricionline.com.br\/novo\/index.php?rest_route=%2Fwp%2Fv2%2Fcomments&post=18976"}],"version-history":[{"count":1,"href":"http:\/\/www.muricionline.com.br\/novo\/index.php?rest_route=\/wp\/v2\/posts\/18976\/revisions"}],"predecessor-version":[{"id":18980,"href":"http:\/\/www.muricionline.com.br\/novo\/index.php?rest_route=\/wp\/v2\/posts\/18976\/revisions\/18980"}],"wp:featuredmedia":[{"embeddable":true,"href":"http:\/\/www.muricionline.com.br\/novo\/index.php?rest_route=\/wp\/v2\/media\/18977"}],"wp:attachment":[{"href":"http:\/\/www.muricionline.com.br\/novo\/index.php?rest_route=%2Fwp%2Fv2%2Fmedia&parent=18976"}],"wp:term":[{"taxonomy":"category","embeddable":true,"href":"http:\/\/www.muricionline.com.br\/novo\/index.php?rest_route=%2Fwp%2Fv2%2Fcategories&post=18976"},{"taxonomy":"post_tag","embeddable":true,"href":"http:\/\/www.muricionline.com.br\/novo\/index.php?rest_route=%2Fwp%2Fv2%2Ftags&post=18976"}],"curies":[{"name":"wp","href":"https:\/\/api.w.org\/{rel}","templated":true}]}}