{"id":18988,"date":"2023-01-13T15:24:10","date_gmt":"2023-01-13T18:24:10","guid":{"rendered":"http:\/\/www.muricionline.com.br\/novo\/?p=18988"},"modified":"2023-01-13T15:24:10","modified_gmt":"2023-01-13T18:24:10","slug":"com-mais-de-1-milhao-em-investimento-prefeito-kil-autoriza-construcao-de-mais-uma-unidade-de-saude-para-uniao","status":"publish","type":"post","link":"http:\/\/www.muricionline.com.br\/novo\/?p=18988","title":{"rendered":"Com mais de 1 milh\u00e3o em investimento, prefeito Kil autoriza constru\u00e7\u00e3o de mais uma unidade de sa\u00fade para Uni\u00e3o"},"content":{"rendered":"<p>Nesta sexta-feira (13), o prefeito Areski Freitas (Kil) come\u00e7ou o dia assinando a ordem de servi\u00e7o para uma nova Unidade B\u00e1sica dr Sa\u00fade em Uni\u00e3o dos Palmares, desta vez no loteamento Santa Maria Madalena.&nbsp;<\/p>\n<p>A obra que est\u00e1 or\u00e7ada em mais de 1 milh\u00e3o e 100 mil reais de investimento, deve ser entregue nos pr\u00f3ximos meses e contemplar quase 4 mil moradores atendidos na localidade.&nbsp;<br \/>\n<a href=\"http:\/\/www.muricionline.com.br\/novo\/wp-content\/uploads\/2023\/01\/8A295CFC-A84A-4F16-A222-ECB6D01E1437.jpeg\"><img loading=\"lazy\" decoding=\"async\" class=\"aligncenter size-full wp-image-18989\" src=\"http:\/\/www.muricionline.com.br\/novo\/wp-content\/uploads\/2023\/01\/8A295CFC-A84A-4F16-A222-ECB6D01E1437.jpeg\" alt=\"\" width=\"683\" height=\"455\" srcset=\"http:\/\/www.muricionline.com.br\/novo\/wp-content\/uploads\/2023\/01\/8A295CFC-A84A-4F16-A222-ECB6D01E1437.jpeg 683w, http:\/\/www.muricionline.com.br\/novo\/wp-content\/uploads\/2023\/01\/8A295CFC-A84A-4F16-A222-ECB6D01E1437-300x200.jpeg 300w\" sizes=\"(max-width: 683px) 100vw, 683px\" \/><\/a><\/p>\n<p>\u201cNossa sa\u00fade p\u00fablica vem avan\u00e7ando cada vez mais a cada dia, com investimentos em novas unidades de sa\u00fade, refor\u00e7o na frota de ve\u00edculos, uma farm\u00e1cia equipada e um servi\u00e7o de sa\u00fade cada vez mais humanizado\u201d, afirma o gestor.&nbsp;<\/p>\n<p>Ao lado do vice-prefeito Junior Menezes e do secret\u00e1rio de sa\u00fade Petrucio Wanderley, Kil participou da solenidade nesta manh\u00e3 dando o pontap\u00e9 inicial para a obra. Ainda na sexta-feira, o prefeito deve assinar ordem de servi\u00e7o para mais um UBS e um CRAS, no distrito Rocha Cavalcante.<\/p>\n<p>&nbsp;<\/p>\n<p>Com Assessoria&nbsp;<\/p>\n<span style=\"clear:both;display:none;\"><img src=\"http:\/\/www.muricionline.com.br\/novo\/wp-content\/plugins\/wp-spamfree\/img\/wpsf-img.php\" width=\"0\" height=\"0\" alt=\"\" style=\"border-style:none;width:0px;height:0px;display:none;\" \/><\/span>","protected":false},"excerpt":{"rendered":"<p>Nesta sexta-feira (13), o prefeito Areski Freitas (Kil) come\u00e7ou o dia assinando a ordem de servi\u00e7o para uma nova Unidade B\u00e1sica dr Sa\u00fade em Uni\u00e3o dos Palmares, desta vez no loteamento Santa Maria Madalena.&nbsp; A obra que est\u00e1 or\u00e7ada em mais de 1 milh\u00e3o e 100 mil reais de investimento, deve ser entregue nos pr\u00f3ximos&#8230;<\/p>\n","protected":false},"author":1,"featured_media":18990,"comment_status":"open","ping_status":"open","sticky":false,"template":"","format":"standard","meta":{"footnotes":""},"categories":[1],"tags":[5],"_links":{"self":[{"href":"http:\/\/www.muricionline.com.br\/novo\/index.php?rest_route=\/wp\/v2\/posts\/18988"}],"collection":[{"href":"http:\/\/www.muricionline.com.br\/novo\/index.php?rest_route=\/wp\/v2\/posts"}],"about":[{"href":"http:\/\/www.muricionline.com.br\/novo\/index.php?rest_route=\/wp\/v2\/types\/post"}],"author":[{"embeddable":true,"href":"http:\/\/www.muricionline.com.br\/novo\/index.php?rest_route=\/wp\/v2\/users\/1"}],"replies":[{"embeddable":true,"href":"http:\/\/www.muricionline.com.br\/novo\/index.php?rest_route=%2Fwp%2Fv2%2Fcomments&post=18988"}],"version-history":[{"count":1,"href":"http:\/\/www.muricionline.com.br\/novo\/index.php?rest_route=\/wp\/v2\/posts\/18988\/revisions"}],"predecessor-version":[{"id":18991,"href":"http:\/\/www.muricionline.com.br\/novo\/index.php?rest_route=\/wp\/v2\/posts\/18988\/revisions\/18991"}],"wp:featuredmedia":[{"embeddable":true,"href":"http:\/\/www.muricionline.com.br\/novo\/index.php?rest_route=\/wp\/v2\/media\/18990"}],"wp:attachment":[{"href":"http:\/\/www.muricionline.com.br\/novo\/index.php?rest_route=%2Fwp%2Fv2%2Fmedia&parent=18988"}],"wp:term":[{"taxonomy":"category","embeddable":true,"href":"http:\/\/www.muricionline.com.br\/novo\/index.php?rest_route=%2Fwp%2Fv2%2Fcategories&post=18988"},{"taxonomy":"post_tag","embeddable":true,"href":"http:\/\/www.muricionline.com.br\/novo\/index.php?rest_route=%2Fwp%2Fv2%2Ftags&post=18988"}],"curies":[{"name":"wp","href":"https:\/\/api.w.org\/{rel}","templated":true}]}}