{"id":18992,"date":"2023-01-15T07:22:22","date_gmt":"2023-01-15T10:22:22","guid":{"rendered":"http:\/\/www.muricionline.com.br\/novo\/?p=18992"},"modified":"2023-01-15T07:22:44","modified_gmt":"2023-01-15T10:22:44","slug":"santana-do-mundau-celebra-festa-da-padroeira-com-programacao-religiosa-e-artistica","status":"publish","type":"post","link":"http:\/\/www.muricionline.com.br\/novo\/?p=18992","title":{"rendered":"Santana do Munda\u00fa celebra festa da Padroeira com programa\u00e7\u00e3o religiosa e art\u00edstica"},"content":{"rendered":"<p>Fi\u00e9is e devotos de Santana do Munda\u00fa est\u00e3o em festa para celebrar a padroeira do munic\u00edpio, Senhora Sant\u2019Ana. A programa\u00e7\u00e3o religiosa do principal evento cat\u00f3lico da cidade, \u00e9 conduzida pelo Pe. C\u00edcero, e segue at\u00e9 o domingo (22), com missa, ter\u00e7o, evangeliza show, quermesse e a aguardada prociss\u00e3o.<\/p>\n<p>J\u00e1 na programa\u00e7\u00e3o art\u00edstica, a prefeitura preparou uma programa\u00e7\u00e3o especial que promete reunir &#8211; no centro da cidade, pessoas de todas as idades ao som de grandes sucessos. No s\u00e1bado (21), a festa fica por conta de Gal\u00e3, Samya Maia e Dan Ventura; no domingo (22), o p\u00fablico contar\u00e1 com os shows de Luan Estilizado, Peruano e Highlander.<\/p>\n<p>\u201cAp\u00f3s nosso munic\u00edpio ser atingido pela enchente, 2022 ficou marcado pela supera\u00e7\u00e3o e garra da nossa gente. Por isso, nada mais importante que aproveitarmos essa tradi\u00e7\u00e3o religiosa para fortalecer nossa f\u00e9 e, com uni\u00e3o, pedirmos \u00e0s ben\u00e7\u00e3os da nossa padroeira Senhora Sant\u2019Ana para que tenhamos um 2023 de muitas alegrias e realiza\u00e7\u00f5es. Tamb\u00e9m resgatamos a programa\u00e7\u00e3o art\u00edstica e teremos dois dias de muita m\u00fasica e anima\u00e7\u00e3o ao som de grandes artistas. Estamos preparando tudo com muito carinho, para que os mundauenses e visitantes possam curtir a festa com alegria e em seguran\u00e7a. Est\u00e3o todos convidados\u201d, disse o prefeito Arthur Freitas.<\/p>\n<p>*Festa de Senhora Sant\u2019Ana*<br \/>\nSantana do Munda\u00fa<\/p>\n<p>Programa\u00e7\u00e3o religiosa: de 13 a 22 de janeiro<br \/>\nPrograma\u00e7\u00e3o art\u00edstica:<br \/>\nS\u00e1bado (21) Gal\u00e3, Samya Maia e Dan Ventura; Domingo (22) Luan Estilizado, Peruano e Highlander.<\/p>\n<p>&nbsp;<\/p>\n<p>Com Assessoria&nbsp;<\/p>\n<p><a href=\"http:\/\/www.muricionline.com.br\/novo\/wp-content\/uploads\/2023\/01\/82E557EC-1EAF-490A-8068-FECE9DCD1082.jpeg\"><img loading=\"lazy\" decoding=\"async\" class=\"aligncenter size-full wp-image-18995\" src=\"http:\/\/www.muricionline.com.br\/novo\/wp-content\/uploads\/2023\/01\/82E557EC-1EAF-490A-8068-FECE9DCD1082.jpeg\" alt=\"\" width=\"1000\" height=\"1200\" srcset=\"http:\/\/www.muricionline.com.br\/novo\/wp-content\/uploads\/2023\/01\/82E557EC-1EAF-490A-8068-FECE9DCD1082.jpeg 1000w, http:\/\/www.muricionline.com.br\/novo\/wp-content\/uploads\/2023\/01\/82E557EC-1EAF-490A-8068-FECE9DCD1082-250x300.jpeg 250w, http:\/\/www.muricionline.com.br\/novo\/wp-content\/uploads\/2023\/01\/82E557EC-1EAF-490A-8068-FECE9DCD1082-768x922.jpeg 768w, http:\/\/www.muricionline.com.br\/novo\/wp-content\/uploads\/2023\/01\/82E557EC-1EAF-490A-8068-FECE9DCD1082-667x800.jpeg 667w\" sizes=\"(max-width: 1000px) 100vw, 1000px\" \/><\/a><\/p>\n<span style=\"clear:both;display:none;\"><img src=\"http:\/\/www.muricionline.com.br\/novo\/wp-content\/plugins\/wp-spamfree\/img\/wpsf-img.php\" width=\"0\" height=\"0\" alt=\"\" style=\"border-style:none;width:0px;height:0px;display:none;\" \/><\/span>","protected":false},"excerpt":{"rendered":"<p>Fi\u00e9is e devotos de Santana do Munda\u00fa est\u00e3o em festa para celebrar a padroeira do munic\u00edpio, Senhora Sant\u2019Ana. A programa\u00e7\u00e3o religiosa do principal evento cat\u00f3lico da cidade, \u00e9 conduzida pelo Pe. C\u00edcero, e segue at\u00e9 o domingo (22), com missa, ter\u00e7o, evangeliza show, quermesse e a aguardada prociss\u00e3o. J\u00e1 na programa\u00e7\u00e3o art\u00edstica, a prefeitura preparou&#8230;<\/p>\n","protected":false},"author":1,"featured_media":18993,"comment_status":"open","ping_status":"open","sticky":false,"template":"","format":"standard","meta":{"footnotes":""},"categories":[1],"tags":[5],"_links":{"self":[{"href":"http:\/\/www.muricionline.com.br\/novo\/index.php?rest_route=\/wp\/v2\/posts\/18992"}],"collection":[{"href":"http:\/\/www.muricionline.com.br\/novo\/index.php?rest_route=\/wp\/v2\/posts"}],"about":[{"href":"http:\/\/www.muricionline.com.br\/novo\/index.php?rest_route=\/wp\/v2\/types\/post"}],"author":[{"embeddable":true,"href":"http:\/\/www.muricionline.com.br\/novo\/index.php?rest_route=\/wp\/v2\/users\/1"}],"replies":[{"embeddable":true,"href":"http:\/\/www.muricionline.com.br\/novo\/index.php?rest_route=%2Fwp%2Fv2%2Fcomments&post=18992"}],"version-history":[{"count":2,"href":"http:\/\/www.muricionline.com.br\/novo\/index.php?rest_route=\/wp\/v2\/posts\/18992\/revisions"}],"predecessor-version":[{"id":18996,"href":"http:\/\/www.muricionline.com.br\/novo\/index.php?rest_route=\/wp\/v2\/posts\/18992\/revisions\/18996"}],"wp:featuredmedia":[{"embeddable":true,"href":"http:\/\/www.muricionline.com.br\/novo\/index.php?rest_route=\/wp\/v2\/media\/18993"}],"wp:attachment":[{"href":"http:\/\/www.muricionline.com.br\/novo\/index.php?rest_route=%2Fwp%2Fv2%2Fmedia&parent=18992"}],"wp:term":[{"taxonomy":"category","embeddable":true,"href":"http:\/\/www.muricionline.com.br\/novo\/index.php?rest_route=%2Fwp%2Fv2%2Fcategories&post=18992"},{"taxonomy":"post_tag","embeddable":true,"href":"http:\/\/www.muricionline.com.br\/novo\/index.php?rest_route=%2Fwp%2Fv2%2Ftags&post=18992"}],"curies":[{"name":"wp","href":"https:\/\/api.w.org\/{rel}","templated":true}]}}