{"id":19000,"date":"2023-01-16T21:52:07","date_gmt":"2023-01-17T00:52:07","guid":{"rendered":"http:\/\/www.muricionline.com.br\/novo\/?p=19000"},"modified":"2023-01-16T21:52:07","modified_gmt":"2023-01-17T00:52:07","slug":"renan-filho-apresentara-plano-de-100-dias-nesta-terca-feira-17","status":"publish","type":"post","link":"http:\/\/www.muricionline.com.br\/novo\/?p=19000","title":{"rendered":"Renan Filho apresentar\u00e1 plano de 100 dias nesta ter\u00e7a-feira (17)"},"content":{"rendered":"<p>O ministro dos Transportes, <strong><a href=\"https:\/\/www.br104.com.br\/tag\/renan-filho\/\" target=\"_blank\" rel=\"noopener noreferrer\">Renan Filho<\/a><\/strong>, divulgou, na manh\u00e3 desta segunda-feira (16\/1), durante uma entrevista concedida \u00e0 TV Gazeta de Alagoas, que o plano de a\u00e7\u00e3o para os primeiros 100 dias de seu minist\u00e9rio ser\u00e1 apresentado nesta ter\u00e7a-feira (17).<\/p>\n<p>Segundo o ministro, a prioridade do plano \u00e9 a retomada de obras que foram estagnadas por falta de recursos, al\u00e9m da an\u00e1lise dos contratos de mais de 15 mil quil\u00f4metros de rodovias e a amplia\u00e7\u00e3o da participa\u00e7\u00e3o do setor privado no novo governo.<\/p>\n<p class=\"p1\">Para o estado de Alagoas, Renan Filho refor\u00e7ou o que j\u00e1 havia informado durante uma coletiva de imprensa na semana passada, onde <strong><a href=\"https:\/\/www.br104.com.br\/alagoas\/renan-filho-anuncia-construcao-de-anel-rodoviario-em-maceio\/\" target=\"_blank\" rel=\"noopener noreferrer\">falou a respeito do Anel Rodovi\u00e1rio<\/a><\/strong> em <a href=\"https:\/\/www.br104.com.br\/tag\/maceio\/\" target=\"_blank\" rel=\"noopener noreferrer\"><strong>Macei\u00f3<\/strong><\/a> e outros servi\u00e7os que o Minist\u00e9rio dos Transportes ir\u00e1 realizar no estado.<\/p>\n<p class=\"p1\"><em>\u201cO compromisso que assumimos, junto com o presidente Lula, \u00e9 a duplica\u00e7\u00e3o da BR-101 no Nordeste. Recebi dele [Lula] a miss\u00e3o de concluir essas obras para melhorar o escoamento da produ\u00e7\u00e3o e fortalecer o turismo, o que deve gerar mais emprego e renda para a regi\u00e3o\u201d<\/em>, explicou.<\/p>\n<p class=\"p1\">Para o ministro, um dos grandes triunfos de sua gest\u00e3o no Minist\u00e9rio dos Transportes ser\u00e1 a aproxima\u00e7\u00e3o com a iniciativa privada, ampliando os investimentos na pasta, uma vez que, segundo ele, o poder p\u00fablico n\u00e3o teria caixa suficiente para alcan\u00e7ar todas as esferas.<\/p>\n<p>Com BR104<\/p>\n<span style=\"clear:both;display:none;\"><img src=\"http:\/\/www.muricionline.com.br\/novo\/wp-content\/plugins\/wp-spamfree\/img\/wpsf-img.php\" width=\"0\" height=\"0\" alt=\"\" style=\"border-style:none;width:0px;height:0px;display:none;\" \/><\/span>","protected":false},"excerpt":{"rendered":"<p>O ministro dos Transportes, Renan Filho, divulgou, na manh\u00e3 desta segunda-feira (16\/1), durante uma entrevista concedida \u00e0 TV Gazeta de Alagoas, que o plano de a\u00e7\u00e3o para os primeiros 100 dias de seu minist\u00e9rio ser\u00e1 apresentado nesta ter\u00e7a-feira (17). Segundo o ministro, a prioridade do plano \u00e9 a retomada de obras que foram estagnadas por&#8230;<\/p>\n","protected":false},"author":1,"featured_media":19001,"comment_status":"open","ping_status":"open","sticky":false,"template":"","format":"standard","meta":{"footnotes":""},"categories":[1],"tags":[5],"_links":{"self":[{"href":"http:\/\/www.muricionline.com.br\/novo\/index.php?rest_route=\/wp\/v2\/posts\/19000"}],"collection":[{"href":"http:\/\/www.muricionline.com.br\/novo\/index.php?rest_route=\/wp\/v2\/posts"}],"about":[{"href":"http:\/\/www.muricionline.com.br\/novo\/index.php?rest_route=\/wp\/v2\/types\/post"}],"author":[{"embeddable":true,"href":"http:\/\/www.muricionline.com.br\/novo\/index.php?rest_route=\/wp\/v2\/users\/1"}],"replies":[{"embeddable":true,"href":"http:\/\/www.muricionline.com.br\/novo\/index.php?rest_route=%2Fwp%2Fv2%2Fcomments&post=19000"}],"version-history":[{"count":1,"href":"http:\/\/www.muricionline.com.br\/novo\/index.php?rest_route=\/wp\/v2\/posts\/19000\/revisions"}],"predecessor-version":[{"id":19002,"href":"http:\/\/www.muricionline.com.br\/novo\/index.php?rest_route=\/wp\/v2\/posts\/19000\/revisions\/19002"}],"wp:featuredmedia":[{"embeddable":true,"href":"http:\/\/www.muricionline.com.br\/novo\/index.php?rest_route=\/wp\/v2\/media\/19001"}],"wp:attachment":[{"href":"http:\/\/www.muricionline.com.br\/novo\/index.php?rest_route=%2Fwp%2Fv2%2Fmedia&parent=19000"}],"wp:term":[{"taxonomy":"category","embeddable":true,"href":"http:\/\/www.muricionline.com.br\/novo\/index.php?rest_route=%2Fwp%2Fv2%2Fcategories&post=19000"},{"taxonomy":"post_tag","embeddable":true,"href":"http:\/\/www.muricionline.com.br\/novo\/index.php?rest_route=%2Fwp%2Fv2%2Ftags&post=19000"}],"curies":[{"name":"wp","href":"https:\/\/api.w.org\/{rel}","templated":true}]}}