{"id":19017,"date":"2023-01-17T06:24:33","date_gmt":"2023-01-17T09:24:33","guid":{"rendered":"http:\/\/www.muricionline.com.br\/novo\/?p=19017"},"modified":"2023-01-17T12:17:44","modified_gmt":"2023-01-17T15:17:44","slug":"19017","status":"publish","type":"post","link":"http:\/\/www.muricionline.com.br\/novo\/?p=19017","title":{"rendered":"Em S\u00e3o Jos\u00e9 da Laje, prefeita Angela Vanessa anuncia envio \u00e0 c\u00e2mara municipal do projeto de lei para o pagamentos dos precat\u00f3rios do Fundef aos professores"},"content":{"rendered":"<p>A Prefeita de S\u00e3o Jos\u00e9 da Laje, Angela Vanessa, anunciou o envio \u00e0 C\u00e2mara Municipal de um Projeto de Lei para destinar 60% das verbas dos precat\u00f3rios do Fundo de Manuten\u00e7\u00e3o e Desenvolvimento do Ensino Fundamental e de Valoriza\u00e7\u00e3o do Magist\u00e9rio (Fundef) para o pagamento de docentes da Rede Municipal de Ensino, que corresponde a um montante de R$25 milh\u00f5es de reais, que se destinar\u00e3o a um total de 200 professores contratados e efetivos, que prestaram servi\u00e7os entre o per\u00edodo de 1998 e 2006.<\/p>\n<div>&nbsp;<\/div>\n<div>\u201cEsta entrega do Projeto de Lei para aprova\u00e7\u00e3o na C\u00e2mara \u00e9 mais uma etapa dos encaminhamentos legais necess\u00e1rios ao pagamento de responsabilidade da gest\u00e3o municipal, que sempre teve a valoriza\u00e7\u00e3o da categoria e o reconhecimento dos direitos dos profissionais da Educa\u00e7\u00e3o como pauta priorit\u00e1ria\u201d, ressalta a Secret\u00e1ria da Educa\u00e7\u00e3o, Glaudes Souza.<\/div>\n<div>&nbsp;<\/div>\n<div>A valoriza\u00e7\u00e3o dos profissionais da Educa\u00e7\u00e3o tem sido um marco na gest\u00e3o da Prefeita Angela Vanessa, dando continuidade ao governo do ex-Prefeito Rodrigo Valen\u00e7a, momento em que teve o inicio do planejamento para o pagamento dos precat\u00f3rios do Fundef, com valoriza\u00e7\u00e3o e investimentos jamais vistos anteriormente no munic\u00edpio.&nbsp;<\/div>\n<div>&nbsp;<\/div>\n<div>Com escolas amplas e equipadas, professores qualificados, \u00edndices educacionais &nbsp;em destaque, tratando-se de investimento na Educa\u00e7\u00e3o de S\u00e3o Jos\u00e9 da Laje, o munic\u00edpio est\u00e1 entre as primeiras cidades de Alagoas e j\u00e1 foi destaque nacional na alfabetiza\u00e7\u00e3o de crian\u00e7as.&nbsp;<\/div>\n<div>A Prefeita Angela Vanessa, que encerrou o ano de 2022 realizando o pagamento de um 14\u00ba sal\u00e1rio aos servidores da educa\u00e7\u00e3o, comentou sobre o an\u00fancio do pagamento dos precat\u00f3rios do Fundef: \u201c\u00c9 com muita alegria que anunciamos o envio do &nbsp;Projeto de Lei para autoriza\u00e7\u00e3o do pagamento dos precat\u00f3rios, uma pauta importante para cerca de 200 professores. Esse planejamento teve in\u00edcio na gest\u00e3o do ex-Prefeito Rodrigo Valen\u00e7a e com muito empenho do nosso departamento jur\u00eddico, al\u00e9m da transpar\u00eancia administrativa e t\u00e9cnica da nossa gest\u00e3o, os precat\u00f3rios muito em breve ser\u00e3o pagos, com inje\u00e7\u00e3o de cerca de R$ 25 milh\u00f5es na nossa economia local. Vamos seguir trabalhando para ofertar a todos os servidores e ex-servidores, bem como a toda a popula\u00e7\u00e3o uma gest\u00e3o de qualidade que a cada dia valoriza mais as pessoas.\u201d Finaliza a Prefeita Angela Vanessa.<\/div>\n<div>&nbsp;<\/div>\n<div>Com Ascom Seduc \/S\u00e3o Jos\u00e9 da Laje<\/div>\n<span style=\"clear:both;display:none;\"><img src=\"http:\/\/www.muricionline.com.br\/novo\/wp-content\/plugins\/wp-spamfree\/img\/wpsf-img.php\" width=\"0\" height=\"0\" alt=\"\" style=\"border-style:none;width:0px;height:0px;display:none;\" \/><\/span>","protected":false},"excerpt":{"rendered":"<p>A Prefeita de S\u00e3o Jos\u00e9 da Laje, Angela Vanessa, anunciou o envio \u00e0 C\u00e2mara Municipal de um Projeto de Lei para destinar 60% das verbas dos precat\u00f3rios do Fundo de Manuten\u00e7\u00e3o e Desenvolvimento do Ensino Fundamental e de Valoriza\u00e7\u00e3o do Magist\u00e9rio (Fundef) para o pagamento de docentes da Rede Municipal de Ensino, que corresponde a&#8230;<\/p>\n","protected":false},"author":1,"featured_media":19018,"comment_status":"open","ping_status":"open","sticky":false,"template":"","format":"standard","meta":{"footnotes":""},"categories":[1],"tags":[5],"_links":{"self":[{"href":"http:\/\/www.muricionline.com.br\/novo\/index.php?rest_route=\/wp\/v2\/posts\/19017"}],"collection":[{"href":"http:\/\/www.muricionline.com.br\/novo\/index.php?rest_route=\/wp\/v2\/posts"}],"about":[{"href":"http:\/\/www.muricionline.com.br\/novo\/index.php?rest_route=\/wp\/v2\/types\/post"}],"author":[{"embeddable":true,"href":"http:\/\/www.muricionline.com.br\/novo\/index.php?rest_route=\/wp\/v2\/users\/1"}],"replies":[{"embeddable":true,"href":"http:\/\/www.muricionline.com.br\/novo\/index.php?rest_route=%2Fwp%2Fv2%2Fcomments&post=19017"}],"version-history":[{"count":5,"href":"http:\/\/www.muricionline.com.br\/novo\/index.php?rest_route=\/wp\/v2\/posts\/19017\/revisions"}],"predecessor-version":[{"id":19029,"href":"http:\/\/www.muricionline.com.br\/novo\/index.php?rest_route=\/wp\/v2\/posts\/19017\/revisions\/19029"}],"wp:featuredmedia":[{"embeddable":true,"href":"http:\/\/www.muricionline.com.br\/novo\/index.php?rest_route=\/wp\/v2\/media\/19018"}],"wp:attachment":[{"href":"http:\/\/www.muricionline.com.br\/novo\/index.php?rest_route=%2Fwp%2Fv2%2Fmedia&parent=19017"}],"wp:term":[{"taxonomy":"category","embeddable":true,"href":"http:\/\/www.muricionline.com.br\/novo\/index.php?rest_route=%2Fwp%2Fv2%2Fcategories&post=19017"},{"taxonomy":"post_tag","embeddable":true,"href":"http:\/\/www.muricionline.com.br\/novo\/index.php?rest_route=%2Fwp%2Fv2%2Ftags&post=19017"}],"curies":[{"name":"wp","href":"https:\/\/api.w.org\/{rel}","templated":true}]}}